{"id":1081,"date":"2026-01-21T08:19:00","date_gmt":"2026-01-21T08:19:00","guid":{"rendered":"https:\/\/fundaciocoravant.org\/el-taller-virtual-de-relajacion-vuelve-este-febrero-con-nuevas-sesiones\/"},"modified":"2026-01-21T08:24:30","modified_gmt":"2026-01-21T08:24:30","slug":"el-taller-virtual-de-relajacion-vuelve-este-febrero-con-nuevas-sesiones","status":"publish","type":"post","link":"https:\/\/fundaciocoravant.org\/es\/el-taller-virtual-de-relajacion-vuelve-este-febrero-con-nuevas-sesiones\/","title":{"rendered":"El taller virtual de relajaci\u00f3n vuelve este febrero con nuevas sesiones"},"content":{"rendered":"\n<p>El mes de febrero reprendemos el <strong>taller virtual de relajaci\u00f3n Cuerpo y Mente 2025-2026<\/strong> donde practicamos <strong>ejercicios de correcci\u00f3n postural y estiramientos<\/strong>, <strong>respiraci\u00f3n consciente<\/strong> y <strong>visualizaci\u00f3n<\/strong>, con el objetivo de favorecer un estado de calma y bienestar f\u00edsico y mental.<\/p>\n\n\n\n<p><strong>\u00bfA qui\u00e9n se dirige?<\/strong><\/p>\n\n\n\n<ul class=\"wp-block-list\">\n<li>Personas j\u00f3venes y adultas que viven con una cardiopat\u00eda<\/li>\n\n\n\n<li>Padres y madres de hijos o hijas con cardiopat\u00eda<\/li>\n\n\n\n<li>P\u00fablico en general interesado en la relajaci\u00f3n y el autocuidado<\/li>\n<\/ul>\n\n\n\n<p><strong>Informaci\u00f3n pr\u00e1ctica:<\/strong><\/p>\n\n\n\n<p>Inicio: <strong>lunes 2 de febrero de 2026<\/strong><br>Horario: <strong>de 16 a 17 h<\/strong><br>Periodicidad: <strong>semanal, los lunes<\/strong> (excepto fiestas escolares o puentes)<br>Formato: <strong>online <\/strong>(te enviaremos el enlace de la sesi\u00f3n)<br>Coordinaci\u00f3n: <strong>Rosana Moyano<\/strong>, psic\u00f3loga sanitaria de la entidad<\/p>\n\n\n\n<p><strong>Precio:<\/strong><\/p>\n\n\n\n<ul class=\"wp-block-list\">\n<li><strong>Socios y socias de la Asociaci\u00f3n de Cardiopat\u00edas Cong\u00e9nitas (AACIC) o de la Fundaci\u00f3n CorAvant<\/strong>: 30\u20ac\/trimestre o 12\u20ac\/mes<\/li>\n\n\n\n<li><strong>Personas no socias<\/strong>: 40\u20ac\/trimestre o 15\u20ac\/mes<\/li>\n<\/ul>\n\n\n\n<p><strong>Pago<\/strong>: n\u00fameros de cuenta de la Fundaci\u00f3n CorAvant:<\/p>\n\n\n\n<ul class=\"wp-block-list\">\n<li>BBVA: ES42 0182 7301 7902 0020 1965<\/li>\n\n\n\n<li>La Caixa: ES15 2100 0812 1102 0075 6055<\/li>\n<\/ul>\n\n\n\n<p>En el <strong>asunto <\/strong>de pago indica: <strong>Taller Relax + Nombre y apellidos<\/strong><\/p>\n\n\n\n<h2 class=\"wp-block-heading\">Si te apetece regalarte este espacio de calma y autocuidado, te esperamos con muchas ganas<\/h2>\n\n\n\n<p>D\u00e9janos tus datos y \u00a1ap\u00fantate!<\/p>\n\n\n\n<div class=\"wp-block-contact-form-7-contact-form-selector\">\n<div class=\"wpcf7 no-js\" id=\"wpcf7-f386-o1\" lang=\"ca\" dir=\"ltr\" data-wpcf7-id=\"386\">\n<div class=\"screen-reader-response\"><p role=\"status\" aria-live=\"polite\" aria-atomic=\"true\"><\/p> <ul><\/ul><\/div>\n<form action=\"\/es\/wp-json\/wp\/v2\/posts\/1081#wpcf7-f386-o1\" method=\"post\" class=\"wpcf7-form init\" aria-label=\"Formulari de contacte\" novalidate=\"novalidate\" data-status=\"init\">\n<fieldset class=\"hidden-fields-container\"><input type=\"hidden\" name=\"_wpcf7\" value=\"386\" \/><input type=\"hidden\" name=\"_wpcf7_version\" value=\"6.1.5\" \/><input type=\"hidden\" name=\"_wpcf7_locale\" value=\"ca\" \/><input type=\"hidden\" name=\"_wpcf7_unit_tag\" value=\"wpcf7-f386-o1\" \/><input type=\"hidden\" name=\"_wpcf7_container_post\" value=\"0\" \/><input type=\"hidden\" name=\"_wpcf7_posted_data_hash\" value=\"\" \/><input type=\"hidden\" name=\"_wpcf7_recaptcha_response\" value=\"\" \/>\n<\/fieldset>\n<p>Nombre y apellidos*\n<\/p>\n<p><span class=\"wpcf7-form-control-wrap\" data-name=\"text-956\"><input size=\"40\" maxlength=\"400\" class=\"wpcf7-form-control wpcf7-text wpcf7-validates-as-required\" aria-required=\"true\" aria-invalid=\"false\" value=\"\" type=\"text\" name=\"text-956\" \/><\/span>\n<\/p>\n<p>Edad*\n<\/p>\n<p><span class=\"wpcf7-form-control-wrap\" data-name=\"text-729\"><input size=\"40\" maxlength=\"400\" class=\"wpcf7-form-control wpcf7-text wpcf7-validates-as-required\" aria-required=\"true\" aria-invalid=\"false\" value=\"\" type=\"text\" name=\"text-729\" \/><\/span>\n<\/p>\n<p>Poblaci\u00f3n*\n<\/p>\n<p><span class=\"wpcf7-form-control-wrap\" data-name=\"text-688\"><input size=\"40\" maxlength=\"400\" class=\"wpcf7-form-control wpcf7-text wpcf7-validates-as-required\" aria-required=\"true\" aria-invalid=\"false\" value=\"\" type=\"text\" name=\"text-688\" \/><\/span>\n<\/p>\n<p>Correo electr\u00f3nico*\n<\/p>\n<p><span class=\"wpcf7-form-control-wrap\" data-name=\"email-650\"><input size=\"40\" maxlength=\"400\" class=\"wpcf7-form-control wpcf7-email wpcf7-validates-as-required wpcf7-text wpcf7-validates-as-email\" aria-required=\"true\" aria-invalid=\"false\" value=\"\" type=\"email\" name=\"email-650\" \/><\/span>\n<\/p>\n<p>N\u00famero de tel\u00e9fono*\n<\/p>\n<p><span class=\"wpcf7-form-control-wrap\" data-name=\"tel-903\"><input size=\"40\" maxlength=\"400\" class=\"wpcf7-form-control wpcf7-tel wpcf7-validates-as-required wpcf7-text wpcf7-validates-as-tel\" aria-required=\"true\" aria-invalid=\"false\" value=\"\" type=\"tel\" name=\"tel-903\" \/><\/span>\n<\/p>\n<p>\u00bfEres socio o socia de la Fundaci\u00f3n CorAvant o de AACIC (Asociaci\u00f3n de Cardiopat\u00edas Cong\u00e9nitas)?*\n<\/p>\n<p><span class=\"wpcf7-form-control-wrap\" data-name=\"radio-359\"><span class=\"wpcf7-form-control wpcf7-radio\"><span class=\"wpcf7-list-item first\"><label><input type=\"radio\" name=\"radio-359\" value=\"S\u00ed\" \/><span class=\"wpcf7-list-item-label\">S\u00ed<\/span><\/label><\/span><span class=\"wpcf7-list-item last\"><label><input type=\"radio\" name=\"radio-359\" value=\"No\" \/><span class=\"wpcf7-list-item-label\">No<\/span><\/label><\/span><\/span><\/span>\n<\/p>\n<p>Escoge la cuota que m\u00e1s se adapte a ti*\n<\/p>\n<p><span class=\"wpcf7-form-control-wrap\" data-name=\"radio-36\"><span class=\"wpcf7-form-control wpcf7-radio\"><span class=\"wpcf7-list-item first\"><label><input type=\"radio\" name=\"radio-36\" value=\"Trimestral\" \/><span class=\"wpcf7-list-item-label\">Trimestral<\/span><\/label><\/span><span class=\"wpcf7-list-item last\"><label><input type=\"radio\" name=\"radio-36\" value=\"Mensual\" \/><span class=\"wpcf7-list-item-label\">Mensual<\/span><\/label><\/span><\/span><\/span>\n<\/p>\n<p>\u00bfQuieres recibir informaci\u00f3n de todo lo qu\u00e9 hacemos?*\n<\/p>\n<p><span class=\"wpcf7-form-control-wrap\" data-name=\"radio-252\"><span class=\"wpcf7-form-control wpcf7-radio\"><span class=\"wpcf7-list-item first\"><label><input type=\"radio\" name=\"radio-252\" value=\"S\u00ed, tinc un\/a fill\/a amb cardiopatia\" \/><span class=\"wpcf7-list-item-label\">S\u00ed, tinc un\/a fill\/a amb cardiopatia<\/span><\/label><\/span><span class=\"wpcf7-list-item\"><label><input type=\"radio\" name=\"radio-252\" value=\"S\u00ed, tinc un\/a familiar amb cardiopatia\" \/><span class=\"wpcf7-list-item-label\">S\u00ed, tinc un\/a familiar amb cardiopatia<\/span><\/label><\/span><span class=\"wpcf7-list-item\"><label><input type=\"radio\" name=\"radio-252\" value=\"S\u00ed, tinc una cardiopatia\" \/><span class=\"wpcf7-list-item-label\">S\u00ed, tinc una cardiopatia<\/span><\/label><\/span><span class=\"wpcf7-list-item\"><label><input type=\"radio\" name=\"radio-252\" value=\"S\u00ed, perqu\u00e8...\" \/><span class=\"wpcf7-list-item-label\">S\u00ed, perqu\u00e8...<\/span><\/label><\/span><span class=\"wpcf7-list-item last\"><label><input type=\"radio\" name=\"radio-252\" value=\"No\" \/><span class=\"wpcf7-list-item-label\">No<\/span><\/label><\/span><\/span><\/span>\n<\/p>\n<p>*campos obligatorios\n<\/p>\n<p><input class=\"wpcf7-form-control wpcf7-submit has-spinner\" type=\"submit\" value=\"Enviar\" \/><br \/>\n<small>Este sitio est\u00e1 protegido por reCAPTCHA y se aplican la <a href=\"https:\/\/policies.google.com\/privacy\">pol\u00edtica de privacidad<\/a> y <a href=\"https:\/\/policies.google.com\/terms\">t\u00e9rminos del servicio<\/a> de Google.<\/small><br \/>\n<small>De conformidad con lo establecido al Reglamento Europeo 2016\/679 del Parlamento Europeo y la Ley Org\u00e1nica 3\/2018 de Protecci\u00f3n de Datos Personales y Garant\u00eda de Derechos Digitales, te informamos que los datos incorporados en este formulario quedan incorporadas a los sistemas de informaci\u00f3n propiedad de la Fundaci\u00f3n CorAvant, responsable del tratamiento. <\/small><br \/>\n<small>En cualquier momento puedes ejercer los derechos de supresi\u00f3n, acceso, limitaci\u00f3n, oposici\u00f3n, portabilidad, rectificaci\u00f3n y revocaci\u00f3n del consentimiento a trav\u00e9s de la direcci\u00f3n de correo electr\u00f3nico coravant@fundaciocoravant.org<\/small><br \/>\n<small>Para m\u00e1s informaci\u00f3n sobre el tratamiento de tus datos personales <a href=\" https:\/\/fundaciocoravant.org\/es\/politica-de-privacidad\/\">consulta nuestra pol\u00edtica de privacidad en el siguiente enlace<\/a><\/small>\n<\/p><div class=\"wpcf7-response-output\" aria-hidden=\"true\"><\/div>\n<\/form>\n<\/div>\n<\/div>\n","protected":false},"excerpt":{"rendered":"<p>Un espacio semanal para pararnos, escuchas el cuerpo y cuidar nuestro bienestar emocional.<\/p>\n","protected":false},"author":1,"featured_media":172,"comment_status":"closed","ping_status":"open","sticky":false,"template":"","format":"standard","meta":{"_acf_changed":false,"give_campaign_id":0,"footnotes":""},"categories":[5],"tags":[],"class_list":["post-1081","post","type-post","status-publish","format-standard","has-post-thumbnail","hentry","category-noticias"],"acf":[],"yoast_head":"<!-- This site is optimized with the Yoast SEO plugin v27.2 - https:\/\/yoast.com\/product\/yoast-seo-wordpress\/ -->\n<title>El taller virtual de relajaci\u00f3n vuelve este febrero con nuevas sesiones - CorAvant<\/title>\n<meta name=\"robots\" content=\"index, follow, max-snippet:-1, max-image-preview:large, max-video-preview:-1\" \/>\n<link rel=\"canonical\" href=\"https:\/\/fundaciocoravant.org\/es\/el-taller-virtual-de-relajacion-vuelve-este-febrero-con-nuevas-sesiones\/\" \/>\n<meta property=\"og:locale\" content=\"es_ES\" \/>\n<meta property=\"og:type\" content=\"article\" \/>\n<meta property=\"og:title\" content=\"El taller virtual de relajaci\u00f3n vuelve este febrero con nuevas sesiones - CorAvant\" \/>\n<meta property=\"og:description\" content=\"Un espacio semanal para pararnos, escuchas el cuerpo y cuidar nuestro bienestar emocional.\" \/>\n<meta property=\"og:url\" content=\"https:\/\/fundaciocoravant.org\/es\/el-taller-virtual-de-relajacion-vuelve-este-febrero-con-nuevas-sesiones\/\" \/>\n<meta property=\"og:site_name\" content=\"CorAvant\" \/>\n<meta property=\"article:publisher\" content=\"https:\/\/www.facebook.com\/coravantaacic\" \/>\n<meta property=\"article:published_time\" content=\"2026-01-21T08:19:00+00:00\" \/>\n<meta property=\"article:modified_time\" content=\"2026-01-21T08:24:30+00:00\" \/>\n<meta property=\"og:image\" content=\"https:\/\/fundaciocoravant.org\/wp-content\/uploads\/2025\/11\/Taller-virtual-de-relaxacio-Cos-i-Ment.jpg\" \/>\n\t<meta property=\"og:image:width\" content=\"1000\" \/>\n\t<meta property=\"og:image:height\" content=\"280\" \/>\n\t<meta property=\"og:image:type\" content=\"image\/jpeg\" \/>\n<meta name=\"author\" content=\"coravant_jamgo\" \/>\n<meta name=\"twitter:card\" content=\"summary_large_image\" \/>\n<meta name=\"twitter:creator\" content=\"@coravant\" \/>\n<meta name=\"twitter:site\" content=\"@coravant\" \/>\n<meta name=\"twitter:label1\" content=\"Escrito por\" \/>\n\t<meta name=\"twitter:data1\" content=\"coravant_jamgo\" \/>\n\t<meta name=\"twitter:label2\" content=\"Tiempo de lectura\" \/>\n\t<meta name=\"twitter:data2\" content=\"2 minutos\" \/>\n<script type=\"application\/ld+json\" class=\"yoast-schema-graph\">{\"@context\":\"https:\/\/schema.org\",\"@graph\":[{\"@type\":\"Article\",\"@id\":\"https:\/\/fundaciocoravant.org\/es\/el-taller-virtual-de-relajacion-vuelve-este-febrero-con-nuevas-sesiones\/#article\",\"isPartOf\":{\"@id\":\"https:\/\/fundaciocoravant.org\/es\/el-taller-virtual-de-relajacion-vuelve-este-febrero-con-nuevas-sesiones\/\"},\"author\":{\"name\":\"coravant_jamgo\",\"@id\":\"https:\/\/fundaciocoravant.org\/#\/schema\/person\/422a0a63af72167e69fdcade0351820c\"},\"headline\":\"El taller virtual de relajaci\u00f3n vuelve este febrero con nuevas sesiones\",\"datePublished\":\"2026-01-21T08:19:00+00:00\",\"dateModified\":\"2026-01-21T08:24:30+00:00\",\"mainEntityOfPage\":{\"@id\":\"https:\/\/fundaciocoravant.org\/es\/el-taller-virtual-de-relajacion-vuelve-este-febrero-con-nuevas-sesiones\/\"},\"wordCount\":228,\"publisher\":{\"@id\":\"https:\/\/fundaciocoravant.org\/#organization\"},\"image\":{\"@id\":\"https:\/\/fundaciocoravant.org\/es\/el-taller-virtual-de-relajacion-vuelve-este-febrero-con-nuevas-sesiones\/#primaryimage\"},\"thumbnailUrl\":\"https:\/\/fundaciocoravant.org\/wp-content\/uploads\/2025\/11\/Taller-virtual-de-relaxacio-Cos-i-Ment.jpg\",\"articleSection\":[\"Noticias\"],\"inLanguage\":\"es\"},{\"@type\":\"WebPage\",\"@id\":\"https:\/\/fundaciocoravant.org\/es\/el-taller-virtual-de-relajacion-vuelve-este-febrero-con-nuevas-sesiones\/\",\"url\":\"https:\/\/fundaciocoravant.org\/es\/el-taller-virtual-de-relajacion-vuelve-este-febrero-con-nuevas-sesiones\/\",\"name\":\"El taller virtual de relajaci\u00f3n vuelve este febrero con nuevas sesiones - CorAvant\",\"isPartOf\":{\"@id\":\"https:\/\/fundaciocoravant.org\/#website\"},\"primaryImageOfPage\":{\"@id\":\"https:\/\/fundaciocoravant.org\/es\/el-taller-virtual-de-relajacion-vuelve-este-febrero-con-nuevas-sesiones\/#primaryimage\"},\"image\":{\"@id\":\"https:\/\/fundaciocoravant.org\/es\/el-taller-virtual-de-relajacion-vuelve-este-febrero-con-nuevas-sesiones\/#primaryimage\"},\"thumbnailUrl\":\"https:\/\/fundaciocoravant.org\/wp-content\/uploads\/2025\/11\/Taller-virtual-de-relaxacio-Cos-i-Ment.jpg\",\"datePublished\":\"2026-01-21T08:19:00+00:00\",\"dateModified\":\"2026-01-21T08:24:30+00:00\",\"breadcrumb\":{\"@id\":\"https:\/\/fundaciocoravant.org\/es\/el-taller-virtual-de-relajacion-vuelve-este-febrero-con-nuevas-sesiones\/#breadcrumb\"},\"inLanguage\":\"es\",\"potentialAction\":[{\"@type\":\"ReadAction\",\"target\":[\"https:\/\/fundaciocoravant.org\/es\/el-taller-virtual-de-relajacion-vuelve-este-febrero-con-nuevas-sesiones\/\"]}]},{\"@type\":\"ImageObject\",\"inLanguage\":\"es\",\"@id\":\"https:\/\/fundaciocoravant.org\/es\/el-taller-virtual-de-relajacion-vuelve-este-febrero-con-nuevas-sesiones\/#primaryimage\",\"url\":\"https:\/\/fundaciocoravant.org\/wp-content\/uploads\/2025\/11\/Taller-virtual-de-relaxacio-Cos-i-Ment.jpg\",\"contentUrl\":\"https:\/\/fundaciocoravant.org\/wp-content\/uploads\/2025\/11\/Taller-virtual-de-relaxacio-Cos-i-Ment.jpg\",\"width\":1000,\"height\":280,\"caption\":\"Taller virtual de relajaci\u00f3n Cuerpo y Mente\"},{\"@type\":\"BreadcrumbList\",\"@id\":\"https:\/\/fundaciocoravant.org\/es\/el-taller-virtual-de-relajacion-vuelve-este-febrero-con-nuevas-sesiones\/#breadcrumb\",\"itemListElement\":[{\"@type\":\"ListItem\",\"position\":1,\"name\":\"Home\",\"item\":\"https:\/\/fundaciocoravant.org\/es\/\"},{\"@type\":\"ListItem\",\"position\":2,\"name\":\"El taller virtual de relajaci\u00f3n vuelve este febrero con nuevas sesiones\"}]},{\"@type\":\"WebSite\",\"@id\":\"https:\/\/fundaciocoravant.org\/#website\",\"url\":\"https:\/\/fundaciocoravant.org\/\",\"name\":\"CorAvant\",\"description\":\"Fundaci\u00f3 de joves i adults amb cardiopatia\",\"publisher\":{\"@id\":\"https:\/\/fundaciocoravant.org\/#organization\"},\"potentialAction\":[{\"@type\":\"SearchAction\",\"target\":{\"@type\":\"EntryPoint\",\"urlTemplate\":\"https:\/\/fundaciocoravant.org\/?s={search_term_string}\"},\"query-input\":{\"@type\":\"PropertyValueSpecification\",\"valueRequired\":true,\"valueName\":\"search_term_string\"}}],\"inLanguage\":\"es\"},{\"@type\":\"Organization\",\"@id\":\"https:\/\/fundaciocoravant.org\/#organization\",\"name\":\"CorAvant\",\"url\":\"https:\/\/fundaciocoravant.org\/\",\"logo\":{\"@type\":\"ImageObject\",\"inLanguage\":\"es\",\"@id\":\"https:\/\/fundaciocoravant.org\/#\/schema\/logo\/image\/\",\"url\":\"https:\/\/fundaciocoravant.org\/wp-content\/uploads\/2025\/11\/cropped-cropped-LOGO_CORAVANT-15-anys_CASTELLANO.png\",\"contentUrl\":\"https:\/\/fundaciocoravant.org\/wp-content\/uploads\/2025\/11\/cropped-cropped-LOGO_CORAVANT-15-anys_CASTELLANO.png\",\"width\":1404,\"height\":979,\"caption\":\"CorAvant\"},\"image\":{\"@id\":\"https:\/\/fundaciocoravant.org\/#\/schema\/logo\/image\/\"},\"sameAs\":[\"https:\/\/www.facebook.com\/coravantaacic\",\"https:\/\/x.com\/coravant\",\"https:\/\/www.instagram.com\/coravantaacic\/\",\"https:\/\/www.youtube.com\/@CorAvantAACIC_cardiopaties\",\"https:\/\/www.linkedin.com\/company\/fundacio-coravant\/\"]},{\"@type\":\"Person\",\"@id\":\"https:\/\/fundaciocoravant.org\/#\/schema\/person\/422a0a63af72167e69fdcade0351820c\",\"name\":\"coravant_jamgo\",\"sameAs\":[\"https:\/\/fundaciocoravant.org\"],\"url\":\"https:\/\/fundaciocoravant.org\/es\/author\/coravant_jamgo\/\"}]}<\/script>\n<!-- \/ Yoast SEO plugin. -->","yoast_head_json":{"title":"El taller virtual de relajaci\u00f3n vuelve este febrero con nuevas sesiones - CorAvant","robots":{"index":"index","follow":"follow","max-snippet":"max-snippet:-1","max-image-preview":"max-image-preview:large","max-video-preview":"max-video-preview:-1"},"canonical":"https:\/\/fundaciocoravant.org\/es\/el-taller-virtual-de-relajacion-vuelve-este-febrero-con-nuevas-sesiones\/","og_locale":"es_ES","og_type":"article","og_title":"El taller virtual de relajaci\u00f3n vuelve este febrero con nuevas sesiones - CorAvant","og_description":"Un espacio semanal para pararnos, escuchas el cuerpo y cuidar nuestro bienestar emocional.","og_url":"https:\/\/fundaciocoravant.org\/es\/el-taller-virtual-de-relajacion-vuelve-este-febrero-con-nuevas-sesiones\/","og_site_name":"CorAvant","article_publisher":"https:\/\/www.facebook.com\/coravantaacic","article_published_time":"2026-01-21T08:19:00+00:00","article_modified_time":"2026-01-21T08:24:30+00:00","og_image":[{"width":1000,"height":280,"url":"https:\/\/fundaciocoravant.org\/wp-content\/uploads\/2025\/11\/Taller-virtual-de-relaxacio-Cos-i-Ment.jpg","type":"image\/jpeg"}],"author":"coravant_jamgo","twitter_card":"summary_large_image","twitter_creator":"@coravant","twitter_site":"@coravant","twitter_misc":{"Escrito por":"coravant_jamgo","Tiempo de lectura":"2 minutos"},"schema":{"@context":"https:\/\/schema.org","@graph":[{"@type":"Article","@id":"https:\/\/fundaciocoravant.org\/es\/el-taller-virtual-de-relajacion-vuelve-este-febrero-con-nuevas-sesiones\/#article","isPartOf":{"@id":"https:\/\/fundaciocoravant.org\/es\/el-taller-virtual-de-relajacion-vuelve-este-febrero-con-nuevas-sesiones\/"},"author":{"name":"coravant_jamgo","@id":"https:\/\/fundaciocoravant.org\/#\/schema\/person\/422a0a63af72167e69fdcade0351820c"},"headline":"El taller virtual de relajaci\u00f3n vuelve este febrero con nuevas sesiones","datePublished":"2026-01-21T08:19:00+00:00","dateModified":"2026-01-21T08:24:30+00:00","mainEntityOfPage":{"@id":"https:\/\/fundaciocoravant.org\/es\/el-taller-virtual-de-relajacion-vuelve-este-febrero-con-nuevas-sesiones\/"},"wordCount":228,"publisher":{"@id":"https:\/\/fundaciocoravant.org\/#organization"},"image":{"@id":"https:\/\/fundaciocoravant.org\/es\/el-taller-virtual-de-relajacion-vuelve-este-febrero-con-nuevas-sesiones\/#primaryimage"},"thumbnailUrl":"https:\/\/fundaciocoravant.org\/wp-content\/uploads\/2025\/11\/Taller-virtual-de-relaxacio-Cos-i-Ment.jpg","articleSection":["Noticias"],"inLanguage":"es"},{"@type":"WebPage","@id":"https:\/\/fundaciocoravant.org\/es\/el-taller-virtual-de-relajacion-vuelve-este-febrero-con-nuevas-sesiones\/","url":"https:\/\/fundaciocoravant.org\/es\/el-taller-virtual-de-relajacion-vuelve-este-febrero-con-nuevas-sesiones\/","name":"El taller virtual de relajaci\u00f3n vuelve este febrero con nuevas sesiones - CorAvant","isPartOf":{"@id":"https:\/\/fundaciocoravant.org\/#website"},"primaryImageOfPage":{"@id":"https:\/\/fundaciocoravant.org\/es\/el-taller-virtual-de-relajacion-vuelve-este-febrero-con-nuevas-sesiones\/#primaryimage"},"image":{"@id":"https:\/\/fundaciocoravant.org\/es\/el-taller-virtual-de-relajacion-vuelve-este-febrero-con-nuevas-sesiones\/#primaryimage"},"thumbnailUrl":"https:\/\/fundaciocoravant.org\/wp-content\/uploads\/2025\/11\/Taller-virtual-de-relaxacio-Cos-i-Ment.jpg","datePublished":"2026-01-21T08:19:00+00:00","dateModified":"2026-01-21T08:24:30+00:00","breadcrumb":{"@id":"https:\/\/fundaciocoravant.org\/es\/el-taller-virtual-de-relajacion-vuelve-este-febrero-con-nuevas-sesiones\/#breadcrumb"},"inLanguage":"es","potentialAction":[{"@type":"ReadAction","target":["https:\/\/fundaciocoravant.org\/es\/el-taller-virtual-de-relajacion-vuelve-este-febrero-con-nuevas-sesiones\/"]}]},{"@type":"ImageObject","inLanguage":"es","@id":"https:\/\/fundaciocoravant.org\/es\/el-taller-virtual-de-relajacion-vuelve-este-febrero-con-nuevas-sesiones\/#primaryimage","url":"https:\/\/fundaciocoravant.org\/wp-content\/uploads\/2025\/11\/Taller-virtual-de-relaxacio-Cos-i-Ment.jpg","contentUrl":"https:\/\/fundaciocoravant.org\/wp-content\/uploads\/2025\/11\/Taller-virtual-de-relaxacio-Cos-i-Ment.jpg","width":1000,"height":280,"caption":"Taller virtual de relajaci\u00f3n Cuerpo y Mente"},{"@type":"BreadcrumbList","@id":"https:\/\/fundaciocoravant.org\/es\/el-taller-virtual-de-relajacion-vuelve-este-febrero-con-nuevas-sesiones\/#breadcrumb","itemListElement":[{"@type":"ListItem","position":1,"name":"Home","item":"https:\/\/fundaciocoravant.org\/es\/"},{"@type":"ListItem","position":2,"name":"El taller virtual de relajaci\u00f3n vuelve este febrero con nuevas sesiones"}]},{"@type":"WebSite","@id":"https:\/\/fundaciocoravant.org\/#website","url":"https:\/\/fundaciocoravant.org\/","name":"CorAvant","description":"Fundaci\u00f3 de joves i adults amb cardiopatia","publisher":{"@id":"https:\/\/fundaciocoravant.org\/#organization"},"potentialAction":[{"@type":"SearchAction","target":{"@type":"EntryPoint","urlTemplate":"https:\/\/fundaciocoravant.org\/?s={search_term_string}"},"query-input":{"@type":"PropertyValueSpecification","valueRequired":true,"valueName":"search_term_string"}}],"inLanguage":"es"},{"@type":"Organization","@id":"https:\/\/fundaciocoravant.org\/#organization","name":"CorAvant","url":"https:\/\/fundaciocoravant.org\/","logo":{"@type":"ImageObject","inLanguage":"es","@id":"https:\/\/fundaciocoravant.org\/#\/schema\/logo\/image\/","url":"https:\/\/fundaciocoravant.org\/wp-content\/uploads\/2025\/11\/cropped-cropped-LOGO_CORAVANT-15-anys_CASTELLANO.png","contentUrl":"https:\/\/fundaciocoravant.org\/wp-content\/uploads\/2025\/11\/cropped-cropped-LOGO_CORAVANT-15-anys_CASTELLANO.png","width":1404,"height":979,"caption":"CorAvant"},"image":{"@id":"https:\/\/fundaciocoravant.org\/#\/schema\/logo\/image\/"},"sameAs":["https:\/\/www.facebook.com\/coravantaacic","https:\/\/x.com\/coravant","https:\/\/www.instagram.com\/coravantaacic\/","https:\/\/www.youtube.com\/@CorAvantAACIC_cardiopaties","https:\/\/www.linkedin.com\/company\/fundacio-coravant\/"]},{"@type":"Person","@id":"https:\/\/fundaciocoravant.org\/#\/schema\/person\/422a0a63af72167e69fdcade0351820c","name":"coravant_jamgo","sameAs":["https:\/\/fundaciocoravant.org"],"url":"https:\/\/fundaciocoravant.org\/es\/author\/coravant_jamgo\/"}]}},"_links":{"self":[{"href":"https:\/\/fundaciocoravant.org\/es\/wp-json\/wp\/v2\/posts\/1081","targetHints":{"allow":["GET"]}}],"collection":[{"href":"https:\/\/fundaciocoravant.org\/es\/wp-json\/wp\/v2\/posts"}],"about":[{"href":"https:\/\/fundaciocoravant.org\/es\/wp-json\/wp\/v2\/types\/post"}],"author":[{"embeddable":true,"href":"https:\/\/fundaciocoravant.org\/es\/wp-json\/wp\/v2\/users\/1"}],"replies":[{"embeddable":true,"href":"https:\/\/fundaciocoravant.org\/es\/wp-json\/wp\/v2\/comments?post=1081"}],"version-history":[{"count":2,"href":"https:\/\/fundaciocoravant.org\/es\/wp-json\/wp\/v2\/posts\/1081\/revisions"}],"predecessor-version":[{"id":1083,"href":"https:\/\/fundaciocoravant.org\/es\/wp-json\/wp\/v2\/posts\/1081\/revisions\/1083"}],"wp:featuredmedia":[{"embeddable":true,"href":"https:\/\/fundaciocoravant.org\/es\/wp-json\/wp\/v2\/media\/172"}],"wp:attachment":[{"href":"https:\/\/fundaciocoravant.org\/es\/wp-json\/wp\/v2\/media?parent=1081"}],"wp:term":[{"taxonomy":"category","embeddable":true,"href":"https:\/\/fundaciocoravant.org\/es\/wp-json\/wp\/v2\/categories?post=1081"},{"taxonomy":"post_tag","embeddable":true,"href":"https:\/\/fundaciocoravant.org\/es\/wp-json\/wp\/v2\/tags?post=1081"}],"curies":[{"name":"wp","href":"https:\/\/api.w.org\/{rel}","templated":true}]}}