{"id":1559,"date":"2026-03-02T11:07:41","date_gmt":"2026-03-02T11:07:41","guid":{"rendered":"https:\/\/fundaciocoravant.org\/companeros-de-viaje\/"},"modified":"2026-03-17T12:04:23","modified_gmt":"2026-03-17T12:04:23","slug":"companeros-de-viaje","status":"publish","type":"post","link":"https:\/\/fundaciocoravant.org\/es\/companeros-de-viaje\/","title":{"rendered":"Compa\u00f1eros de viaje"},"content":{"rendered":"\n<p>No recuerdo cuando tom\u00e9 conciencia de mi compa\u00f1era de viaje. Siempre ha estado conmigo. Cuando ha estado ben\u00e9vola, su presencia ha sido imperceptible. Extremadamente discreta. Apenas, un recuerdo fugaz que me esforzaba r\u00e1pidamente para intentar ignorar. Con los a\u00f1os, ha acontecido una presencia insolente, extremadamente molesta, con la que me he acabado reconciliando aunque ha habido rabietas intermitentes cada vez que se manifiesta m\u00e1s de la cuenta.     <\/p>\n\n<p>Cuando somos j\u00f3venes, queremos pertenecer al grupo y ser aceptados por nuestros iguales. Hacer lo mismo que \u201ctodo el mundo\u201d. Desgraciadamente, todav\u00eda no somos suficientes conscientes que no hay un \u201ctodo el mundo\u201d y que cada cual hace lo que buenamente puede, tenga o no una compa\u00f1era de viaje que preferir\u00eda no tener. En cualquier caso, cuando somos j\u00f3venes, suele ser un mal momento para pensar en aquello que nos hace diferentes. Y menos todav\u00eda si es una compa\u00f1era invisible. Mejor pues, hacer ver que no existe, a\u00fan los riesgos que esto puede comportar&#8230;     <\/p>\n\n<h3 class=\"wp-block-heading\">Amenaza silenciosa<\/h3>\n\n<p>Con la edad, tomamos conciencia que una cardiopat\u00eda es mucho m\u00e1s que un estorbo pasajero. Hemos aprendido a superar, aceptar o evitar los l\u00edmites que nos marca. Su molesta presencia puede llegar a atormentarnos porque amenaza de estropearnos el viaje en cualquier momento. A toda hora, quiere marcar el paso. Nos recuerda que no nos abandonar\u00e1 nunca. Incluso, se puede dar el caso que deje de ser una amenaza silenciosa. Quiz\u00e1s la podremos sentir cada noche cuando nos estiramos y paramos la oreja, si tenemos la mala suerte que haya un silencio absoluto y estemos bastante desvelados y concentrados. Podremos sentir su insolente pero a la vez tan imprescindible tic-tac-tic-tac&#8230;       <\/p>\n\n<p>En mi caso, no solo ha dejado de ser silenciosa. La insolente, incluso ha invitado a unos amigos. Ha exigido varias puestas a punto y ya no est\u00e1 sola. A la cardiopat\u00eda le acompa\u00f1an una v\u00e1lvula nueva de trinca, medicaci\u00f3n de por vida, controles regulares y un desfibrilador. \u00a1Ya estamos todos! Con un poco de suerte, ser\u00e1 una pandilla suficiente muy avenida durante muchos y muchos a\u00f1os. Solo hay que seguir una serie de pautas y confiar en la ciencia. Al fin y al cabo, gracias a estos acompa\u00f1antes, a veces muy pesados, tenemos la suerte de poder seguir el viaje. El reto es aprender a disfrutarlo a fondo.        <\/p>\n\n<p>Los compa\u00f1eros de viaje son fundamentales para disfrutar el trayecto. Hay qui\u00e9n tiene un amigo que se llama Blai o que se llama Rai. En mi caso, se llama Dai. Se ve que el nombre completo es Desfibrilador Autom\u00e1tico Implantable. Pero en casa no le decimos nunca as\u00ed. Como yo, se ve que somos miles de personas que cada a\u00f1o tenemos el gusto de conocer a Dai. Y la cifra no para de crecer: En los \u00faltimos seis a\u00f1os se ha pasado de 7.000 a casi <a href=\"https:\/\/www.revespcardiol.org\/es-registro-espanol-desfibrilador-automatico-implantable--articulo-S030089322501440X#gallery-2\" target=\"_blank\" rel=\"noreferrer noopener\">9.000 a las personas a las cuales se les implanta cada a\u00f1o un desfibrilador en Espa\u00f1a<\/a>, seg\u00fan la Sociedad Espa\u00f1ola de Cardiolog\u00eda.      <\/p>\n\n<h3 class=\"wp-block-heading\">Guardaespaldas de bolsillo<\/h3>\n\n<p>Hay quien ni siquiera el nota. Si eres delgado como yo, lo puedes intuir bajo la piel y tienes que vigilar cuando te pones la asa de la mochila. Pero no me genera ninguna gran molestia. Es un compa\u00f1ero de viaje bastante agradecido.Es literalmente <strong>un guardaespaldas de bolsillo. No lleva vestido negro y corbata, ni gafas de sol como los guardaespaldas de las pel\u00edculas, pero te vigila y te protege mucho mejor. No tiene horarios e intenta pasar desapercibido. <\/strong>Solo te pide alejarte de los campos magn\u00e9ticos. No le gustan los tel\u00e9fonos en los bolsillos de delante, ni las resonancias magn\u00e9ticas ni las cocinas de inducci\u00f3n. Al fin y al cabo, siempre he sido m\u00e1s partidario de cocinar con gas. Los controles regulares ya los llevaba yo de serie, as\u00ed que solo hab\u00eda que a\u00f1adir una parada m\u00e1s a boxes.   <\/p>\n\n<p>A pesar de respirar tranquilos porque nos acompa\u00f1a un guardaespaldas de \u00faltima generaci\u00f3n, tampoco es para celebrarlo. No nos enga\u00f1emos. Que m\u00e1s querr\u00edamos que no estuviera all\u00e1, que nos dejara tranquilo \u00a1porque no lo necesitamos! Pero hay cosas que no podemos elegir. M\u00e1s vale acostumbrarse. En mi caso, el Dai tambi\u00e9n ha venido para quedarse. Mi cerebro se pone en alerta y todo el cuerpo se tensa cada vez que veo un arco de seguridad: en los aeropuertos, juzgados, grandes empresas&#8230; Hay m\u00e1s de los que nos pensamos. En cualquier caso, por ahora, los he ido esquivando todos y he podido coger aviones y entrar en todas partes. Y siempre, vigilado de muy cerca por la compa\u00f1era de viaje m\u00e1s fiel.         <\/p>\n\n<h3 class=\"wp-block-heading\">\u00a1Suerte de la ciencia!<\/h3>\n\n<p>La cardiopat\u00eda estar\u00e1 hasta el final del trayecto. Quiz\u00e1s de manera m\u00e1s o menos discreta, fijando l\u00edmites m\u00e1s grandes o peque\u00f1os.  <strong>Su presencia nos hace ser muy conscientes de la importancia de vivir plenamente cada momento.<\/strong> Por suerte, tambi\u00e9n nos pueden acompa\u00f1ar en el viaje el Dai, las pastillas, las revisiones, el personal m\u00e9dico&#8230; Todos ellos, nos hacen el trayecto mucho m\u00e1s agradable. \u00a1Suerte tenemos de la ciencia! No lo diremos nunca bastante. Hay que reivindicarlo, especialmente ahora que el terraplanismo gana terreno.    <\/p>\n\n<p>Por suerte, tambi\u00e9n hay otros compa\u00f1eros de viaje imprescindibles y dispuestos a hacernos la vida m\u00e1s amable. Personas con las que nos podemos sentir reflejados, personas de las que podemos aprender y que nos pueden ayudar. Pienso en otras personas con cardiopat\u00edas cong\u00e9nitas o adquiridas y, especialmente, en asociaciones de afectados y familiares, como CorAvant. Sus trabajadores y voluntarios son compa\u00f1eros de viaje que realmente merece la pena conocer.   <\/p>\n\n<p><\/p>\n\n<p><\/p>\n\n<p><strong>Carles Prats Padr\u00f3s<br\/><\/strong>Presidente de la Fundaci\u00f3n CorAvant<\/p>\n","protected":false},"excerpt":{"rendered":"<p>No recuerdo cuando tom\u00e9 conciencia de mi compa\u00f1era de viaje. Siempre ha estado conmigo.  <\/p>\n","protected":false},"author":2,"featured_media":1558,"comment_status":"closed","ping_status":"closed","sticky":false,"template":"","format":"standard","meta":{"_acf_changed":false,"give_campaign_id":0,"footnotes":""},"categories":[20],"tags":[],"class_list":["post-1559","post","type-post","status-publish","format-standard","has-post-thumbnail","hentry","category-articulos"],"acf":[],"yoast_head":"<!-- This site is optimized with the Yoast SEO plugin v27.2 - https:\/\/yoast.com\/product\/yoast-seo-wordpress\/ -->\n<title>Compa\u00f1eros de viaje - CorAvant<\/title>\n<meta name=\"robots\" content=\"index, follow, max-snippet:-1, max-image-preview:large, max-video-preview:-1\" \/>\n<link rel=\"canonical\" href=\"https:\/\/fundaciocoravant.org\/es\/companeros-de-viaje\/\" \/>\n<meta property=\"og:locale\" content=\"es_ES\" \/>\n<meta property=\"og:type\" content=\"article\" \/>\n<meta property=\"og:title\" content=\"Compa\u00f1eros de viaje - CorAvant\" \/>\n<meta property=\"og:description\" content=\"No recuerdo cuando tom\u00e9 conciencia de mi compa\u00f1era de viaje. Siempre ha estado conmigo.\" \/>\n<meta property=\"og:url\" content=\"https:\/\/fundaciocoravant.org\/es\/companeros-de-viaje\/\" \/>\n<meta property=\"og:site_name\" content=\"CorAvant\" \/>\n<meta property=\"article:publisher\" content=\"https:\/\/www.facebook.com\/coravantaacic\" \/>\n<meta property=\"article:published_time\" content=\"2026-03-02T11:07:41+00:00\" \/>\n<meta property=\"article:modified_time\" content=\"2026-03-17T12:04:23+00:00\" \/>\n<meta property=\"og:image\" content=\"https:\/\/fundaciocoravant.org\/wp-content\/uploads\/2026\/03\/Carles-Prats.jpg\" \/>\n\t<meta property=\"og:image:width\" content=\"1000\" \/>\n\t<meta property=\"og:image:height\" content=\"280\" \/>\n\t<meta property=\"og:image:type\" content=\"image\/jpeg\" \/>\n<meta name=\"author\" content=\"maria\" \/>\n<meta name=\"twitter:card\" content=\"summary_large_image\" \/>\n<meta name=\"twitter:creator\" content=\"@coravant\" \/>\n<meta name=\"twitter:site\" content=\"@coravant\" \/>\n<meta name=\"twitter:label1\" content=\"Escrito por\" \/>\n\t<meta name=\"twitter:data1\" content=\"maria\" \/>\n\t<meta name=\"twitter:label2\" content=\"Tiempo de lectura\" \/>\n\t<meta name=\"twitter:data2\" content=\"5 minutos\" \/>\n<script type=\"application\/ld+json\" class=\"yoast-schema-graph\">{\"@context\":\"https:\/\/schema.org\",\"@graph\":[{\"@type\":\"Article\",\"@id\":\"https:\/\/fundaciocoravant.org\/es\/companeros-de-viaje\/#article\",\"isPartOf\":{\"@id\":\"https:\/\/fundaciocoravant.org\/es\/companeros-de-viaje\/\"},\"author\":{\"name\":\"maria\",\"@id\":\"https:\/\/fundaciocoravant.org\/#\/schema\/person\/ddddb79ef964743dfdd6d64da1116530\"},\"headline\":\"Compa\u00f1eros de viaje\",\"datePublished\":\"2026-03-02T11:07:41+00:00\",\"dateModified\":\"2026-03-17T12:04:23+00:00\",\"mainEntityOfPage\":{\"@id\":\"https:\/\/fundaciocoravant.org\/es\/companeros-de-viaje\/\"},\"wordCount\":992,\"publisher\":{\"@id\":\"https:\/\/fundaciocoravant.org\/#organization\"},\"image\":{\"@id\":\"https:\/\/fundaciocoravant.org\/es\/companeros-de-viaje\/#primaryimage\"},\"thumbnailUrl\":\"https:\/\/fundaciocoravant.org\/wp-content\/uploads\/2026\/03\/Carles-Prats.jpg\",\"articleSection\":[\"Art\u00edculos\"],\"inLanguage\":\"es\"},{\"@type\":\"WebPage\",\"@id\":\"https:\/\/fundaciocoravant.org\/es\/companeros-de-viaje\/\",\"url\":\"https:\/\/fundaciocoravant.org\/es\/companeros-de-viaje\/\",\"name\":\"Compa\u00f1eros de viaje - CorAvant\",\"isPartOf\":{\"@id\":\"https:\/\/fundaciocoravant.org\/#website\"},\"primaryImageOfPage\":{\"@id\":\"https:\/\/fundaciocoravant.org\/es\/companeros-de-viaje\/#primaryimage\"},\"image\":{\"@id\":\"https:\/\/fundaciocoravant.org\/es\/companeros-de-viaje\/#primaryimage\"},\"thumbnailUrl\":\"https:\/\/fundaciocoravant.org\/wp-content\/uploads\/2026\/03\/Carles-Prats.jpg\",\"datePublished\":\"2026-03-02T11:07:41+00:00\",\"dateModified\":\"2026-03-17T12:04:23+00:00\",\"breadcrumb\":{\"@id\":\"https:\/\/fundaciocoravant.org\/es\/companeros-de-viaje\/#breadcrumb\"},\"inLanguage\":\"es\",\"potentialAction\":[{\"@type\":\"ReadAction\",\"target\":[\"https:\/\/fundaciocoravant.org\/es\/companeros-de-viaje\/\"]}]},{\"@type\":\"ImageObject\",\"inLanguage\":\"es\",\"@id\":\"https:\/\/fundaciocoravant.org\/es\/companeros-de-viaje\/#primaryimage\",\"url\":\"https:\/\/fundaciocoravant.org\/wp-content\/uploads\/2026\/03\/Carles-Prats.jpg\",\"contentUrl\":\"https:\/\/fundaciocoravant.org\/wp-content\/uploads\/2026\/03\/Carles-Prats.jpg\",\"width\":1000,\"height\":280,\"caption\":\"Carles Prats\"},{\"@type\":\"BreadcrumbList\",\"@id\":\"https:\/\/fundaciocoravant.org\/es\/companeros-de-viaje\/#breadcrumb\",\"itemListElement\":[{\"@type\":\"ListItem\",\"position\":1,\"name\":\"Home\",\"item\":\"https:\/\/fundaciocoravant.org\/es\/\"},{\"@type\":\"ListItem\",\"position\":2,\"name\":\"Compa\u00f1eros de viaje\"}]},{\"@type\":\"WebSite\",\"@id\":\"https:\/\/fundaciocoravant.org\/#website\",\"url\":\"https:\/\/fundaciocoravant.org\/\",\"name\":\"CorAvant\",\"description\":\"Fundaci\u00f3 de joves i adults amb cardiopatia\",\"publisher\":{\"@id\":\"https:\/\/fundaciocoravant.org\/#organization\"},\"potentialAction\":[{\"@type\":\"SearchAction\",\"target\":{\"@type\":\"EntryPoint\",\"urlTemplate\":\"https:\/\/fundaciocoravant.org\/?s={search_term_string}\"},\"query-input\":{\"@type\":\"PropertyValueSpecification\",\"valueRequired\":true,\"valueName\":\"search_term_string\"}}],\"inLanguage\":\"es\"},{\"@type\":\"Organization\",\"@id\":\"https:\/\/fundaciocoravant.org\/#organization\",\"name\":\"CorAvant\",\"url\":\"https:\/\/fundaciocoravant.org\/\",\"logo\":{\"@type\":\"ImageObject\",\"inLanguage\":\"es\",\"@id\":\"https:\/\/fundaciocoravant.org\/#\/schema\/logo\/image\/\",\"url\":\"https:\/\/fundaciocoravant.org\/wp-content\/uploads\/2025\/11\/cropped-cropped-LOGO_CORAVANT-15-anys_CASTELLANO.png\",\"contentUrl\":\"https:\/\/fundaciocoravant.org\/wp-content\/uploads\/2025\/11\/cropped-cropped-LOGO_CORAVANT-15-anys_CASTELLANO.png\",\"width\":1404,\"height\":979,\"caption\":\"CorAvant\"},\"image\":{\"@id\":\"https:\/\/fundaciocoravant.org\/#\/schema\/logo\/image\/\"},\"sameAs\":[\"https:\/\/www.facebook.com\/coravantaacic\",\"https:\/\/x.com\/coravant\",\"https:\/\/www.instagram.com\/coravantaacic\/\",\"https:\/\/www.youtube.com\/@CorAvantAACIC_cardiopaties\",\"https:\/\/www.linkedin.com\/company\/fundacio-coravant\/\"]},{\"@type\":\"Person\",\"@id\":\"https:\/\/fundaciocoravant.org\/#\/schema\/person\/ddddb79ef964743dfdd6d64da1116530\",\"name\":\"maria\",\"url\":\"https:\/\/fundaciocoravant.org\/es\/author\/maria\/\"}]}<\/script>\n<!-- \/ Yoast SEO plugin. -->","yoast_head_json":{"title":"Compa\u00f1eros de viaje - CorAvant","robots":{"index":"index","follow":"follow","max-snippet":"max-snippet:-1","max-image-preview":"max-image-preview:large","max-video-preview":"max-video-preview:-1"},"canonical":"https:\/\/fundaciocoravant.org\/es\/companeros-de-viaje\/","og_locale":"es_ES","og_type":"article","og_title":"Compa\u00f1eros de viaje - CorAvant","og_description":"No recuerdo cuando tom\u00e9 conciencia de mi compa\u00f1era de viaje. Siempre ha estado conmigo.","og_url":"https:\/\/fundaciocoravant.org\/es\/companeros-de-viaje\/","og_site_name":"CorAvant","article_publisher":"https:\/\/www.facebook.com\/coravantaacic","article_published_time":"2026-03-02T11:07:41+00:00","article_modified_time":"2026-03-17T12:04:23+00:00","og_image":[{"width":1000,"height":280,"url":"https:\/\/fundaciocoravant.org\/wp-content\/uploads\/2026\/03\/Carles-Prats.jpg","type":"image\/jpeg"}],"author":"maria","twitter_card":"summary_large_image","twitter_creator":"@coravant","twitter_site":"@coravant","twitter_misc":{"Escrito por":"maria","Tiempo de lectura":"5 minutos"},"schema":{"@context":"https:\/\/schema.org","@graph":[{"@type":"Article","@id":"https:\/\/fundaciocoravant.org\/es\/companeros-de-viaje\/#article","isPartOf":{"@id":"https:\/\/fundaciocoravant.org\/es\/companeros-de-viaje\/"},"author":{"name":"maria","@id":"https:\/\/fundaciocoravant.org\/#\/schema\/person\/ddddb79ef964743dfdd6d64da1116530"},"headline":"Compa\u00f1eros de viaje","datePublished":"2026-03-02T11:07:41+00:00","dateModified":"2026-03-17T12:04:23+00:00","mainEntityOfPage":{"@id":"https:\/\/fundaciocoravant.org\/es\/companeros-de-viaje\/"},"wordCount":992,"publisher":{"@id":"https:\/\/fundaciocoravant.org\/#organization"},"image":{"@id":"https:\/\/fundaciocoravant.org\/es\/companeros-de-viaje\/#primaryimage"},"thumbnailUrl":"https:\/\/fundaciocoravant.org\/wp-content\/uploads\/2026\/03\/Carles-Prats.jpg","articleSection":["Art\u00edculos"],"inLanguage":"es"},{"@type":"WebPage","@id":"https:\/\/fundaciocoravant.org\/es\/companeros-de-viaje\/","url":"https:\/\/fundaciocoravant.org\/es\/companeros-de-viaje\/","name":"Compa\u00f1eros de viaje - CorAvant","isPartOf":{"@id":"https:\/\/fundaciocoravant.org\/#website"},"primaryImageOfPage":{"@id":"https:\/\/fundaciocoravant.org\/es\/companeros-de-viaje\/#primaryimage"},"image":{"@id":"https:\/\/fundaciocoravant.org\/es\/companeros-de-viaje\/#primaryimage"},"thumbnailUrl":"https:\/\/fundaciocoravant.org\/wp-content\/uploads\/2026\/03\/Carles-Prats.jpg","datePublished":"2026-03-02T11:07:41+00:00","dateModified":"2026-03-17T12:04:23+00:00","breadcrumb":{"@id":"https:\/\/fundaciocoravant.org\/es\/companeros-de-viaje\/#breadcrumb"},"inLanguage":"es","potentialAction":[{"@type":"ReadAction","target":["https:\/\/fundaciocoravant.org\/es\/companeros-de-viaje\/"]}]},{"@type":"ImageObject","inLanguage":"es","@id":"https:\/\/fundaciocoravant.org\/es\/companeros-de-viaje\/#primaryimage","url":"https:\/\/fundaciocoravant.org\/wp-content\/uploads\/2026\/03\/Carles-Prats.jpg","contentUrl":"https:\/\/fundaciocoravant.org\/wp-content\/uploads\/2026\/03\/Carles-Prats.jpg","width":1000,"height":280,"caption":"Carles Prats"},{"@type":"BreadcrumbList","@id":"https:\/\/fundaciocoravant.org\/es\/companeros-de-viaje\/#breadcrumb","itemListElement":[{"@type":"ListItem","position":1,"name":"Home","item":"https:\/\/fundaciocoravant.org\/es\/"},{"@type":"ListItem","position":2,"name":"Compa\u00f1eros de viaje"}]},{"@type":"WebSite","@id":"https:\/\/fundaciocoravant.org\/#website","url":"https:\/\/fundaciocoravant.org\/","name":"CorAvant","description":"Fundaci\u00f3 de joves i adults amb cardiopatia","publisher":{"@id":"https:\/\/fundaciocoravant.org\/#organization"},"potentialAction":[{"@type":"SearchAction","target":{"@type":"EntryPoint","urlTemplate":"https:\/\/fundaciocoravant.org\/?s={search_term_string}"},"query-input":{"@type":"PropertyValueSpecification","valueRequired":true,"valueName":"search_term_string"}}],"inLanguage":"es"},{"@type":"Organization","@id":"https:\/\/fundaciocoravant.org\/#organization","name":"CorAvant","url":"https:\/\/fundaciocoravant.org\/","logo":{"@type":"ImageObject","inLanguage":"es","@id":"https:\/\/fundaciocoravant.org\/#\/schema\/logo\/image\/","url":"https:\/\/fundaciocoravant.org\/wp-content\/uploads\/2025\/11\/cropped-cropped-LOGO_CORAVANT-15-anys_CASTELLANO.png","contentUrl":"https:\/\/fundaciocoravant.org\/wp-content\/uploads\/2025\/11\/cropped-cropped-LOGO_CORAVANT-15-anys_CASTELLANO.png","width":1404,"height":979,"caption":"CorAvant"},"image":{"@id":"https:\/\/fundaciocoravant.org\/#\/schema\/logo\/image\/"},"sameAs":["https:\/\/www.facebook.com\/coravantaacic","https:\/\/x.com\/coravant","https:\/\/www.instagram.com\/coravantaacic\/","https:\/\/www.youtube.com\/@CorAvantAACIC_cardiopaties","https:\/\/www.linkedin.com\/company\/fundacio-coravant\/"]},{"@type":"Person","@id":"https:\/\/fundaciocoravant.org\/#\/schema\/person\/ddddb79ef964743dfdd6d64da1116530","name":"maria","url":"https:\/\/fundaciocoravant.org\/es\/author\/maria\/"}]}},"_links":{"self":[{"href":"https:\/\/fundaciocoravant.org\/es\/wp-json\/wp\/v2\/posts\/1559","targetHints":{"allow":["GET"]}}],"collection":[{"href":"https:\/\/fundaciocoravant.org\/es\/wp-json\/wp\/v2\/posts"}],"about":[{"href":"https:\/\/fundaciocoravant.org\/es\/wp-json\/wp\/v2\/types\/post"}],"author":[{"embeddable":true,"href":"https:\/\/fundaciocoravant.org\/es\/wp-json\/wp\/v2\/users\/2"}],"replies":[{"embeddable":true,"href":"https:\/\/fundaciocoravant.org\/es\/wp-json\/wp\/v2\/comments?post=1559"}],"version-history":[{"count":1,"href":"https:\/\/fundaciocoravant.org\/es\/wp-json\/wp\/v2\/posts\/1559\/revisions"}],"predecessor-version":[{"id":1560,"href":"https:\/\/fundaciocoravant.org\/es\/wp-json\/wp\/v2\/posts\/1559\/revisions\/1560"}],"wp:featuredmedia":[{"embeddable":true,"href":"https:\/\/fundaciocoravant.org\/es\/wp-json\/wp\/v2\/media\/1558"}],"wp:attachment":[{"href":"https:\/\/fundaciocoravant.org\/es\/wp-json\/wp\/v2\/media?parent=1559"}],"wp:term":[{"taxonomy":"category","embeddable":true,"href":"https:\/\/fundaciocoravant.org\/es\/wp-json\/wp\/v2\/categories?post=1559"},{"taxonomy":"post_tag","embeddable":true,"href":"https:\/\/fundaciocoravant.org\/es\/wp-json\/wp\/v2\/tags?post=1559"}],"curies":[{"name":"wp","href":"https:\/\/api.w.org\/{rel}","templated":true}]}}