{"id":1721,"date":"2023-07-19T11:57:00","date_gmt":"2023-07-19T11:57:00","guid":{"rendered":"https:\/\/fundaciocoravant.org\/?p=1721"},"modified":"2026-04-23T14:18:35","modified_gmt":"2026-04-23T14:18:35","slug":"vivir-aqui-y-ahora","status":"publish","type":"post","link":"https:\/\/fundaciocoravant.org\/es\/vivir-aqui-y-ahora\/","title":{"rendered":"Vivir aqu\u00ed y ahora"},"content":{"rendered":"\n<p>Las personas con discapacidad estamos buscando nuestro lugar. Vivir con una discapacidad no es exactamente una falta de salud, es por eso que la sanidad no se ocupa mucho de nosotras. Tenemos unas necesidades pero los servicios sociales no tienen muchos recursos y hay demasiadas emergencias sociales.  <\/p>\n\n<p>Somos el 8% de la sociedad, al menos aqu\u00ed en Barcelona, pero los medios de comunicaci\u00f3n solo hablan de nosotros de vez en cuando, como pasa con las personas con enfermedad mental, para aumentar el estigma o para mostrarnos como superh\u00e9roes, cuando muchos de nosotros no hacemos grandes gestas, con sobrevivir ya tenemos bastante.<\/p>\n\n<p>La Convenci\u00f3n de la ONU de 2006 reconoce los derechos de las personas con discapacidad y dice que tenemos derecho en la vida independiente y a escoger como y donde vivir, y en nuestro pa\u00eds \u00a1se nos deriva a las pol\u00edticas de dependencia!<\/p>\n\n<p>El gobierno lleva muchas reuniones para sacar la palabra \u00abinv\u00e1lido\u00bb de la Constituci\u00f3n y todav\u00eda no lo ha conseguido.<\/p>\n\n<p>La sociedad cambia y las personas nos hemos hecho m\u00e1s independientes. Ser dependiente a cargo de la familia hoy es un valor rechazado. Es un horror para la persona cuidadora tener una obligaci\u00f3n que, a d\u00eda de hoy, pienso que finaliza, por agotamiento, en la crianza de los ni\u00f1os. Es un horror para la persona cuidada, porque no puede decidir ni cuando, ni como; y muchas veces es una situaci\u00f3n de poder, de una persona sobre la otra.   <\/p>\n\n<p>Nosotras creemos que no es tan complicado. Estamos de acuerdo que nos incapacita el entorno, aqu\u00ed radica nuestro problema y de aqu\u00ed podr\u00edan partir nuestras soluciones. Tener un entorno que capacite supone tener un lugar para vivir, para trabajar, para ir a los lugares, para relacionarnos y desarrollar nuestro potencial personal, como cualquier miembro de la sociedad.  <\/p>\n\n<p>Solo nos hace falta alg\u00fan profesional y\/o animal o herramienta para complementar aquello que no podemos hacer: un asistente personal, que nos echa una mano con las tareas b\u00e1sicas o que nos ayude a entender, tanto para la discapacidad ps\u00edquica como para las personas con enfermedad mental, que, adem\u00e1s, tambi\u00e9n colabore con el autocuidado y en las actividades instrumentales; un traductor de lengua de signos, en el caso de las discapacidades auditivas; un perro y la escritura braille, para las personas con discapacidad visual; documentos de comprensi\u00f3n f\u00e1cil, adaptados para quienes lo necesiten\u2026 Todo esto est\u00e1 muy poco desarrollado, los pol\u00edticos que gestionan los recursos no lo saben.<\/p>\n\n<p>Creo que hace falta mucha divulgaci\u00f3n y sensibilizaci\u00f3n, la sociedad tiene que conocer nuestra situaci\u00f3n y por eso tenemos que ser capaces de explicarla. Yo he escogido el camino del activismo y todav\u00eda me sorprende que seamos tan pocos y, en ocasiones, poco avenidos. \u00a1En casa no nos llevar\u00e1n las soluciones!  <\/p>\n\n<p>La sociedad tiene que saber que lo que necesitamos es indispensable para nosotras pero que tambi\u00e9n mejora la vida del resto de las personas. Todas nos haremos mayores, podemos tener accidentes con discapacidades sobrevenidas y todas nos podremos beneficiar de una sociedad que tenga las ayudas previstas, una sociedad inclusiva. <\/p>\n\n<p><strong>Let\u00edcia Esporr\u00edn<\/strong><br\/>Miembro de la Junta Directiva de ECOM<\/p>\n\n<div style=\"height:50px\" aria-hidden=\"true\" class=\"wp-block-spacer\"><\/div>\n\n<p>Este art\u00edculo forma parte de la Revista 28 de la Asociaci\u00f3n de Cardiopat\u00edas Cong\u00e9nitas (AACIC) y de la Fundaci\u00f3n CorAvant, dedicada a la importancia de vivir el presente.<\/p>\n","protected":false},"excerpt":{"rendered":"<p>Un art\u00edculo de Let\u00edcia Esporr\u00edn, miembro de la Junta Directiva d\u2019ECOM.<\/p>\n","protected":false},"author":2,"featured_media":1974,"comment_status":"closed","ping_status":"closed","sticky":false,"template":"","format":"standard","meta":{"_acf_changed":false,"give_campaign_id":0,"footnotes":""},"categories":[20],"tags":[],"class_list":["post-1721","post","type-post","status-publish","format-standard","has-post-thumbnail","hentry","category-articulos"],"acf":[],"yoast_head":"<!-- This site is optimized with the Yoast SEO plugin v27.2 - https:\/\/yoast.com\/product\/yoast-seo-wordpress\/ -->\n<title>Vivir aqu\u00ed y ahora - CorAvant<\/title>\n<meta name=\"robots\" content=\"index, follow, max-snippet:-1, max-image-preview:large, max-video-preview:-1\" \/>\n<link rel=\"canonical\" href=\"https:\/\/fundaciocoravant.org\/es\/vivir-aqui-y-ahora\/\" \/>\n<meta property=\"og:locale\" content=\"es_ES\" \/>\n<meta property=\"og:type\" content=\"article\" \/>\n<meta property=\"og:title\" content=\"Vivir aqu\u00ed y ahora - CorAvant\" \/>\n<meta property=\"og:description\" content=\"Un art\u00edculo de Let\u00edcia Esporr\u00edn, miembro de la Junta Directiva d\u2019ECOM.\" \/>\n<meta property=\"og:url\" content=\"https:\/\/fundaciocoravant.org\/es\/vivir-aqui-y-ahora\/\" \/>\n<meta property=\"og:site_name\" content=\"CorAvant\" \/>\n<meta property=\"article:publisher\" content=\"https:\/\/www.facebook.com\/coravantaacic\" \/>\n<meta property=\"article:published_time\" content=\"2023-07-19T11:57:00+00:00\" \/>\n<meta property=\"article:modified_time\" content=\"2026-04-23T14:18:35+00:00\" \/>\n<meta property=\"og:image\" content=\"https:\/\/fundaciocoravant.org\/wp-content\/uploads\/2023\/07\/Leticia-Esporrin.jpg\" \/>\n\t<meta property=\"og:image:width\" content=\"1049\" \/>\n\t<meta property=\"og:image:height\" content=\"294\" \/>\n\t<meta property=\"og:image:type\" content=\"image\/jpeg\" \/>\n<meta name=\"author\" content=\"maria\" \/>\n<meta name=\"twitter:card\" content=\"summary_large_image\" \/>\n<meta name=\"twitter:creator\" content=\"@coravant\" \/>\n<meta name=\"twitter:site\" content=\"@coravant\" \/>\n<meta name=\"twitter:label1\" content=\"Escrito por\" \/>\n\t<meta name=\"twitter:data1\" content=\"maria\" \/>\n\t<meta name=\"twitter:label2\" content=\"Tiempo de lectura\" \/>\n\t<meta name=\"twitter:data2\" content=\"3 minutos\" \/>\n<script type=\"application\/ld+json\" class=\"yoast-schema-graph\">{\"@context\":\"https:\/\/schema.org\",\"@graph\":[{\"@type\":\"Article\",\"@id\":\"https:\/\/fundaciocoravant.org\/es\/vivir-aqui-y-ahora\/#article\",\"isPartOf\":{\"@id\":\"https:\/\/fundaciocoravant.org\/es\/vivir-aqui-y-ahora\/\"},\"author\":{\"name\":\"maria\",\"@id\":\"https:\/\/fundaciocoravant.org\/#\/schema\/person\/ddddb79ef964743dfdd6d64da1116530\"},\"headline\":\"Vivir aqu\u00ed y ahora\",\"datePublished\":\"2023-07-19T11:57:00+00:00\",\"dateModified\":\"2026-04-23T14:18:35+00:00\",\"mainEntityOfPage\":{\"@id\":\"https:\/\/fundaciocoravant.org\/es\/vivir-aqui-y-ahora\/\"},\"wordCount\":581,\"publisher\":{\"@id\":\"https:\/\/fundaciocoravant.org\/#organization\"},\"image\":{\"@id\":\"https:\/\/fundaciocoravant.org\/es\/vivir-aqui-y-ahora\/#primaryimage\"},\"thumbnailUrl\":\"https:\/\/fundaciocoravant.org\/wp-content\/uploads\/2023\/07\/Leticia-Esporrin.jpg\",\"articleSection\":[\"Art\u00edculos\"],\"inLanguage\":\"es\"},{\"@type\":\"WebPage\",\"@id\":\"https:\/\/fundaciocoravant.org\/es\/vivir-aqui-y-ahora\/\",\"url\":\"https:\/\/fundaciocoravant.org\/es\/vivir-aqui-y-ahora\/\",\"name\":\"Vivir aqu\u00ed y ahora - CorAvant\",\"isPartOf\":{\"@id\":\"https:\/\/fundaciocoravant.org\/#website\"},\"primaryImageOfPage\":{\"@id\":\"https:\/\/fundaciocoravant.org\/es\/vivir-aqui-y-ahora\/#primaryimage\"},\"image\":{\"@id\":\"https:\/\/fundaciocoravant.org\/es\/vivir-aqui-y-ahora\/#primaryimage\"},\"thumbnailUrl\":\"https:\/\/fundaciocoravant.org\/wp-content\/uploads\/2023\/07\/Leticia-Esporrin.jpg\",\"datePublished\":\"2023-07-19T11:57:00+00:00\",\"dateModified\":\"2026-04-23T14:18:35+00:00\",\"breadcrumb\":{\"@id\":\"https:\/\/fundaciocoravant.org\/es\/vivir-aqui-y-ahora\/#breadcrumb\"},\"inLanguage\":\"es\",\"potentialAction\":[{\"@type\":\"ReadAction\",\"target\":[\"https:\/\/fundaciocoravant.org\/es\/vivir-aqui-y-ahora\/\"]}]},{\"@type\":\"ImageObject\",\"inLanguage\":\"es\",\"@id\":\"https:\/\/fundaciocoravant.org\/es\/vivir-aqui-y-ahora\/#primaryimage\",\"url\":\"https:\/\/fundaciocoravant.org\/wp-content\/uploads\/2023\/07\/Leticia-Esporrin.jpg\",\"contentUrl\":\"https:\/\/fundaciocoravant.org\/wp-content\/uploads\/2023\/07\/Leticia-Esporrin.jpg\",\"width\":1049,\"height\":294,\"caption\":\"Leticia Esporrin\"},{\"@type\":\"BreadcrumbList\",\"@id\":\"https:\/\/fundaciocoravant.org\/es\/vivir-aqui-y-ahora\/#breadcrumb\",\"itemListElement\":[{\"@type\":\"ListItem\",\"position\":1,\"name\":\"Home\",\"item\":\"https:\/\/fundaciocoravant.org\/es\/\"},{\"@type\":\"ListItem\",\"position\":2,\"name\":\"Vivir aqu\u00ed y ahora\"}]},{\"@type\":\"WebSite\",\"@id\":\"https:\/\/fundaciocoravant.org\/#website\",\"url\":\"https:\/\/fundaciocoravant.org\/\",\"name\":\"CorAvant\",\"description\":\"Fundaci\u00f3 de joves i adults amb cardiopatia\",\"publisher\":{\"@id\":\"https:\/\/fundaciocoravant.org\/#organization\"},\"potentialAction\":[{\"@type\":\"SearchAction\",\"target\":{\"@type\":\"EntryPoint\",\"urlTemplate\":\"https:\/\/fundaciocoravant.org\/?s={search_term_string}\"},\"query-input\":{\"@type\":\"PropertyValueSpecification\",\"valueRequired\":true,\"valueName\":\"search_term_string\"}}],\"inLanguage\":\"es\"},{\"@type\":\"Organization\",\"@id\":\"https:\/\/fundaciocoravant.org\/#organization\",\"name\":\"CorAvant\",\"url\":\"https:\/\/fundaciocoravant.org\/\",\"logo\":{\"@type\":\"ImageObject\",\"inLanguage\":\"es\",\"@id\":\"https:\/\/fundaciocoravant.org\/#\/schema\/logo\/image\/\",\"url\":\"https:\/\/fundaciocoravant.org\/wp-content\/uploads\/2025\/11\/cropped-cropped-LOGO_CORAVANT-15-anys_CASTELLANO.png\",\"contentUrl\":\"https:\/\/fundaciocoravant.org\/wp-content\/uploads\/2025\/11\/cropped-cropped-LOGO_CORAVANT-15-anys_CASTELLANO.png\",\"width\":1404,\"height\":979,\"caption\":\"CorAvant\"},\"image\":{\"@id\":\"https:\/\/fundaciocoravant.org\/#\/schema\/logo\/image\/\"},\"sameAs\":[\"https:\/\/www.facebook.com\/coravantaacic\",\"https:\/\/x.com\/coravant\",\"https:\/\/www.instagram.com\/coravantaacic\/\",\"https:\/\/www.youtube.com\/@CorAvantAACIC_cardiopaties\",\"https:\/\/www.linkedin.com\/company\/fundacio-coravant\/\"]},{\"@type\":\"Person\",\"@id\":\"https:\/\/fundaciocoravant.org\/#\/schema\/person\/ddddb79ef964743dfdd6d64da1116530\",\"name\":\"maria\",\"url\":\"https:\/\/fundaciocoravant.org\/es\/author\/maria\/\"}]}<\/script>\n<!-- \/ Yoast SEO plugin. -->","yoast_head_json":{"title":"Vivir aqu\u00ed y ahora - CorAvant","robots":{"index":"index","follow":"follow","max-snippet":"max-snippet:-1","max-image-preview":"max-image-preview:large","max-video-preview":"max-video-preview:-1"},"canonical":"https:\/\/fundaciocoravant.org\/es\/vivir-aqui-y-ahora\/","og_locale":"es_ES","og_type":"article","og_title":"Vivir aqu\u00ed y ahora - CorAvant","og_description":"Un art\u00edculo de Let\u00edcia Esporr\u00edn, miembro de la Junta Directiva d\u2019ECOM.","og_url":"https:\/\/fundaciocoravant.org\/es\/vivir-aqui-y-ahora\/","og_site_name":"CorAvant","article_publisher":"https:\/\/www.facebook.com\/coravantaacic","article_published_time":"2023-07-19T11:57:00+00:00","article_modified_time":"2026-04-23T14:18:35+00:00","og_image":[{"width":1049,"height":294,"url":"https:\/\/fundaciocoravant.org\/wp-content\/uploads\/2023\/07\/Leticia-Esporrin.jpg","type":"image\/jpeg"}],"author":"maria","twitter_card":"summary_large_image","twitter_creator":"@coravant","twitter_site":"@coravant","twitter_misc":{"Escrito por":"maria","Tiempo de lectura":"3 minutos"},"schema":{"@context":"https:\/\/schema.org","@graph":[{"@type":"Article","@id":"https:\/\/fundaciocoravant.org\/es\/vivir-aqui-y-ahora\/#article","isPartOf":{"@id":"https:\/\/fundaciocoravant.org\/es\/vivir-aqui-y-ahora\/"},"author":{"name":"maria","@id":"https:\/\/fundaciocoravant.org\/#\/schema\/person\/ddddb79ef964743dfdd6d64da1116530"},"headline":"Vivir aqu\u00ed y ahora","datePublished":"2023-07-19T11:57:00+00:00","dateModified":"2026-04-23T14:18:35+00:00","mainEntityOfPage":{"@id":"https:\/\/fundaciocoravant.org\/es\/vivir-aqui-y-ahora\/"},"wordCount":581,"publisher":{"@id":"https:\/\/fundaciocoravant.org\/#organization"},"image":{"@id":"https:\/\/fundaciocoravant.org\/es\/vivir-aqui-y-ahora\/#primaryimage"},"thumbnailUrl":"https:\/\/fundaciocoravant.org\/wp-content\/uploads\/2023\/07\/Leticia-Esporrin.jpg","articleSection":["Art\u00edculos"],"inLanguage":"es"},{"@type":"WebPage","@id":"https:\/\/fundaciocoravant.org\/es\/vivir-aqui-y-ahora\/","url":"https:\/\/fundaciocoravant.org\/es\/vivir-aqui-y-ahora\/","name":"Vivir aqu\u00ed y ahora - CorAvant","isPartOf":{"@id":"https:\/\/fundaciocoravant.org\/#website"},"primaryImageOfPage":{"@id":"https:\/\/fundaciocoravant.org\/es\/vivir-aqui-y-ahora\/#primaryimage"},"image":{"@id":"https:\/\/fundaciocoravant.org\/es\/vivir-aqui-y-ahora\/#primaryimage"},"thumbnailUrl":"https:\/\/fundaciocoravant.org\/wp-content\/uploads\/2023\/07\/Leticia-Esporrin.jpg","datePublished":"2023-07-19T11:57:00+00:00","dateModified":"2026-04-23T14:18:35+00:00","breadcrumb":{"@id":"https:\/\/fundaciocoravant.org\/es\/vivir-aqui-y-ahora\/#breadcrumb"},"inLanguage":"es","potentialAction":[{"@type":"ReadAction","target":["https:\/\/fundaciocoravant.org\/es\/vivir-aqui-y-ahora\/"]}]},{"@type":"ImageObject","inLanguage":"es","@id":"https:\/\/fundaciocoravant.org\/es\/vivir-aqui-y-ahora\/#primaryimage","url":"https:\/\/fundaciocoravant.org\/wp-content\/uploads\/2023\/07\/Leticia-Esporrin.jpg","contentUrl":"https:\/\/fundaciocoravant.org\/wp-content\/uploads\/2023\/07\/Leticia-Esporrin.jpg","width":1049,"height":294,"caption":"Leticia Esporrin"},{"@type":"BreadcrumbList","@id":"https:\/\/fundaciocoravant.org\/es\/vivir-aqui-y-ahora\/#breadcrumb","itemListElement":[{"@type":"ListItem","position":1,"name":"Home","item":"https:\/\/fundaciocoravant.org\/es\/"},{"@type":"ListItem","position":2,"name":"Vivir aqu\u00ed y ahora"}]},{"@type":"WebSite","@id":"https:\/\/fundaciocoravant.org\/#website","url":"https:\/\/fundaciocoravant.org\/","name":"CorAvant","description":"Fundaci\u00f3 de joves i adults amb cardiopatia","publisher":{"@id":"https:\/\/fundaciocoravant.org\/#organization"},"potentialAction":[{"@type":"SearchAction","target":{"@type":"EntryPoint","urlTemplate":"https:\/\/fundaciocoravant.org\/?s={search_term_string}"},"query-input":{"@type":"PropertyValueSpecification","valueRequired":true,"valueName":"search_term_string"}}],"inLanguage":"es"},{"@type":"Organization","@id":"https:\/\/fundaciocoravant.org\/#organization","name":"CorAvant","url":"https:\/\/fundaciocoravant.org\/","logo":{"@type":"ImageObject","inLanguage":"es","@id":"https:\/\/fundaciocoravant.org\/#\/schema\/logo\/image\/","url":"https:\/\/fundaciocoravant.org\/wp-content\/uploads\/2025\/11\/cropped-cropped-LOGO_CORAVANT-15-anys_CASTELLANO.png","contentUrl":"https:\/\/fundaciocoravant.org\/wp-content\/uploads\/2025\/11\/cropped-cropped-LOGO_CORAVANT-15-anys_CASTELLANO.png","width":1404,"height":979,"caption":"CorAvant"},"image":{"@id":"https:\/\/fundaciocoravant.org\/#\/schema\/logo\/image\/"},"sameAs":["https:\/\/www.facebook.com\/coravantaacic","https:\/\/x.com\/coravant","https:\/\/www.instagram.com\/coravantaacic\/","https:\/\/www.youtube.com\/@CorAvantAACIC_cardiopaties","https:\/\/www.linkedin.com\/company\/fundacio-coravant\/"]},{"@type":"Person","@id":"https:\/\/fundaciocoravant.org\/#\/schema\/person\/ddddb79ef964743dfdd6d64da1116530","name":"maria","url":"https:\/\/fundaciocoravant.org\/es\/author\/maria\/"}]}},"_links":{"self":[{"href":"https:\/\/fundaciocoravant.org\/es\/wp-json\/wp\/v2\/posts\/1721","targetHints":{"allow":["GET"]}}],"collection":[{"href":"https:\/\/fundaciocoravant.org\/es\/wp-json\/wp\/v2\/posts"}],"about":[{"href":"https:\/\/fundaciocoravant.org\/es\/wp-json\/wp\/v2\/types\/post"}],"author":[{"embeddable":true,"href":"https:\/\/fundaciocoravant.org\/es\/wp-json\/wp\/v2\/users\/2"}],"replies":[{"embeddable":true,"href":"https:\/\/fundaciocoravant.org\/es\/wp-json\/wp\/v2\/comments?post=1721"}],"version-history":[{"count":2,"href":"https:\/\/fundaciocoravant.org\/es\/wp-json\/wp\/v2\/posts\/1721\/revisions"}],"predecessor-version":[{"id":1976,"href":"https:\/\/fundaciocoravant.org\/es\/wp-json\/wp\/v2\/posts\/1721\/revisions\/1976"}],"wp:featuredmedia":[{"embeddable":true,"href":"https:\/\/fundaciocoravant.org\/es\/wp-json\/wp\/v2\/media\/1974"}],"wp:attachment":[{"href":"https:\/\/fundaciocoravant.org\/es\/wp-json\/wp\/v2\/media?parent=1721"}],"wp:term":[{"taxonomy":"category","embeddable":true,"href":"https:\/\/fundaciocoravant.org\/es\/wp-json\/wp\/v2\/categories?post=1721"},{"taxonomy":"post_tag","embeddable":true,"href":"https:\/\/fundaciocoravant.org\/es\/wp-json\/wp\/v2\/tags?post=1721"}],"curies":[{"name":"wp","href":"https:\/\/api.w.org\/{rel}","templated":true}]}}