{"id":1723,"date":"2023-07-17T11:52:00","date_gmt":"2023-07-17T11:52:00","guid":{"rendered":"https:\/\/fundaciocoravant.org\/?p=1723"},"modified":"2026-04-22T09:30:53","modified_gmt":"2026-04-22T09:30:53","slug":"relajarte-una-forma-de-vivir-el-ahora-y-el-aqui","status":"publish","type":"post","link":"https:\/\/fundaciocoravant.org\/es\/relajarte-una-forma-de-vivir-el-ahora-y-el-aqui\/","title":{"rendered":"Relajarte, una forma de vivir el ahora y el aqu\u00ed"},"content":{"rendered":"\n<p>Cansancio, dificultades de atenci\u00f3n y concentraci\u00f3n, cambios de humor, pensamientos tristes o pesimistas, ganas de llorar frecuentes, p\u00e9rdida de inter\u00e9s por las cosas del d\u00eda a d\u00eda, dolor de cabeza, dolor muscular, dificultades para coger el sue\u00f1o\u2026, son algunos de los s\u00edntomas principales del estr\u00e9s.<\/p>\n\n<p>La mayor\u00eda de las veces que experimentamos estos s\u00edntomas, tanto f\u00edsicos como mentales, lo que queremos es huir, y muy pocas veces intentamos entender y aceptar qu\u00e9 es lo que nos est\u00e1 pasando.<\/p>\n\n<p>\u00bfSab\u00edas que cuando empiezas a tomar conciencia de las sensaciones del cuerpo, los pensamientos que tienes sobre el dolor y las emociones que desencadenan es cuando el sufrimiento se reduce?<\/p>\n\n<p>Desde la Asociaci\u00f3n de Cardiopat\u00edas Cong\u00e9nitas (AACIC) y la Fundaci\u00f3n CorAvant somos conscientes que vivir y convivir con una cardiopat\u00eda cong\u00e9nita puede provocar angustia y sufrimiento, sobre todo cuando llegan momentos significativos en el tratamiento de la patolog\u00eda: cuando te dicen que tu hijo o tu hija nacer\u00e1 con una cardiopat\u00eda, cuando de mayor te comunican un cambio en tu estado de salud, con la llegada de una nueva intervenci\u00f3n quir\u00fargica, o con el proceso de aprendizaje de convivir con tu cuerpo y aceptar tus limitaciones.<\/p>\n\n<p>Es muy importante ser consciente de todo esto y darte cuenta que tus problemas f\u00edsicos y emocionales pueden ser derivados de la carga que puede suponer en algunos momentos luchar contra esta enfermedad cr\u00f3nica. Es por eso que tenemos que cuidar nuestro cuerpo, atender las se\u00f1ales de malestar que nos env\u00eda y poner remedio o, como m\u00ednimo, conocer como podemos soportar mejor estos momentos dif\u00edciles. <\/p>\n\n<h2 class=\"wp-block-heading\">La importancia de relajarnos<\/h2>\n\n<p>La pr\u00e1ctica de la relajaci\u00f3n puede ser una buena manera de hacer frente a este desgaste f\u00edsico y emocional, a las situaciones que nos desbordan, puesto que nos permite desconectar por un momento de las dificultades cotidianas y centrarnos en un rato de paz y serenidad. Las t\u00e9cnicas de relajaci\u00f3n son muy beneficiosas para controlar el estr\u00e9s y la ansiedad, y, adem\u00e1s, fortalecen nuestras defensas. <\/p>\n\n<p>Cuando nos relajamos estamos en un momento de conexi\u00f3n interna que nos facilita ser conscientes de la relaci\u00f3n que tenemos con nuestro cuerpo y nuestra mente. Este estado nos ayuda a conocernos mucho mejor y a poder hacer cambios para mejorar nuestro estado de salud f\u00edsico y emocional. <\/p>\n\n<p>Si practicamos de manera habitual la relajaci\u00f3n, conseguiremos sentirnos en calma, aumentaremos la autoconfianza y la autoestima, y tendremos m\u00e1s seguridad y capacidad a la hora de afrontar las situaciones complejas que nos puedan venir. La relajaci\u00f3n, pues, nos ayuda a mejorar nuestra calidad de vida en general. <\/p>\n\n<h2 class=\"wp-block-heading\">Taller de relajaci\u00f3n Cuerpo y Mente<\/h2>\n\n<p>\u00bfTe gustar\u00eda practicar la relajaci\u00f3n y no sabes por donde empezar?<\/p>\n\n<p>Desde la Fundaci\u00f3n CorAvant te ofrecemos el Taller de relajaci\u00f3n Cuerpo y Mente en formato virtual. Se trata de un taller de una hora a la semana, que se realiza en grupos peque\u00f1os (m\u00ednimo 5 personas y m\u00e1ximo 20). <\/p>\n\n<p>Este taller est\u00e1 dirigido a personas j\u00f3venes y adultas que viven con una cardiopat\u00eda, a padres y madres que tienen un hijo o una hija que tiene una cardiopat\u00eda y al p\u00fablico en general.<\/p>\n\n<p>Durante las sesiones practicamos ejercicios de correcci\u00f3n postural y de estiramientos de las diferentes partes del cuerpo, la respiraci\u00f3n consciente y la visualizaci\u00f3n, para conseguir un estado de bienestar f\u00edsico, mental y emocional. Al final de cada sesi\u00f3n, todas las personas que quieran pueden compartir con el resto del grupo su experiencia, valorar las sensaciones vividas y el beneficio obtenido con la pr\u00e1ctica del taller. <\/p>\n\n<blockquote class=\"wp-block-quote is-layout-flow wp-block-quote-is-layout-flow\">\n<p>Es un momento de placer, de desconexi\u00f3n f\u00edsica y mental. Es una sensaci\u00f3n muy agradable. <\/p>\n\n\n\n<p>Desde que lo practico con continuidad duermo mejor, tengo menos estr\u00e9s.<\/p>\n\n\n\n<p>Ahora conecto mejor con lo que estoy sintiendo f\u00edsicamente y mi cabeza ya no se me va hacia otra cosa, estoy m\u00e1s concentrada.<\/p>\n<\/blockquote>\n\n<div style=\"height:50px\" aria-hidden=\"true\" class=\"wp-block-spacer\"><\/div>\n\n<p>Este art\u00edculo forma parte de la Revista 28 de la Asociaci\u00f3n de Cardiopat\u00edas Cong\u00e9nitas (AACIC) y de la Fundaci\u00f3n CorAvant, dedicada a la importancia de vivir el presente.<\/p>\n","protected":false},"excerpt":{"rendered":"<p>Cansancio, dificultades de atenci\u00f3n, cambios de humor, dolor de cabeza o muscular\u2026 son algunos de los s\u00edntomas principales del estr\u00e9s.<\/p>\n","protected":false},"author":2,"featured_media":1878,"comment_status":"closed","ping_status":"closed","sticky":false,"template":"","format":"standard","meta":{"_acf_changed":false,"give_campaign_id":0,"footnotes":""},"categories":[20],"tags":[],"class_list":["post-1723","post","type-post","status-publish","format-standard","has-post-thumbnail","hentry","category-articulos"],"acf":[],"yoast_head":"<!-- This site is optimized with the Yoast SEO plugin v27.2 - https:\/\/yoast.com\/product\/yoast-seo-wordpress\/ -->\n<title>Relajarte, una forma de vivir el ahora y el aqu\u00ed - CorAvant<\/title>\n<meta name=\"robots\" content=\"index, follow, max-snippet:-1, max-image-preview:large, max-video-preview:-1\" \/>\n<link rel=\"canonical\" href=\"https:\/\/fundaciocoravant.org\/es\/relajarte-una-forma-de-vivir-el-ahora-y-el-aqui\/\" \/>\n<meta property=\"og:locale\" content=\"es_ES\" \/>\n<meta property=\"og:type\" content=\"article\" \/>\n<meta property=\"og:title\" content=\"Relajarte, una forma de vivir el ahora y el aqu\u00ed - CorAvant\" \/>\n<meta property=\"og:description\" content=\"Cansancio, dificultades de atenci\u00f3n, cambios de humor, dolor de cabeza o muscular\u2026 son algunos de los s\u00edntomas principales del estr\u00e9s.\" \/>\n<meta property=\"og:url\" content=\"https:\/\/fundaciocoravant.org\/es\/relajarte-una-forma-de-vivir-el-ahora-y-el-aqui\/\" \/>\n<meta property=\"og:site_name\" content=\"CorAvant\" \/>\n<meta property=\"article:publisher\" content=\"https:\/\/www.facebook.com\/coravantaacic\" \/>\n<meta property=\"article:published_time\" content=\"2023-07-17T11:52:00+00:00\" \/>\n<meta property=\"article:modified_time\" content=\"2026-04-22T09:30:53+00:00\" \/>\n<meta property=\"og:image\" content=\"https:\/\/fundaciocoravant.org\/wp-content\/uploads\/2023\/07\/espigol.jpg\" \/>\n\t<meta property=\"og:image:width\" content=\"1000\" \/>\n\t<meta property=\"og:image:height\" content=\"280\" \/>\n\t<meta property=\"og:image:type\" content=\"image\/jpeg\" \/>\n<meta name=\"author\" content=\"maria\" \/>\n<meta name=\"twitter:card\" content=\"summary_large_image\" \/>\n<meta name=\"twitter:creator\" content=\"@coravant\" \/>\n<meta name=\"twitter:site\" content=\"@coravant\" \/>\n<meta name=\"twitter:label1\" content=\"Escrito por\" \/>\n\t<meta name=\"twitter:data1\" content=\"maria\" \/>\n\t<meta name=\"twitter:label2\" content=\"Tiempo de lectura\" \/>\n\t<meta name=\"twitter:data2\" content=\"4 minutos\" \/>\n<script type=\"application\/ld+json\" class=\"yoast-schema-graph\">{\"@context\":\"https:\/\/schema.org\",\"@graph\":[{\"@type\":\"Article\",\"@id\":\"https:\/\/fundaciocoravant.org\/es\/relajarte-una-forma-de-vivir-el-ahora-y-el-aqui\/#article\",\"isPartOf\":{\"@id\":\"https:\/\/fundaciocoravant.org\/es\/relajarte-una-forma-de-vivir-el-ahora-y-el-aqui\/\"},\"author\":{\"name\":\"maria\",\"@id\":\"https:\/\/fundaciocoravant.org\/#\/schema\/person\/ddddb79ef964743dfdd6d64da1116530\"},\"headline\":\"Relajarte, una forma de vivir el ahora y el aqu\u00ed\",\"datePublished\":\"2023-07-17T11:52:00+00:00\",\"dateModified\":\"2026-04-22T09:30:53+00:00\",\"mainEntityOfPage\":{\"@id\":\"https:\/\/fundaciocoravant.org\/es\/relajarte-una-forma-de-vivir-el-ahora-y-el-aqui\/\"},\"wordCount\":734,\"publisher\":{\"@id\":\"https:\/\/fundaciocoravant.org\/#organization\"},\"image\":{\"@id\":\"https:\/\/fundaciocoravant.org\/es\/relajarte-una-forma-de-vivir-el-ahora-y-el-aqui\/#primaryimage\"},\"thumbnailUrl\":\"https:\/\/fundaciocoravant.org\/wp-content\/uploads\/2023\/07\/espigol.jpg\",\"articleSection\":[\"Art\u00edculos\"],\"inLanguage\":\"es\"},{\"@type\":\"WebPage\",\"@id\":\"https:\/\/fundaciocoravant.org\/es\/relajarte-una-forma-de-vivir-el-ahora-y-el-aqui\/\",\"url\":\"https:\/\/fundaciocoravant.org\/es\/relajarte-una-forma-de-vivir-el-ahora-y-el-aqui\/\",\"name\":\"Relajarte, una forma de vivir el ahora y el aqu\u00ed - CorAvant\",\"isPartOf\":{\"@id\":\"https:\/\/fundaciocoravant.org\/#website\"},\"primaryImageOfPage\":{\"@id\":\"https:\/\/fundaciocoravant.org\/es\/relajarte-una-forma-de-vivir-el-ahora-y-el-aqui\/#primaryimage\"},\"image\":{\"@id\":\"https:\/\/fundaciocoravant.org\/es\/relajarte-una-forma-de-vivir-el-ahora-y-el-aqui\/#primaryimage\"},\"thumbnailUrl\":\"https:\/\/fundaciocoravant.org\/wp-content\/uploads\/2023\/07\/espigol.jpg\",\"datePublished\":\"2023-07-17T11:52:00+00:00\",\"dateModified\":\"2026-04-22T09:30:53+00:00\",\"breadcrumb\":{\"@id\":\"https:\/\/fundaciocoravant.org\/es\/relajarte-una-forma-de-vivir-el-ahora-y-el-aqui\/#breadcrumb\"},\"inLanguage\":\"es\",\"potentialAction\":[{\"@type\":\"ReadAction\",\"target\":[\"https:\/\/fundaciocoravant.org\/es\/relajarte-una-forma-de-vivir-el-ahora-y-el-aqui\/\"]}]},{\"@type\":\"ImageObject\",\"inLanguage\":\"es\",\"@id\":\"https:\/\/fundaciocoravant.org\/es\/relajarte-una-forma-de-vivir-el-ahora-y-el-aqui\/#primaryimage\",\"url\":\"https:\/\/fundaciocoravant.org\/wp-content\/uploads\/2023\/07\/espigol.jpg\",\"contentUrl\":\"https:\/\/fundaciocoravant.org\/wp-content\/uploads\/2023\/07\/espigol.jpg\",\"width\":1000,\"height\":280,\"caption\":\"lavanda\"},{\"@type\":\"BreadcrumbList\",\"@id\":\"https:\/\/fundaciocoravant.org\/es\/relajarte-una-forma-de-vivir-el-ahora-y-el-aqui\/#breadcrumb\",\"itemListElement\":[{\"@type\":\"ListItem\",\"position\":1,\"name\":\"Home\",\"item\":\"https:\/\/fundaciocoravant.org\/es\/\"},{\"@type\":\"ListItem\",\"position\":2,\"name\":\"Relajarte, una forma de vivir el ahora y el aqu\u00ed\"}]},{\"@type\":\"WebSite\",\"@id\":\"https:\/\/fundaciocoravant.org\/#website\",\"url\":\"https:\/\/fundaciocoravant.org\/\",\"name\":\"CorAvant\",\"description\":\"Fundaci\u00f3 de joves i adults amb cardiopatia\",\"publisher\":{\"@id\":\"https:\/\/fundaciocoravant.org\/#organization\"},\"potentialAction\":[{\"@type\":\"SearchAction\",\"target\":{\"@type\":\"EntryPoint\",\"urlTemplate\":\"https:\/\/fundaciocoravant.org\/?s={search_term_string}\"},\"query-input\":{\"@type\":\"PropertyValueSpecification\",\"valueRequired\":true,\"valueName\":\"search_term_string\"}}],\"inLanguage\":\"es\"},{\"@type\":\"Organization\",\"@id\":\"https:\/\/fundaciocoravant.org\/#organization\",\"name\":\"CorAvant\",\"url\":\"https:\/\/fundaciocoravant.org\/\",\"logo\":{\"@type\":\"ImageObject\",\"inLanguage\":\"es\",\"@id\":\"https:\/\/fundaciocoravant.org\/#\/schema\/logo\/image\/\",\"url\":\"https:\/\/fundaciocoravant.org\/wp-content\/uploads\/2025\/11\/cropped-cropped-LOGO_CORAVANT-15-anys_CASTELLANO.png\",\"contentUrl\":\"https:\/\/fundaciocoravant.org\/wp-content\/uploads\/2025\/11\/cropped-cropped-LOGO_CORAVANT-15-anys_CASTELLANO.png\",\"width\":1404,\"height\":979,\"caption\":\"CorAvant\"},\"image\":{\"@id\":\"https:\/\/fundaciocoravant.org\/#\/schema\/logo\/image\/\"},\"sameAs\":[\"https:\/\/www.facebook.com\/coravantaacic\",\"https:\/\/x.com\/coravant\",\"https:\/\/www.instagram.com\/coravantaacic\/\",\"https:\/\/www.youtube.com\/@CorAvantAACIC_cardiopaties\",\"https:\/\/www.linkedin.com\/company\/fundacio-coravant\/\"]},{\"@type\":\"Person\",\"@id\":\"https:\/\/fundaciocoravant.org\/#\/schema\/person\/ddddb79ef964743dfdd6d64da1116530\",\"name\":\"maria\",\"url\":\"https:\/\/fundaciocoravant.org\/es\/author\/maria\/\"}]}<\/script>\n<!-- \/ Yoast SEO plugin. -->","yoast_head_json":{"title":"Relajarte, una forma de vivir el ahora y el aqu\u00ed - CorAvant","robots":{"index":"index","follow":"follow","max-snippet":"max-snippet:-1","max-image-preview":"max-image-preview:large","max-video-preview":"max-video-preview:-1"},"canonical":"https:\/\/fundaciocoravant.org\/es\/relajarte-una-forma-de-vivir-el-ahora-y-el-aqui\/","og_locale":"es_ES","og_type":"article","og_title":"Relajarte, una forma de vivir el ahora y el aqu\u00ed - CorAvant","og_description":"Cansancio, dificultades de atenci\u00f3n, cambios de humor, dolor de cabeza o muscular\u2026 son algunos de los s\u00edntomas principales del estr\u00e9s.","og_url":"https:\/\/fundaciocoravant.org\/es\/relajarte-una-forma-de-vivir-el-ahora-y-el-aqui\/","og_site_name":"CorAvant","article_publisher":"https:\/\/www.facebook.com\/coravantaacic","article_published_time":"2023-07-17T11:52:00+00:00","article_modified_time":"2026-04-22T09:30:53+00:00","og_image":[{"width":1000,"height":280,"url":"https:\/\/fundaciocoravant.org\/wp-content\/uploads\/2023\/07\/espigol.jpg","type":"image\/jpeg"}],"author":"maria","twitter_card":"summary_large_image","twitter_creator":"@coravant","twitter_site":"@coravant","twitter_misc":{"Escrito por":"maria","Tiempo de lectura":"4 minutos"},"schema":{"@context":"https:\/\/schema.org","@graph":[{"@type":"Article","@id":"https:\/\/fundaciocoravant.org\/es\/relajarte-una-forma-de-vivir-el-ahora-y-el-aqui\/#article","isPartOf":{"@id":"https:\/\/fundaciocoravant.org\/es\/relajarte-una-forma-de-vivir-el-ahora-y-el-aqui\/"},"author":{"name":"maria","@id":"https:\/\/fundaciocoravant.org\/#\/schema\/person\/ddddb79ef964743dfdd6d64da1116530"},"headline":"Relajarte, una forma de vivir el ahora y el aqu\u00ed","datePublished":"2023-07-17T11:52:00+00:00","dateModified":"2026-04-22T09:30:53+00:00","mainEntityOfPage":{"@id":"https:\/\/fundaciocoravant.org\/es\/relajarte-una-forma-de-vivir-el-ahora-y-el-aqui\/"},"wordCount":734,"publisher":{"@id":"https:\/\/fundaciocoravant.org\/#organization"},"image":{"@id":"https:\/\/fundaciocoravant.org\/es\/relajarte-una-forma-de-vivir-el-ahora-y-el-aqui\/#primaryimage"},"thumbnailUrl":"https:\/\/fundaciocoravant.org\/wp-content\/uploads\/2023\/07\/espigol.jpg","articleSection":["Art\u00edculos"],"inLanguage":"es"},{"@type":"WebPage","@id":"https:\/\/fundaciocoravant.org\/es\/relajarte-una-forma-de-vivir-el-ahora-y-el-aqui\/","url":"https:\/\/fundaciocoravant.org\/es\/relajarte-una-forma-de-vivir-el-ahora-y-el-aqui\/","name":"Relajarte, una forma de vivir el ahora y el aqu\u00ed - CorAvant","isPartOf":{"@id":"https:\/\/fundaciocoravant.org\/#website"},"primaryImageOfPage":{"@id":"https:\/\/fundaciocoravant.org\/es\/relajarte-una-forma-de-vivir-el-ahora-y-el-aqui\/#primaryimage"},"image":{"@id":"https:\/\/fundaciocoravant.org\/es\/relajarte-una-forma-de-vivir-el-ahora-y-el-aqui\/#primaryimage"},"thumbnailUrl":"https:\/\/fundaciocoravant.org\/wp-content\/uploads\/2023\/07\/espigol.jpg","datePublished":"2023-07-17T11:52:00+00:00","dateModified":"2026-04-22T09:30:53+00:00","breadcrumb":{"@id":"https:\/\/fundaciocoravant.org\/es\/relajarte-una-forma-de-vivir-el-ahora-y-el-aqui\/#breadcrumb"},"inLanguage":"es","potentialAction":[{"@type":"ReadAction","target":["https:\/\/fundaciocoravant.org\/es\/relajarte-una-forma-de-vivir-el-ahora-y-el-aqui\/"]}]},{"@type":"ImageObject","inLanguage":"es","@id":"https:\/\/fundaciocoravant.org\/es\/relajarte-una-forma-de-vivir-el-ahora-y-el-aqui\/#primaryimage","url":"https:\/\/fundaciocoravant.org\/wp-content\/uploads\/2023\/07\/espigol.jpg","contentUrl":"https:\/\/fundaciocoravant.org\/wp-content\/uploads\/2023\/07\/espigol.jpg","width":1000,"height":280,"caption":"lavanda"},{"@type":"BreadcrumbList","@id":"https:\/\/fundaciocoravant.org\/es\/relajarte-una-forma-de-vivir-el-ahora-y-el-aqui\/#breadcrumb","itemListElement":[{"@type":"ListItem","position":1,"name":"Home","item":"https:\/\/fundaciocoravant.org\/es\/"},{"@type":"ListItem","position":2,"name":"Relajarte, una forma de vivir el ahora y el aqu\u00ed"}]},{"@type":"WebSite","@id":"https:\/\/fundaciocoravant.org\/#website","url":"https:\/\/fundaciocoravant.org\/","name":"CorAvant","description":"Fundaci\u00f3 de joves i adults amb cardiopatia","publisher":{"@id":"https:\/\/fundaciocoravant.org\/#organization"},"potentialAction":[{"@type":"SearchAction","target":{"@type":"EntryPoint","urlTemplate":"https:\/\/fundaciocoravant.org\/?s={search_term_string}"},"query-input":{"@type":"PropertyValueSpecification","valueRequired":true,"valueName":"search_term_string"}}],"inLanguage":"es"},{"@type":"Organization","@id":"https:\/\/fundaciocoravant.org\/#organization","name":"CorAvant","url":"https:\/\/fundaciocoravant.org\/","logo":{"@type":"ImageObject","inLanguage":"es","@id":"https:\/\/fundaciocoravant.org\/#\/schema\/logo\/image\/","url":"https:\/\/fundaciocoravant.org\/wp-content\/uploads\/2025\/11\/cropped-cropped-LOGO_CORAVANT-15-anys_CASTELLANO.png","contentUrl":"https:\/\/fundaciocoravant.org\/wp-content\/uploads\/2025\/11\/cropped-cropped-LOGO_CORAVANT-15-anys_CASTELLANO.png","width":1404,"height":979,"caption":"CorAvant"},"image":{"@id":"https:\/\/fundaciocoravant.org\/#\/schema\/logo\/image\/"},"sameAs":["https:\/\/www.facebook.com\/coravantaacic","https:\/\/x.com\/coravant","https:\/\/www.instagram.com\/coravantaacic\/","https:\/\/www.youtube.com\/@CorAvantAACIC_cardiopaties","https:\/\/www.linkedin.com\/company\/fundacio-coravant\/"]},{"@type":"Person","@id":"https:\/\/fundaciocoravant.org\/#\/schema\/person\/ddddb79ef964743dfdd6d64da1116530","name":"maria","url":"https:\/\/fundaciocoravant.org\/es\/author\/maria\/"}]}},"_links":{"self":[{"href":"https:\/\/fundaciocoravant.org\/es\/wp-json\/wp\/v2\/posts\/1723","targetHints":{"allow":["GET"]}}],"collection":[{"href":"https:\/\/fundaciocoravant.org\/es\/wp-json\/wp\/v2\/posts"}],"about":[{"href":"https:\/\/fundaciocoravant.org\/es\/wp-json\/wp\/v2\/types\/post"}],"author":[{"embeddable":true,"href":"https:\/\/fundaciocoravant.org\/es\/wp-json\/wp\/v2\/users\/2"}],"replies":[{"embeddable":true,"href":"https:\/\/fundaciocoravant.org\/es\/wp-json\/wp\/v2\/comments?post=1723"}],"version-history":[{"count":7,"href":"https:\/\/fundaciocoravant.org\/es\/wp-json\/wp\/v2\/posts\/1723\/revisions"}],"predecessor-version":[{"id":1883,"href":"https:\/\/fundaciocoravant.org\/es\/wp-json\/wp\/v2\/posts\/1723\/revisions\/1883"}],"wp:featuredmedia":[{"embeddable":true,"href":"https:\/\/fundaciocoravant.org\/es\/wp-json\/wp\/v2\/media\/1878"}],"wp:attachment":[{"href":"https:\/\/fundaciocoravant.org\/es\/wp-json\/wp\/v2\/media?parent=1723"}],"wp:term":[{"taxonomy":"category","embeddable":true,"href":"https:\/\/fundaciocoravant.org\/es\/wp-json\/wp\/v2\/categories?post=1723"},{"taxonomy":"post_tag","embeddable":true,"href":"https:\/\/fundaciocoravant.org\/es\/wp-json\/wp\/v2\/tags?post=1723"}],"curies":[{"name":"wp","href":"https:\/\/api.w.org\/{rel}","templated":true}]}}