{"id":1729,"date":"2023-07-14T11:59:00","date_gmt":"2023-07-14T11:59:00","guid":{"rendered":"https:\/\/fundaciocoravant.org\/?p=1729"},"modified":"2026-04-23T14:03:07","modified_gmt":"2026-04-23T14:03:07","slug":"digamos-si-a-las-pequenas-cosas","status":"publish","type":"post","link":"https:\/\/fundaciocoravant.org\/es\/digamos-si-a-las-pequenas-cosas\/","title":{"rendered":"Digamos s\u00ed a las peque\u00f1as cosas\u2026"},"content":{"rendered":"\n<p>\u00bfLas personas con discapacidad son m\u00e1s felices que el resto? Hay gente que me ha hecho notar como de felices se ven algunas personas con discapacidad. <\/p>\n\n<p><strong>Y se preguntan: \u00bfC\u00f3mo puede ser que personas que tienen tantas dificultades en su d\u00eda a d\u00eda puedan ser felices?<\/strong><\/p>\n\n<p>La respuesta podr\u00eda ser que hay personas con discapacidad, y no todas, igual que personas sin una aparente problem\u00e1tica, que saben vivir y disfrutar de las peque\u00f1as cosas que les lleva la vida.<\/p>\n\n<p><strong>\u00bfY c\u00f3mo se hace esto?<\/strong><\/p>\n\n<p>Muchas veces esta actitud positiva es parte del car\u00e1cter, pero en la mayor\u00eda de los casos es algo aprendido. Se trata de vivir el ahora y el aqu\u00ed y valorar las peque\u00f1as cosas que llegan y no olvidarnos de ellas perdidos en la busca de una felicidad absoluta que no llegar\u00e1 nunca. <\/p>\n\n<p>La filosof\u00eda de vivir la aqu\u00ed y la ahora es antigua, pero \u00faltimamente parece que ha vuelto a ponerse de moda y la pr\u00e1ctica del <em>mindfulness <\/em>gana adeptos por instantes.<\/p>\n\n<p>M\u00e1s all\u00e1 de las modas, hay varios estudios que avalan cient\u00edficamente los beneficios de esta pr\u00e1ctica: mejora la salud f\u00edsica y mental, reduce el estr\u00e9s y la ansiedad, reduce el dolor cr\u00f3nico, etc.<\/p>\n\n<p>Vivir el aqu\u00ed y el ahora quiere decir poner el foco en aquello que estamos haciendo en el momento que lo hacemos y prescindiendo de todo el resto, focalizarnos en el momento presente, olvidando el pasado y el futuro, y esto nos ayuda de varias maneras: para un profesional, es la forma de concentrarse a hacer su trabajo de la manera m\u00e1s eficaz y correcta posible; para una madre o padre, significa dar la atenci\u00f3n a su criatura como si no hubiera nada m\u00e1s en el mundo; para una amiga, significa mirar a los ojos a la persona que le est\u00e1 explicando alguna preocupaci\u00f3n, d\u00e1ndole presencia.<\/p>\n\n<p><strong>Esta manera de vivir parece fant\u00e1stica para las personas en general, pero, para las personas con discapacidad, tambi\u00e9n les tiene que aportar beneficios, \u00bfverdad?<\/strong><\/p>\n\n<p>Tener una discapacidad que te limita genera una gran ansiedad y estr\u00e9s; las trabas del nuestro entorno nos pueden hacer perder la paciencia y generar sentimientos de impotencia que nos lleven a la depresi\u00f3n; el dolor f\u00edsico con el que tenemos que bregar cada d\u00eda nos puede llegar a abrumar y a imposibilitar de hacer vida normal; y un largo etc\u00e9tera.<\/p>\n\n<p><strong>Viendo personas con discapacidad que se muestran felices y disfrutan de la vida surge la pregunta: \u00bfes que su discapacidad es menos intensa e incapacitante que otra? \u00bfO es la actitud con que se lo toman la que marca la diferencia? <\/strong><\/p>\n\n<p>He escuchado a menudo que la felicidad es una actitud, es disfrutar de los peque\u00f1os momentos de la vida, se trata de ir haciendo peque\u00f1as cosas que al final har\u00e1n un gran que. Como ir poniendo granitos de arena que al final formar\u00e1n una duna. Dicen que un elefante te lo comes pedazo a pedazo, \u00bfverdad?  <\/p>\n\n<p>Si no sabemos como hacerlo, podemos probar lo que dice un amigo m\u00edo: \u00abDi que s\u00ed a las peque\u00f1as cosas: cuando alguien te pide algo f\u00e1cil de cumplir como quedamos para hacer un caf\u00e9, ven a jugar conmigo, mam\u00e1\u2026; sonr\u00ede que el d\u00eda es bonito; o env\u00eda un \u2018mensajito\u2019 a aquel amigo del que parece que te has alejado \u00faltimamente\u2026\u00bb<\/p>\n\n<p><strong>Si dedicamos nuestra energ\u00eda y amor, si nos enfocamos en el momento ahora y aqu\u00ed, no s\u00e9 si podremos decir que somos felices, pero s\u00ed que hemos puesto toda nuestra energ\u00eda a hacerlo posible y esto ya cuenta! \u00bfLo probamos? <\/strong><\/p>\n\n<p>PD. Vivir el aqu\u00ed y el ahora tambi\u00e9n implica reivindicar los derechos de una forma asertiva y creando red. Esta tenacidad reivindicativa tambi\u00e9n se tiene que vivir y aporta felicidad, pero sin dejar de disfrutar del resto de momentos. Nos entendemos, \u00bfverdad?<\/p>\n\n<p><strong>Esther Jolonch Olaortua<\/strong><br\/>Vicepresidenta de COCEMFE Catalunya y directora de la Fundaci\u00f3 Catalana per a la Par\u00e0lisi Cerebral<\/p>\n\n<div style=\"height:50px\" aria-hidden=\"true\" class=\"wp-block-spacer\"><\/div>\n\n<p>Este art\u00edculo forma parte de la Revista 28 de la Asociaci\u00f3n de Cardiopat\u00edas Cong\u00e9nitas (AACIC) y de la Fundaci\u00f3n CorAvant, dedicada a la importancia de vivir el presente.<\/p>\n","protected":false},"excerpt":{"rendered":"<p>Un art\u00edculo de Esther Jolonch, vicepresidenta de COCEMFE Catalunya y directora de la Fundaci\u00f3 Catalana per a la Par\u00e0lisi Cerebral.<\/p>\n","protected":false},"author":2,"featured_media":1967,"comment_status":"closed","ping_status":"closed","sticky":false,"template":"","format":"standard","meta":{"_acf_changed":false,"give_campaign_id":0,"footnotes":""},"categories":[20],"tags":[],"class_list":["post-1729","post","type-post","status-publish","format-standard","has-post-thumbnail","hentry","category-articulos"],"acf":[],"yoast_head":"<!-- This site is optimized with the Yoast SEO plugin v27.2 - https:\/\/yoast.com\/product\/yoast-seo-wordpress\/ -->\n<title>Digamos s\u00ed a las peque\u00f1as cosas\u2026 - CorAvant<\/title>\n<meta name=\"robots\" content=\"index, follow, max-snippet:-1, max-image-preview:large, max-video-preview:-1\" \/>\n<link rel=\"canonical\" href=\"https:\/\/fundaciocoravant.org\/es\/digamos-si-a-las-pequenas-cosas\/\" \/>\n<meta property=\"og:locale\" content=\"es_ES\" \/>\n<meta property=\"og:type\" content=\"article\" \/>\n<meta property=\"og:title\" content=\"Digamos s\u00ed a las peque\u00f1as cosas\u2026 - CorAvant\" \/>\n<meta property=\"og:description\" content=\"Un art\u00edculo de Esther Jolonch, vicepresidenta de COCEMFE Catalunya y directora de la Fundaci\u00f3 Catalana per a la Par\u00e0lisi Cerebral.\" \/>\n<meta property=\"og:url\" content=\"https:\/\/fundaciocoravant.org\/es\/digamos-si-a-las-pequenas-cosas\/\" \/>\n<meta property=\"og:site_name\" content=\"CorAvant\" \/>\n<meta property=\"article:publisher\" content=\"https:\/\/www.facebook.com\/coravantaacic\" \/>\n<meta property=\"article:published_time\" content=\"2023-07-14T11:59:00+00:00\" \/>\n<meta property=\"article:modified_time\" content=\"2026-04-23T14:03:07+00:00\" \/>\n<meta property=\"og:image\" content=\"https:\/\/fundaciocoravant.org\/wp-content\/uploads\/2023\/07\/Imatge-duna-dona-en-un-camp-de-color-rosa.jpg\" \/>\n\t<meta property=\"og:image:width\" content=\"1000\" \/>\n\t<meta property=\"og:image:height\" content=\"280\" \/>\n\t<meta property=\"og:image:type\" content=\"image\/jpeg\" \/>\n<meta name=\"author\" content=\"maria\" \/>\n<meta name=\"twitter:card\" content=\"summary_large_image\" \/>\n<meta name=\"twitter:creator\" content=\"@coravant\" \/>\n<meta name=\"twitter:site\" content=\"@coravant\" \/>\n<meta name=\"twitter:label1\" content=\"Escrito por\" \/>\n\t<meta name=\"twitter:data1\" content=\"maria\" \/>\n\t<meta name=\"twitter:label2\" content=\"Tiempo de lectura\" \/>\n\t<meta name=\"twitter:data2\" content=\"4 minutos\" \/>\n<script type=\"application\/ld+json\" class=\"yoast-schema-graph\">{\"@context\":\"https:\/\/schema.org\",\"@graph\":[{\"@type\":\"Article\",\"@id\":\"https:\/\/fundaciocoravant.org\/es\/digamos-si-a-las-pequenas-cosas\/#article\",\"isPartOf\":{\"@id\":\"https:\/\/fundaciocoravant.org\/es\/digamos-si-a-las-pequenas-cosas\/\"},\"author\":{\"name\":\"maria\",\"@id\":\"https:\/\/fundaciocoravant.org\/#\/schema\/person\/ddddb79ef964743dfdd6d64da1116530\"},\"headline\":\"Digamos s\u00ed a las peque\u00f1as cosas\u2026\",\"datePublished\":\"2023-07-14T11:59:00+00:00\",\"dateModified\":\"2026-04-23T14:03:07+00:00\",\"mainEntityOfPage\":{\"@id\":\"https:\/\/fundaciocoravant.org\/es\/digamos-si-a-las-pequenas-cosas\/\"},\"wordCount\":732,\"publisher\":{\"@id\":\"https:\/\/fundaciocoravant.org\/#organization\"},\"image\":{\"@id\":\"https:\/\/fundaciocoravant.org\/es\/digamos-si-a-las-pequenas-cosas\/#primaryimage\"},\"thumbnailUrl\":\"https:\/\/fundaciocoravant.org\/wp-content\/uploads\/2023\/07\/Imatge-duna-dona-en-un-camp-de-color-rosa.jpg\",\"articleSection\":[\"Art\u00edculos\"],\"inLanguage\":\"es\"},{\"@type\":\"WebPage\",\"@id\":\"https:\/\/fundaciocoravant.org\/es\/digamos-si-a-las-pequenas-cosas\/\",\"url\":\"https:\/\/fundaciocoravant.org\/es\/digamos-si-a-las-pequenas-cosas\/\",\"name\":\"Digamos s\u00ed a las peque\u00f1as cosas\u2026 - CorAvant\",\"isPartOf\":{\"@id\":\"https:\/\/fundaciocoravant.org\/#website\"},\"primaryImageOfPage\":{\"@id\":\"https:\/\/fundaciocoravant.org\/es\/digamos-si-a-las-pequenas-cosas\/#primaryimage\"},\"image\":{\"@id\":\"https:\/\/fundaciocoravant.org\/es\/digamos-si-a-las-pequenas-cosas\/#primaryimage\"},\"thumbnailUrl\":\"https:\/\/fundaciocoravant.org\/wp-content\/uploads\/2023\/07\/Imatge-duna-dona-en-un-camp-de-color-rosa.jpg\",\"datePublished\":\"2023-07-14T11:59:00+00:00\",\"dateModified\":\"2026-04-23T14:03:07+00:00\",\"breadcrumb\":{\"@id\":\"https:\/\/fundaciocoravant.org\/es\/digamos-si-a-las-pequenas-cosas\/#breadcrumb\"},\"inLanguage\":\"es\",\"potentialAction\":[{\"@type\":\"ReadAction\",\"target\":[\"https:\/\/fundaciocoravant.org\/es\/digamos-si-a-las-pequenas-cosas\/\"]}]},{\"@type\":\"ImageObject\",\"inLanguage\":\"es\",\"@id\":\"https:\/\/fundaciocoravant.org\/es\/digamos-si-a-las-pequenas-cosas\/#primaryimage\",\"url\":\"https:\/\/fundaciocoravant.org\/wp-content\/uploads\/2023\/07\/Imatge-duna-dona-en-un-camp-de-color-rosa.jpg\",\"contentUrl\":\"https:\/\/fundaciocoravant.org\/wp-content\/uploads\/2023\/07\/Imatge-duna-dona-en-un-camp-de-color-rosa.jpg\",\"width\":1000,\"height\":280,\"caption\":\"Imagen de una mujer en un campo de color rosa\"},{\"@type\":\"BreadcrumbList\",\"@id\":\"https:\/\/fundaciocoravant.org\/es\/digamos-si-a-las-pequenas-cosas\/#breadcrumb\",\"itemListElement\":[{\"@type\":\"ListItem\",\"position\":1,\"name\":\"Home\",\"item\":\"https:\/\/fundaciocoravant.org\/es\/\"},{\"@type\":\"ListItem\",\"position\":2,\"name\":\"Digamos s\u00ed a las peque\u00f1as cosas\u2026\"}]},{\"@type\":\"WebSite\",\"@id\":\"https:\/\/fundaciocoravant.org\/#website\",\"url\":\"https:\/\/fundaciocoravant.org\/\",\"name\":\"CorAvant\",\"description\":\"Fundaci\u00f3 de joves i adults amb cardiopatia\",\"publisher\":{\"@id\":\"https:\/\/fundaciocoravant.org\/#organization\"},\"potentialAction\":[{\"@type\":\"SearchAction\",\"target\":{\"@type\":\"EntryPoint\",\"urlTemplate\":\"https:\/\/fundaciocoravant.org\/?s={search_term_string}\"},\"query-input\":{\"@type\":\"PropertyValueSpecification\",\"valueRequired\":true,\"valueName\":\"search_term_string\"}}],\"inLanguage\":\"es\"},{\"@type\":\"Organization\",\"@id\":\"https:\/\/fundaciocoravant.org\/#organization\",\"name\":\"CorAvant\",\"url\":\"https:\/\/fundaciocoravant.org\/\",\"logo\":{\"@type\":\"ImageObject\",\"inLanguage\":\"es\",\"@id\":\"https:\/\/fundaciocoravant.org\/#\/schema\/logo\/image\/\",\"url\":\"https:\/\/fundaciocoravant.org\/wp-content\/uploads\/2025\/11\/cropped-cropped-LOGO_CORAVANT-15-anys_CASTELLANO.png\",\"contentUrl\":\"https:\/\/fundaciocoravant.org\/wp-content\/uploads\/2025\/11\/cropped-cropped-LOGO_CORAVANT-15-anys_CASTELLANO.png\",\"width\":1404,\"height\":979,\"caption\":\"CorAvant\"},\"image\":{\"@id\":\"https:\/\/fundaciocoravant.org\/#\/schema\/logo\/image\/\"},\"sameAs\":[\"https:\/\/www.facebook.com\/coravantaacic\",\"https:\/\/x.com\/coravant\",\"https:\/\/www.instagram.com\/coravantaacic\/\",\"https:\/\/www.youtube.com\/@CorAvantAACIC_cardiopaties\",\"https:\/\/www.linkedin.com\/company\/fundacio-coravant\/\"]},{\"@type\":\"Person\",\"@id\":\"https:\/\/fundaciocoravant.org\/#\/schema\/person\/ddddb79ef964743dfdd6d64da1116530\",\"name\":\"maria\",\"url\":\"https:\/\/fundaciocoravant.org\/es\/author\/maria\/\"}]}<\/script>\n<!-- \/ Yoast SEO plugin. -->","yoast_head_json":{"title":"Digamos s\u00ed a las peque\u00f1as cosas\u2026 - CorAvant","robots":{"index":"index","follow":"follow","max-snippet":"max-snippet:-1","max-image-preview":"max-image-preview:large","max-video-preview":"max-video-preview:-1"},"canonical":"https:\/\/fundaciocoravant.org\/es\/digamos-si-a-las-pequenas-cosas\/","og_locale":"es_ES","og_type":"article","og_title":"Digamos s\u00ed a las peque\u00f1as cosas\u2026 - CorAvant","og_description":"Un art\u00edculo de Esther Jolonch, vicepresidenta de COCEMFE Catalunya y directora de la Fundaci\u00f3 Catalana per a la Par\u00e0lisi Cerebral.","og_url":"https:\/\/fundaciocoravant.org\/es\/digamos-si-a-las-pequenas-cosas\/","og_site_name":"CorAvant","article_publisher":"https:\/\/www.facebook.com\/coravantaacic","article_published_time":"2023-07-14T11:59:00+00:00","article_modified_time":"2026-04-23T14:03:07+00:00","og_image":[{"width":1000,"height":280,"url":"https:\/\/fundaciocoravant.org\/wp-content\/uploads\/2023\/07\/Imatge-duna-dona-en-un-camp-de-color-rosa.jpg","type":"image\/jpeg"}],"author":"maria","twitter_card":"summary_large_image","twitter_creator":"@coravant","twitter_site":"@coravant","twitter_misc":{"Escrito por":"maria","Tiempo de lectura":"4 minutos"},"schema":{"@context":"https:\/\/schema.org","@graph":[{"@type":"Article","@id":"https:\/\/fundaciocoravant.org\/es\/digamos-si-a-las-pequenas-cosas\/#article","isPartOf":{"@id":"https:\/\/fundaciocoravant.org\/es\/digamos-si-a-las-pequenas-cosas\/"},"author":{"name":"maria","@id":"https:\/\/fundaciocoravant.org\/#\/schema\/person\/ddddb79ef964743dfdd6d64da1116530"},"headline":"Digamos s\u00ed a las peque\u00f1as cosas\u2026","datePublished":"2023-07-14T11:59:00+00:00","dateModified":"2026-04-23T14:03:07+00:00","mainEntityOfPage":{"@id":"https:\/\/fundaciocoravant.org\/es\/digamos-si-a-las-pequenas-cosas\/"},"wordCount":732,"publisher":{"@id":"https:\/\/fundaciocoravant.org\/#organization"},"image":{"@id":"https:\/\/fundaciocoravant.org\/es\/digamos-si-a-las-pequenas-cosas\/#primaryimage"},"thumbnailUrl":"https:\/\/fundaciocoravant.org\/wp-content\/uploads\/2023\/07\/Imatge-duna-dona-en-un-camp-de-color-rosa.jpg","articleSection":["Art\u00edculos"],"inLanguage":"es"},{"@type":"WebPage","@id":"https:\/\/fundaciocoravant.org\/es\/digamos-si-a-las-pequenas-cosas\/","url":"https:\/\/fundaciocoravant.org\/es\/digamos-si-a-las-pequenas-cosas\/","name":"Digamos s\u00ed a las peque\u00f1as cosas\u2026 - CorAvant","isPartOf":{"@id":"https:\/\/fundaciocoravant.org\/#website"},"primaryImageOfPage":{"@id":"https:\/\/fundaciocoravant.org\/es\/digamos-si-a-las-pequenas-cosas\/#primaryimage"},"image":{"@id":"https:\/\/fundaciocoravant.org\/es\/digamos-si-a-las-pequenas-cosas\/#primaryimage"},"thumbnailUrl":"https:\/\/fundaciocoravant.org\/wp-content\/uploads\/2023\/07\/Imatge-duna-dona-en-un-camp-de-color-rosa.jpg","datePublished":"2023-07-14T11:59:00+00:00","dateModified":"2026-04-23T14:03:07+00:00","breadcrumb":{"@id":"https:\/\/fundaciocoravant.org\/es\/digamos-si-a-las-pequenas-cosas\/#breadcrumb"},"inLanguage":"es","potentialAction":[{"@type":"ReadAction","target":["https:\/\/fundaciocoravant.org\/es\/digamos-si-a-las-pequenas-cosas\/"]}]},{"@type":"ImageObject","inLanguage":"es","@id":"https:\/\/fundaciocoravant.org\/es\/digamos-si-a-las-pequenas-cosas\/#primaryimage","url":"https:\/\/fundaciocoravant.org\/wp-content\/uploads\/2023\/07\/Imatge-duna-dona-en-un-camp-de-color-rosa.jpg","contentUrl":"https:\/\/fundaciocoravant.org\/wp-content\/uploads\/2023\/07\/Imatge-duna-dona-en-un-camp-de-color-rosa.jpg","width":1000,"height":280,"caption":"Imagen de una mujer en un campo de color rosa"},{"@type":"BreadcrumbList","@id":"https:\/\/fundaciocoravant.org\/es\/digamos-si-a-las-pequenas-cosas\/#breadcrumb","itemListElement":[{"@type":"ListItem","position":1,"name":"Home","item":"https:\/\/fundaciocoravant.org\/es\/"},{"@type":"ListItem","position":2,"name":"Digamos s\u00ed a las peque\u00f1as cosas\u2026"}]},{"@type":"WebSite","@id":"https:\/\/fundaciocoravant.org\/#website","url":"https:\/\/fundaciocoravant.org\/","name":"CorAvant","description":"Fundaci\u00f3 de joves i adults amb cardiopatia","publisher":{"@id":"https:\/\/fundaciocoravant.org\/#organization"},"potentialAction":[{"@type":"SearchAction","target":{"@type":"EntryPoint","urlTemplate":"https:\/\/fundaciocoravant.org\/?s={search_term_string}"},"query-input":{"@type":"PropertyValueSpecification","valueRequired":true,"valueName":"search_term_string"}}],"inLanguage":"es"},{"@type":"Organization","@id":"https:\/\/fundaciocoravant.org\/#organization","name":"CorAvant","url":"https:\/\/fundaciocoravant.org\/","logo":{"@type":"ImageObject","inLanguage":"es","@id":"https:\/\/fundaciocoravant.org\/#\/schema\/logo\/image\/","url":"https:\/\/fundaciocoravant.org\/wp-content\/uploads\/2025\/11\/cropped-cropped-LOGO_CORAVANT-15-anys_CASTELLANO.png","contentUrl":"https:\/\/fundaciocoravant.org\/wp-content\/uploads\/2025\/11\/cropped-cropped-LOGO_CORAVANT-15-anys_CASTELLANO.png","width":1404,"height":979,"caption":"CorAvant"},"image":{"@id":"https:\/\/fundaciocoravant.org\/#\/schema\/logo\/image\/"},"sameAs":["https:\/\/www.facebook.com\/coravantaacic","https:\/\/x.com\/coravant","https:\/\/www.instagram.com\/coravantaacic\/","https:\/\/www.youtube.com\/@CorAvantAACIC_cardiopaties","https:\/\/www.linkedin.com\/company\/fundacio-coravant\/"]},{"@type":"Person","@id":"https:\/\/fundaciocoravant.org\/#\/schema\/person\/ddddb79ef964743dfdd6d64da1116530","name":"maria","url":"https:\/\/fundaciocoravant.org\/es\/author\/maria\/"}]}},"_links":{"self":[{"href":"https:\/\/fundaciocoravant.org\/es\/wp-json\/wp\/v2\/posts\/1729","targetHints":{"allow":["GET"]}}],"collection":[{"href":"https:\/\/fundaciocoravant.org\/es\/wp-json\/wp\/v2\/posts"}],"about":[{"href":"https:\/\/fundaciocoravant.org\/es\/wp-json\/wp\/v2\/types\/post"}],"author":[{"embeddable":true,"href":"https:\/\/fundaciocoravant.org\/es\/wp-json\/wp\/v2\/users\/2"}],"replies":[{"embeddable":true,"href":"https:\/\/fundaciocoravant.org\/es\/wp-json\/wp\/v2\/comments?post=1729"}],"version-history":[{"count":3,"href":"https:\/\/fundaciocoravant.org\/es\/wp-json\/wp\/v2\/posts\/1729\/revisions"}],"predecessor-version":[{"id":1972,"href":"https:\/\/fundaciocoravant.org\/es\/wp-json\/wp\/v2\/posts\/1729\/revisions\/1972"}],"wp:featuredmedia":[{"embeddable":true,"href":"https:\/\/fundaciocoravant.org\/es\/wp-json\/wp\/v2\/media\/1967"}],"wp:attachment":[{"href":"https:\/\/fundaciocoravant.org\/es\/wp-json\/wp\/v2\/media?parent=1729"}],"wp:term":[{"taxonomy":"category","embeddable":true,"href":"https:\/\/fundaciocoravant.org\/es\/wp-json\/wp\/v2\/categories?post=1729"},{"taxonomy":"post_tag","embeddable":true,"href":"https:\/\/fundaciocoravant.org\/es\/wp-json\/wp\/v2\/tags?post=1729"}],"curies":[{"name":"wp","href":"https:\/\/api.w.org\/{rel}","templated":true}]}}