{"id":1731,"date":"2023-07-04T11:53:00","date_gmt":"2023-07-04T11:53:00","guid":{"rendered":"https:\/\/fundaciocoravant.org\/?p=1731"},"modified":"2026-04-23T13:54:37","modified_gmt":"2026-04-23T13:54:37","slug":"vivir-el-aqui-y-el-ahora","status":"publish","type":"post","link":"https:\/\/fundaciocoravant.org\/es\/vivir-el-aqui-y-el-ahora\/","title":{"rendered":"Vivir el aqu\u00ed y el ahora"},"content":{"rendered":"\n<p>Vivimos en una sociedad en la cual todo pasa demasiado deprisa y nos obliga inconscientemente a participar de este juego que nos impide vivir el momento en plenitud y disfrutar del aqu\u00ed y el ahora. El tiempo pasa sin que nos demos cuenta y solo somos conscientes de su fragilidad en los momentos adversos. En definitiva, dedicamos poco tiempo a vivir de forma plena el presente.  <\/p>\n\n<p>A pesar de que saber disfrutar del momento presente parece una obviedad, son muy pocos los que lo consiguen. Nos hemos acostumbrado a vivir rememorando el pasado o imaginando el futuro, eludiendo el hecho de que la vida se reduce en el momento presente; en definitiva, nuestra mente pasa parte de la vida estancada en el pasado o pensando en el futuro. No es malo recordar momentos pasados, sean buenos o malos; el problema surge cuando revivir el pasado se vuelve una costumbre, cuando quedamos anclados en el pasado y no conseguimos sentirnos bien en el momento presente. Es fundamental aprender a centrar nuestra atenci\u00f3n en el ahora y entender que el pasado y el futuro son realidades en las cuales no podemos intervenir. El presente es todo lo que existe, es la \u00fanica realidad que tenemos a nuestro alcance. No siempre es necesario disfrutarlo, pero s\u00ed que es fundamental ser conscientes de lo que est\u00e1 sucediendo en todo momento.     <\/p>\n\n<p>Vivir el momento presente implica afrontar con actitud abierta todo aquello bueno y malo que nos pasa, aprender a reconocer nuestras emociones y sentimientos, y aceptarlos tal como son, siendo capaces de evitar que la tristeza o la a\u00f1oranza por el pasado, o la ansiedad y la incertidumbre del futuro nos paralicen. Durante a\u00f1os se nos ha ense\u00f1ado a controlar las emociones, sobre todo a evitar el dolor emocional. Las emociones no se pueden rehuir ni se tienen que controlar; si las sentimos es por alg\u00fan motivo, e identificarlas y gestionarlas nos ayudar\u00e1 a vivir en plenitud y disfrutar del aqu\u00ed y el ahora. Dejar atr\u00e1s el pasado, evitar controlar todo aquello que nos pasa y poner la atenci\u00f3n plena en cada cosa que hacemos, nos ayudar\u00e1 a disfrutar de forma consciente, despierta y atenta. Saborear lo que comemos con todos nuestros sentidos, apreciar las texturas, oler los aromas de la natura y apreciar todos los colores de nuestro alrededor, nos ayudar\u00e1 a experimentar bienestar y plenitud de vivir el presente, y acontecer\u00e1 una de las claves de nuestra salud mental.    <\/p>\n\n<p><strong>Griselda Fillat<\/strong><br\/>Presidenta de la Fundaci\u00f3n CorAvant<\/p>\n\n<div style=\"height:50px\" aria-hidden=\"true\" class=\"wp-block-spacer\"><\/div>\n\n<p>Este art\u00edculo forma parte de la Revista 28 de la Asociaci\u00f3n de Cardiopat\u00edas Cong\u00e9nitas (AACIC) y de la Fundaci\u00f3n CorAvant, dedicada a la importancia de vivir el presente.<\/p>\n","protected":false},"excerpt":{"rendered":"<p>Vivimos en una sociedad en la cual todo pasa demasiado deprisa y nos obliga inconscientemente a participar de este juego.<\/p>\n","protected":false},"author":2,"featured_media":1957,"comment_status":"closed","ping_status":"closed","sticky":false,"template":"","format":"standard","meta":{"_acf_changed":false,"give_campaign_id":0,"footnotes":""},"categories":[20],"tags":[],"class_list":["post-1731","post","type-post","status-publish","format-standard","has-post-thumbnail","hentry","category-articulos"],"acf":[],"yoast_head":"<!-- This site is optimized with the Yoast SEO plugin v27.2 - https:\/\/yoast.com\/product\/yoast-seo-wordpress\/ -->\n<title>Vivir el aqu\u00ed y el ahora - CorAvant<\/title>\n<meta name=\"robots\" content=\"index, follow, max-snippet:-1, max-image-preview:large, max-video-preview:-1\" \/>\n<link rel=\"canonical\" href=\"https:\/\/fundaciocoravant.org\/es\/vivir-el-aqui-y-el-ahora\/\" \/>\n<meta property=\"og:locale\" content=\"es_ES\" \/>\n<meta property=\"og:type\" content=\"article\" \/>\n<meta property=\"og:title\" content=\"Vivir el aqu\u00ed y el ahora - CorAvant\" \/>\n<meta property=\"og:description\" content=\"Vivimos en una sociedad en la cual todo pasa demasiado deprisa y nos obliga inconscientemente a participar de este juego.\" \/>\n<meta property=\"og:url\" content=\"https:\/\/fundaciocoravant.org\/es\/vivir-el-aqui-y-el-ahora\/\" \/>\n<meta property=\"og:site_name\" content=\"CorAvant\" \/>\n<meta property=\"article:publisher\" content=\"https:\/\/www.facebook.com\/coravantaacic\" \/>\n<meta property=\"article:published_time\" content=\"2023-07-04T11:53:00+00:00\" \/>\n<meta property=\"article:modified_time\" content=\"2026-04-23T13:54:37+00:00\" \/>\n<meta property=\"og:image\" content=\"https:\/\/fundaciocoravant.org\/wp-content\/uploads\/2023\/07\/Griselda-Fillat-1.jpg\" \/>\n\t<meta property=\"og:image:width\" content=\"1000\" \/>\n\t<meta property=\"og:image:height\" content=\"280\" \/>\n\t<meta property=\"og:image:type\" content=\"image\/jpeg\" \/>\n<meta name=\"author\" content=\"maria\" \/>\n<meta name=\"twitter:card\" content=\"summary_large_image\" \/>\n<meta name=\"twitter:creator\" content=\"@coravant\" \/>\n<meta name=\"twitter:site\" content=\"@coravant\" \/>\n<meta name=\"twitter:label1\" content=\"Escrito por\" \/>\n\t<meta name=\"twitter:data1\" content=\"maria\" \/>\n\t<meta name=\"twitter:label2\" content=\"Tiempo de lectura\" \/>\n\t<meta name=\"twitter:data2\" content=\"2 minutos\" \/>\n<script type=\"application\/ld+json\" class=\"yoast-schema-graph\">{\"@context\":\"https:\/\/schema.org\",\"@graph\":[{\"@type\":\"Article\",\"@id\":\"https:\/\/fundaciocoravant.org\/es\/vivir-el-aqui-y-el-ahora\/#article\",\"isPartOf\":{\"@id\":\"https:\/\/fundaciocoravant.org\/es\/vivir-el-aqui-y-el-ahora\/\"},\"author\":{\"name\":\"maria\",\"@id\":\"https:\/\/fundaciocoravant.org\/#\/schema\/person\/ddddb79ef964743dfdd6d64da1116530\"},\"headline\":\"Vivir el aqu\u00ed y el ahora\",\"datePublished\":\"2023-07-04T11:53:00+00:00\",\"dateModified\":\"2026-04-23T13:54:37+00:00\",\"mainEntityOfPage\":{\"@id\":\"https:\/\/fundaciocoravant.org\/es\/vivir-el-aqui-y-el-ahora\/\"},\"wordCount\":460,\"publisher\":{\"@id\":\"https:\/\/fundaciocoravant.org\/#organization\"},\"image\":{\"@id\":\"https:\/\/fundaciocoravant.org\/es\/vivir-el-aqui-y-el-ahora\/#primaryimage\"},\"thumbnailUrl\":\"https:\/\/fundaciocoravant.org\/wp-content\/uploads\/2023\/07\/Griselda-Fillat-1.jpg\",\"articleSection\":[\"Art\u00edculos\"],\"inLanguage\":\"es\"},{\"@type\":\"WebPage\",\"@id\":\"https:\/\/fundaciocoravant.org\/es\/vivir-el-aqui-y-el-ahora\/\",\"url\":\"https:\/\/fundaciocoravant.org\/es\/vivir-el-aqui-y-el-ahora\/\",\"name\":\"Vivir el aqu\u00ed y el ahora - CorAvant\",\"isPartOf\":{\"@id\":\"https:\/\/fundaciocoravant.org\/#website\"},\"primaryImageOfPage\":{\"@id\":\"https:\/\/fundaciocoravant.org\/es\/vivir-el-aqui-y-el-ahora\/#primaryimage\"},\"image\":{\"@id\":\"https:\/\/fundaciocoravant.org\/es\/vivir-el-aqui-y-el-ahora\/#primaryimage\"},\"thumbnailUrl\":\"https:\/\/fundaciocoravant.org\/wp-content\/uploads\/2023\/07\/Griselda-Fillat-1.jpg\",\"datePublished\":\"2023-07-04T11:53:00+00:00\",\"dateModified\":\"2026-04-23T13:54:37+00:00\",\"breadcrumb\":{\"@id\":\"https:\/\/fundaciocoravant.org\/es\/vivir-el-aqui-y-el-ahora\/#breadcrumb\"},\"inLanguage\":\"es\",\"potentialAction\":[{\"@type\":\"ReadAction\",\"target\":[\"https:\/\/fundaciocoravant.org\/es\/vivir-el-aqui-y-el-ahora\/\"]}]},{\"@type\":\"ImageObject\",\"inLanguage\":\"es\",\"@id\":\"https:\/\/fundaciocoravant.org\/es\/vivir-el-aqui-y-el-ahora\/#primaryimage\",\"url\":\"https:\/\/fundaciocoravant.org\/wp-content\/uploads\/2023\/07\/Griselda-Fillat-1.jpg\",\"contentUrl\":\"https:\/\/fundaciocoravant.org\/wp-content\/uploads\/2023\/07\/Griselda-Fillat-1.jpg\",\"width\":1000,\"height\":280,\"caption\":\"Griselda Fillat\"},{\"@type\":\"BreadcrumbList\",\"@id\":\"https:\/\/fundaciocoravant.org\/es\/vivir-el-aqui-y-el-ahora\/#breadcrumb\",\"itemListElement\":[{\"@type\":\"ListItem\",\"position\":1,\"name\":\"Home\",\"item\":\"https:\/\/fundaciocoravant.org\/es\/\"},{\"@type\":\"ListItem\",\"position\":2,\"name\":\"Vivir el aqu\u00ed y el ahora\"}]},{\"@type\":\"WebSite\",\"@id\":\"https:\/\/fundaciocoravant.org\/#website\",\"url\":\"https:\/\/fundaciocoravant.org\/\",\"name\":\"CorAvant\",\"description\":\"Fundaci\u00f3 de joves i adults amb cardiopatia\",\"publisher\":{\"@id\":\"https:\/\/fundaciocoravant.org\/#organization\"},\"potentialAction\":[{\"@type\":\"SearchAction\",\"target\":{\"@type\":\"EntryPoint\",\"urlTemplate\":\"https:\/\/fundaciocoravant.org\/?s={search_term_string}\"},\"query-input\":{\"@type\":\"PropertyValueSpecification\",\"valueRequired\":true,\"valueName\":\"search_term_string\"}}],\"inLanguage\":\"es\"},{\"@type\":\"Organization\",\"@id\":\"https:\/\/fundaciocoravant.org\/#organization\",\"name\":\"CorAvant\",\"url\":\"https:\/\/fundaciocoravant.org\/\",\"logo\":{\"@type\":\"ImageObject\",\"inLanguage\":\"es\",\"@id\":\"https:\/\/fundaciocoravant.org\/#\/schema\/logo\/image\/\",\"url\":\"https:\/\/fundaciocoravant.org\/wp-content\/uploads\/2025\/11\/cropped-cropped-LOGO_CORAVANT-15-anys_CASTELLANO.png\",\"contentUrl\":\"https:\/\/fundaciocoravant.org\/wp-content\/uploads\/2025\/11\/cropped-cropped-LOGO_CORAVANT-15-anys_CASTELLANO.png\",\"width\":1404,\"height\":979,\"caption\":\"CorAvant\"},\"image\":{\"@id\":\"https:\/\/fundaciocoravant.org\/#\/schema\/logo\/image\/\"},\"sameAs\":[\"https:\/\/www.facebook.com\/coravantaacic\",\"https:\/\/x.com\/coravant\",\"https:\/\/www.instagram.com\/coravantaacic\/\",\"https:\/\/www.youtube.com\/@CorAvantAACIC_cardiopaties\",\"https:\/\/www.linkedin.com\/company\/fundacio-coravant\/\"]},{\"@type\":\"Person\",\"@id\":\"https:\/\/fundaciocoravant.org\/#\/schema\/person\/ddddb79ef964743dfdd6d64da1116530\",\"name\":\"maria\",\"url\":\"https:\/\/fundaciocoravant.org\/es\/author\/maria\/\"}]}<\/script>\n<!-- \/ Yoast SEO plugin. -->","yoast_head_json":{"title":"Vivir el aqu\u00ed y el ahora - CorAvant","robots":{"index":"index","follow":"follow","max-snippet":"max-snippet:-1","max-image-preview":"max-image-preview:large","max-video-preview":"max-video-preview:-1"},"canonical":"https:\/\/fundaciocoravant.org\/es\/vivir-el-aqui-y-el-ahora\/","og_locale":"es_ES","og_type":"article","og_title":"Vivir el aqu\u00ed y el ahora - CorAvant","og_description":"Vivimos en una sociedad en la cual todo pasa demasiado deprisa y nos obliga inconscientemente a participar de este juego.","og_url":"https:\/\/fundaciocoravant.org\/es\/vivir-el-aqui-y-el-ahora\/","og_site_name":"CorAvant","article_publisher":"https:\/\/www.facebook.com\/coravantaacic","article_published_time":"2023-07-04T11:53:00+00:00","article_modified_time":"2026-04-23T13:54:37+00:00","og_image":[{"width":1000,"height":280,"url":"https:\/\/fundaciocoravant.org\/wp-content\/uploads\/2023\/07\/Griselda-Fillat-1.jpg","type":"image\/jpeg"}],"author":"maria","twitter_card":"summary_large_image","twitter_creator":"@coravant","twitter_site":"@coravant","twitter_misc":{"Escrito por":"maria","Tiempo de lectura":"2 minutos"},"schema":{"@context":"https:\/\/schema.org","@graph":[{"@type":"Article","@id":"https:\/\/fundaciocoravant.org\/es\/vivir-el-aqui-y-el-ahora\/#article","isPartOf":{"@id":"https:\/\/fundaciocoravant.org\/es\/vivir-el-aqui-y-el-ahora\/"},"author":{"name":"maria","@id":"https:\/\/fundaciocoravant.org\/#\/schema\/person\/ddddb79ef964743dfdd6d64da1116530"},"headline":"Vivir el aqu\u00ed y el ahora","datePublished":"2023-07-04T11:53:00+00:00","dateModified":"2026-04-23T13:54:37+00:00","mainEntityOfPage":{"@id":"https:\/\/fundaciocoravant.org\/es\/vivir-el-aqui-y-el-ahora\/"},"wordCount":460,"publisher":{"@id":"https:\/\/fundaciocoravant.org\/#organization"},"image":{"@id":"https:\/\/fundaciocoravant.org\/es\/vivir-el-aqui-y-el-ahora\/#primaryimage"},"thumbnailUrl":"https:\/\/fundaciocoravant.org\/wp-content\/uploads\/2023\/07\/Griselda-Fillat-1.jpg","articleSection":["Art\u00edculos"],"inLanguage":"es"},{"@type":"WebPage","@id":"https:\/\/fundaciocoravant.org\/es\/vivir-el-aqui-y-el-ahora\/","url":"https:\/\/fundaciocoravant.org\/es\/vivir-el-aqui-y-el-ahora\/","name":"Vivir el aqu\u00ed y el ahora - CorAvant","isPartOf":{"@id":"https:\/\/fundaciocoravant.org\/#website"},"primaryImageOfPage":{"@id":"https:\/\/fundaciocoravant.org\/es\/vivir-el-aqui-y-el-ahora\/#primaryimage"},"image":{"@id":"https:\/\/fundaciocoravant.org\/es\/vivir-el-aqui-y-el-ahora\/#primaryimage"},"thumbnailUrl":"https:\/\/fundaciocoravant.org\/wp-content\/uploads\/2023\/07\/Griselda-Fillat-1.jpg","datePublished":"2023-07-04T11:53:00+00:00","dateModified":"2026-04-23T13:54:37+00:00","breadcrumb":{"@id":"https:\/\/fundaciocoravant.org\/es\/vivir-el-aqui-y-el-ahora\/#breadcrumb"},"inLanguage":"es","potentialAction":[{"@type":"ReadAction","target":["https:\/\/fundaciocoravant.org\/es\/vivir-el-aqui-y-el-ahora\/"]}]},{"@type":"ImageObject","inLanguage":"es","@id":"https:\/\/fundaciocoravant.org\/es\/vivir-el-aqui-y-el-ahora\/#primaryimage","url":"https:\/\/fundaciocoravant.org\/wp-content\/uploads\/2023\/07\/Griselda-Fillat-1.jpg","contentUrl":"https:\/\/fundaciocoravant.org\/wp-content\/uploads\/2023\/07\/Griselda-Fillat-1.jpg","width":1000,"height":280,"caption":"Griselda Fillat"},{"@type":"BreadcrumbList","@id":"https:\/\/fundaciocoravant.org\/es\/vivir-el-aqui-y-el-ahora\/#breadcrumb","itemListElement":[{"@type":"ListItem","position":1,"name":"Home","item":"https:\/\/fundaciocoravant.org\/es\/"},{"@type":"ListItem","position":2,"name":"Vivir el aqu\u00ed y el ahora"}]},{"@type":"WebSite","@id":"https:\/\/fundaciocoravant.org\/#website","url":"https:\/\/fundaciocoravant.org\/","name":"CorAvant","description":"Fundaci\u00f3 de joves i adults amb cardiopatia","publisher":{"@id":"https:\/\/fundaciocoravant.org\/#organization"},"potentialAction":[{"@type":"SearchAction","target":{"@type":"EntryPoint","urlTemplate":"https:\/\/fundaciocoravant.org\/?s={search_term_string}"},"query-input":{"@type":"PropertyValueSpecification","valueRequired":true,"valueName":"search_term_string"}}],"inLanguage":"es"},{"@type":"Organization","@id":"https:\/\/fundaciocoravant.org\/#organization","name":"CorAvant","url":"https:\/\/fundaciocoravant.org\/","logo":{"@type":"ImageObject","inLanguage":"es","@id":"https:\/\/fundaciocoravant.org\/#\/schema\/logo\/image\/","url":"https:\/\/fundaciocoravant.org\/wp-content\/uploads\/2025\/11\/cropped-cropped-LOGO_CORAVANT-15-anys_CASTELLANO.png","contentUrl":"https:\/\/fundaciocoravant.org\/wp-content\/uploads\/2025\/11\/cropped-cropped-LOGO_CORAVANT-15-anys_CASTELLANO.png","width":1404,"height":979,"caption":"CorAvant"},"image":{"@id":"https:\/\/fundaciocoravant.org\/#\/schema\/logo\/image\/"},"sameAs":["https:\/\/www.facebook.com\/coravantaacic","https:\/\/x.com\/coravant","https:\/\/www.instagram.com\/coravantaacic\/","https:\/\/www.youtube.com\/@CorAvantAACIC_cardiopaties","https:\/\/www.linkedin.com\/company\/fundacio-coravant\/"]},{"@type":"Person","@id":"https:\/\/fundaciocoravant.org\/#\/schema\/person\/ddddb79ef964743dfdd6d64da1116530","name":"maria","url":"https:\/\/fundaciocoravant.org\/es\/author\/maria\/"}]}},"_links":{"self":[{"href":"https:\/\/fundaciocoravant.org\/es\/wp-json\/wp\/v2\/posts\/1731","targetHints":{"allow":["GET"]}}],"collection":[{"href":"https:\/\/fundaciocoravant.org\/es\/wp-json\/wp\/v2\/posts"}],"about":[{"href":"https:\/\/fundaciocoravant.org\/es\/wp-json\/wp\/v2\/types\/post"}],"author":[{"embeddable":true,"href":"https:\/\/fundaciocoravant.org\/es\/wp-json\/wp\/v2\/users\/2"}],"replies":[{"embeddable":true,"href":"https:\/\/fundaciocoravant.org\/es\/wp-json\/wp\/v2\/comments?post=1731"}],"version-history":[{"count":4,"href":"https:\/\/fundaciocoravant.org\/es\/wp-json\/wp\/v2\/posts\/1731\/revisions"}],"predecessor-version":[{"id":1961,"href":"https:\/\/fundaciocoravant.org\/es\/wp-json\/wp\/v2\/posts\/1731\/revisions\/1961"}],"wp:featuredmedia":[{"embeddable":true,"href":"https:\/\/fundaciocoravant.org\/es\/wp-json\/wp\/v2\/media\/1957"}],"wp:attachment":[{"href":"https:\/\/fundaciocoravant.org\/es\/wp-json\/wp\/v2\/media?parent=1731"}],"wp:term":[{"taxonomy":"category","embeddable":true,"href":"https:\/\/fundaciocoravant.org\/es\/wp-json\/wp\/v2\/categories?post=1731"},{"taxonomy":"post_tag","embeddable":true,"href":"https:\/\/fundaciocoravant.org\/es\/wp-json\/wp\/v2\/tags?post=1731"}],"curies":[{"name":"wp","href":"https:\/\/api.w.org\/{rel}","templated":true}]}}