{"id":1820,"date":"2025-11-27T13:23:45","date_gmt":"2025-11-27T13:23:45","guid":{"rendered":"https:\/\/fundaciocoravant.org\/la-fundacion-coravant-recibe-el-apoyo-de-cardioalianza-parala-campana-del-dia-mundial-del-corazon\/"},"modified":"2026-04-14T14:03:56","modified_gmt":"2026-04-14T14:03:56","slug":"la-fundacion-coravant-recibe-el-apoyo-de-cardioalianza-parala-campana-del-dia-mundial-del-corazon","status":"publish","type":"post","link":"https:\/\/fundaciocoravant.org\/es\/la-fundacion-coravant-recibe-el-apoyo-de-cardioalianza-parala-campana-del-dia-mundial-del-corazon\/","title":{"rendered":"La Fundaci\u00f3n CorAvant recibe el apoyo de Cardioalianza parala campa\u00f1a del D\u00eda Mundial del Coraz\u00f3n"},"content":{"rendered":"\n<p>La Fundaci\u00f3n CorAvant ha recibido una subvenci\u00f3n de <strong>Cardioalianza <\/strong>destinada a cubrir parte de los gastos de la campa\u00f1a del <strong>D\u00eda Mundial del Coraz\u00f3n<\/strong>, celebrado el 29 de septiembre, con acciones de sesnsibilizaci\u00f3n al terriotio catal\u00e1n.<\/p>\n\n<p>El objetivo principal de la campa\u00f1a ha estado concienciar la ciudadan\u00eda sobre la <strong>importancia de adoptar h\u00e1bitos de vida saludables<\/strong>, promoviendo peque\u00f1os cambios en el d\u00eda a d\u00eda que pueden tener un gran impacto en la <strong>salud cardiovascular.<\/strong><\/p>\n\n<p>Para lograr este objetivo, se han desarrollado varias acciones de comunicaci\u00f3n, sensibilizaci\u00f3n y participaci\u00f3n ciudadana. Entre estas, destaca la iniciativa<strong> \u201cCatalu\u00f1a se ilumina de rojo por el D\u00eda Mundial del Coraz\u00f3n\u201d<\/strong>, con la participaci\u00f3n de 79 municipios que iluminaron edificios emblem\u00e1ticos para dar visibilidad a la jornada. <\/p>\n\n<p>La campa\u00f1a tambi\u00e9n ha incluido <strong>charlas y talleres de h\u00e1bitos saludables<\/strong> en Tarragona y Lleida, caminatas populares y actividades culturales y divulgativas, as\u00ed como la colaboraci\u00f3n con hospitales, ayuntamientos y otras entidades del territorio.<\/p>\n\n<p>En cuanto a los materiales de sensibilizaci\u00f3n, se han dise\u00f1ado y distribuido 2.000 puntos de libro en cinco modelos diferentes, centrados en h\u00e1bitos saludables, as\u00ed como varios roll-ups informativos ubicados en centros hospitalarios como el Hospital Cl\u00ednic de Barcelona, el Hospital Vall d&#8217;Hebron y el Hospital Josep Trueta de Girona. <\/p>\n\n<p>La campa\u00f1a ha contado con una amplia difusi\u00f3n, tanto a trav\u00e9s de los medios de comunicaci\u00f3n como de las redes sociales, y ha permitido llegar a miles de personas. En total, 22 medios han hecho eco de la iniciativa y se han generado m\u00e1s de un centenar de publicaciones en redes sociales. <\/p>\n\n<p>Este ha sido el primer a\u00f1o en que la Fundaci\u00f3n CorAvant ha impulsado una campa\u00f1a propia con motivo del D\u00eda Mundial del Coraz\u00f3n, con unos resultados muy positivos que han superado las expectativas iniciales. La participaci\u00f3n activa de instituciones, profesionales y ciudadan\u00eda ha estado clave para ampliar el impacto de las acciones y reforzar el mensaje de prevenci\u00f3n y cura de la salud cardiovascular. <\/p>\n\n<p>Desde la Fundaci\u00f3n CorAvant queremos agradecer el apoyo de Cardioalianza, que ha hecho posible el desarrollo de esta campa\u00f1a, as\u00ed como la implicaci\u00f3n de todas las entidades, instituciones y personas que han colaborado.<\/p>\n","protected":false},"excerpt":{"rendered":"<p>La Fundaci\u00f3 CorAvant ha recibido una subvenc\u00f3n de Cardioalianza destinada a cubrir parte de los gastos de la campa\u00f1a.<\/p>\n","protected":false},"author":2,"featured_media":1819,"comment_status":"closed","ping_status":"closed","sticky":false,"template":"","format":"standard","meta":{"_acf_changed":false,"give_campaign_id":0,"footnotes":""},"categories":[5],"tags":[],"class_list":["post-1820","post","type-post","status-publish","format-standard","has-post-thumbnail","hentry","category-noticias"],"acf":[],"yoast_head":"<!-- This site is optimized with the Yoast SEO plugin v27.2 - https:\/\/yoast.com\/product\/yoast-seo-wordpress\/ -->\n<title>La Fundaci\u00f3n CorAvant recibe el apoyo de Cardioalianza parala campa\u00f1a del D\u00eda Mundial del Coraz\u00f3n - CorAvant<\/title>\n<meta name=\"robots\" content=\"index, follow, max-snippet:-1, max-image-preview:large, max-video-preview:-1\" \/>\n<link rel=\"canonical\" href=\"https:\/\/fundaciocoravant.org\/es\/la-fundacion-coravant-recibe-el-apoyo-de-cardioalianza-parala-campana-del-dia-mundial-del-corazon\/\" \/>\n<meta property=\"og:locale\" content=\"es_ES\" \/>\n<meta property=\"og:type\" content=\"article\" \/>\n<meta property=\"og:title\" content=\"La Fundaci\u00f3n CorAvant recibe el apoyo de Cardioalianza parala campa\u00f1a del D\u00eda Mundial del Coraz\u00f3n - CorAvant\" \/>\n<meta property=\"og:description\" content=\"La Fundaci\u00f3 CorAvant ha recibido una subvenc\u00f3n de Cardioalianza destinada a cubrir parte de los gastos de la campa\u00f1a.\" \/>\n<meta property=\"og:url\" content=\"https:\/\/fundaciocoravant.org\/es\/la-fundacion-coravant-recibe-el-apoyo-de-cardioalianza-parala-campana-del-dia-mundial-del-corazon\/\" \/>\n<meta property=\"og:site_name\" content=\"CorAvant\" \/>\n<meta property=\"article:publisher\" content=\"https:\/\/www.facebook.com\/coravantaacic\" \/>\n<meta property=\"article:published_time\" content=\"2025-11-27T13:23:45+00:00\" \/>\n<meta property=\"article:modified_time\" content=\"2026-04-14T14:03:56+00:00\" \/>\n<meta property=\"og:image\" content=\"https:\/\/fundaciocoravant.org\/wp-content\/uploads\/2026\/04\/Dia-Mundial-del-Cor-2025.jpg\" \/>\n\t<meta property=\"og:image:width\" content=\"1000\" \/>\n\t<meta property=\"og:image:height\" content=\"280\" \/>\n\t<meta property=\"og:image:type\" content=\"image\/jpeg\" \/>\n<meta name=\"author\" content=\"maria\" \/>\n<meta name=\"twitter:card\" content=\"summary_large_image\" \/>\n<meta name=\"twitter:creator\" content=\"@coravant\" \/>\n<meta name=\"twitter:site\" content=\"@coravant\" \/>\n<meta name=\"twitter:label1\" content=\"Escrito por\" \/>\n\t<meta name=\"twitter:data1\" content=\"maria\" \/>\n\t<meta name=\"twitter:label2\" content=\"Tiempo de lectura\" \/>\n\t<meta name=\"twitter:data2\" content=\"2 minutos\" \/>\n<script type=\"application\/ld+json\" class=\"yoast-schema-graph\">{\"@context\":\"https:\/\/schema.org\",\"@graph\":[{\"@type\":\"Article\",\"@id\":\"https:\/\/fundaciocoravant.org\/es\/la-fundacion-coravant-recibe-el-apoyo-de-cardioalianza-parala-campana-del-dia-mundial-del-corazon\/#article\",\"isPartOf\":{\"@id\":\"https:\/\/fundaciocoravant.org\/es\/la-fundacion-coravant-recibe-el-apoyo-de-cardioalianza-parala-campana-del-dia-mundial-del-corazon\/\"},\"author\":{\"name\":\"maria\",\"@id\":\"https:\/\/fundaciocoravant.org\/#\/schema\/person\/ddddb79ef964743dfdd6d64da1116530\"},\"headline\":\"La Fundaci\u00f3n CorAvant recibe el apoyo de Cardioalianza parala campa\u00f1a del D\u00eda Mundial del Coraz\u00f3n\",\"datePublished\":\"2025-11-27T13:23:45+00:00\",\"dateModified\":\"2026-04-14T14:03:56+00:00\",\"mainEntityOfPage\":{\"@id\":\"https:\/\/fundaciocoravant.org\/es\/la-fundacion-coravant-recibe-el-apoyo-de-cardioalianza-parala-campana-del-dia-mundial-del-corazon\/\"},\"wordCount\":415,\"publisher\":{\"@id\":\"https:\/\/fundaciocoravant.org\/#organization\"},\"image\":{\"@id\":\"https:\/\/fundaciocoravant.org\/es\/la-fundacion-coravant-recibe-el-apoyo-de-cardioalianza-parala-campana-del-dia-mundial-del-corazon\/#primaryimage\"},\"thumbnailUrl\":\"https:\/\/fundaciocoravant.org\/wp-content\/uploads\/2026\/04\/Dia-Mundial-del-Cor-2025.jpg\",\"articleSection\":[\"Noticias\"],\"inLanguage\":\"es\"},{\"@type\":\"WebPage\",\"@id\":\"https:\/\/fundaciocoravant.org\/es\/la-fundacion-coravant-recibe-el-apoyo-de-cardioalianza-parala-campana-del-dia-mundial-del-corazon\/\",\"url\":\"https:\/\/fundaciocoravant.org\/es\/la-fundacion-coravant-recibe-el-apoyo-de-cardioalianza-parala-campana-del-dia-mundial-del-corazon\/\",\"name\":\"La Fundaci\u00f3n CorAvant recibe el apoyo de Cardioalianza parala campa\u00f1a del D\u00eda Mundial del Coraz\u00f3n - CorAvant\",\"isPartOf\":{\"@id\":\"https:\/\/fundaciocoravant.org\/#website\"},\"primaryImageOfPage\":{\"@id\":\"https:\/\/fundaciocoravant.org\/es\/la-fundacion-coravant-recibe-el-apoyo-de-cardioalianza-parala-campana-del-dia-mundial-del-corazon\/#primaryimage\"},\"image\":{\"@id\":\"https:\/\/fundaciocoravant.org\/es\/la-fundacion-coravant-recibe-el-apoyo-de-cardioalianza-parala-campana-del-dia-mundial-del-corazon\/#primaryimage\"},\"thumbnailUrl\":\"https:\/\/fundaciocoravant.org\/wp-content\/uploads\/2026\/04\/Dia-Mundial-del-Cor-2025.jpg\",\"datePublished\":\"2025-11-27T13:23:45+00:00\",\"dateModified\":\"2026-04-14T14:03:56+00:00\",\"breadcrumb\":{\"@id\":\"https:\/\/fundaciocoravant.org\/es\/la-fundacion-coravant-recibe-el-apoyo-de-cardioalianza-parala-campana-del-dia-mundial-del-corazon\/#breadcrumb\"},\"inLanguage\":\"es\",\"potentialAction\":[{\"@type\":\"ReadAction\",\"target\":[\"https:\/\/fundaciocoravant.org\/es\/la-fundacion-coravant-recibe-el-apoyo-de-cardioalianza-parala-campana-del-dia-mundial-del-corazon\/\"]}]},{\"@type\":\"ImageObject\",\"inLanguage\":\"es\",\"@id\":\"https:\/\/fundaciocoravant.org\/es\/la-fundacion-coravant-recibe-el-apoyo-de-cardioalianza-parala-campana-del-dia-mundial-del-corazon\/#primaryimage\",\"url\":\"https:\/\/fundaciocoravant.org\/wp-content\/uploads\/2026\/04\/Dia-Mundial-del-Cor-2025.jpg\",\"contentUrl\":\"https:\/\/fundaciocoravant.org\/wp-content\/uploads\/2026\/04\/Dia-Mundial-del-Cor-2025.jpg\",\"width\":1000,\"height\":280,\"caption\":\"D\u00eda Mundial del Coraz\u00f3n 2025\"},{\"@type\":\"BreadcrumbList\",\"@id\":\"https:\/\/fundaciocoravant.org\/es\/la-fundacion-coravant-recibe-el-apoyo-de-cardioalianza-parala-campana-del-dia-mundial-del-corazon\/#breadcrumb\",\"itemListElement\":[{\"@type\":\"ListItem\",\"position\":1,\"name\":\"Home\",\"item\":\"https:\/\/fundaciocoravant.org\/es\/\"},{\"@type\":\"ListItem\",\"position\":2,\"name\":\"La Fundaci\u00f3n CorAvant recibe el apoyo de Cardioalianza parala campa\u00f1a del D\u00eda Mundial del Coraz\u00f3n\"}]},{\"@type\":\"WebSite\",\"@id\":\"https:\/\/fundaciocoravant.org\/#website\",\"url\":\"https:\/\/fundaciocoravant.org\/\",\"name\":\"CorAvant\",\"description\":\"Fundaci\u00f3 de joves i adults amb cardiopatia\",\"publisher\":{\"@id\":\"https:\/\/fundaciocoravant.org\/#organization\"},\"potentialAction\":[{\"@type\":\"SearchAction\",\"target\":{\"@type\":\"EntryPoint\",\"urlTemplate\":\"https:\/\/fundaciocoravant.org\/?s={search_term_string}\"},\"query-input\":{\"@type\":\"PropertyValueSpecification\",\"valueRequired\":true,\"valueName\":\"search_term_string\"}}],\"inLanguage\":\"es\"},{\"@type\":\"Organization\",\"@id\":\"https:\/\/fundaciocoravant.org\/#organization\",\"name\":\"CorAvant\",\"url\":\"https:\/\/fundaciocoravant.org\/\",\"logo\":{\"@type\":\"ImageObject\",\"inLanguage\":\"es\",\"@id\":\"https:\/\/fundaciocoravant.org\/#\/schema\/logo\/image\/\",\"url\":\"https:\/\/fundaciocoravant.org\/wp-content\/uploads\/2025\/11\/cropped-cropped-LOGO_CORAVANT-15-anys_CASTELLANO.png\",\"contentUrl\":\"https:\/\/fundaciocoravant.org\/wp-content\/uploads\/2025\/11\/cropped-cropped-LOGO_CORAVANT-15-anys_CASTELLANO.png\",\"width\":1404,\"height\":979,\"caption\":\"CorAvant\"},\"image\":{\"@id\":\"https:\/\/fundaciocoravant.org\/#\/schema\/logo\/image\/\"},\"sameAs\":[\"https:\/\/www.facebook.com\/coravantaacic\",\"https:\/\/x.com\/coravant\",\"https:\/\/www.instagram.com\/coravantaacic\/\",\"https:\/\/www.youtube.com\/@CorAvantAACIC_cardiopaties\",\"https:\/\/www.linkedin.com\/company\/fundacio-coravant\/\"]},{\"@type\":\"Person\",\"@id\":\"https:\/\/fundaciocoravant.org\/#\/schema\/person\/ddddb79ef964743dfdd6d64da1116530\",\"name\":\"maria\",\"url\":\"https:\/\/fundaciocoravant.org\/es\/author\/maria\/\"}]}<\/script>\n<!-- \/ Yoast SEO plugin. -->","yoast_head_json":{"title":"La Fundaci\u00f3n CorAvant recibe el apoyo de Cardioalianza parala campa\u00f1a del D\u00eda Mundial del Coraz\u00f3n - CorAvant","robots":{"index":"index","follow":"follow","max-snippet":"max-snippet:-1","max-image-preview":"max-image-preview:large","max-video-preview":"max-video-preview:-1"},"canonical":"https:\/\/fundaciocoravant.org\/es\/la-fundacion-coravant-recibe-el-apoyo-de-cardioalianza-parala-campana-del-dia-mundial-del-corazon\/","og_locale":"es_ES","og_type":"article","og_title":"La Fundaci\u00f3n CorAvant recibe el apoyo de Cardioalianza parala campa\u00f1a del D\u00eda Mundial del Coraz\u00f3n - CorAvant","og_description":"La Fundaci\u00f3 CorAvant ha recibido una subvenc\u00f3n de Cardioalianza destinada a cubrir parte de los gastos de la campa\u00f1a.","og_url":"https:\/\/fundaciocoravant.org\/es\/la-fundacion-coravant-recibe-el-apoyo-de-cardioalianza-parala-campana-del-dia-mundial-del-corazon\/","og_site_name":"CorAvant","article_publisher":"https:\/\/www.facebook.com\/coravantaacic","article_published_time":"2025-11-27T13:23:45+00:00","article_modified_time":"2026-04-14T14:03:56+00:00","og_image":[{"width":1000,"height":280,"url":"https:\/\/fundaciocoravant.org\/wp-content\/uploads\/2026\/04\/Dia-Mundial-del-Cor-2025.jpg","type":"image\/jpeg"}],"author":"maria","twitter_card":"summary_large_image","twitter_creator":"@coravant","twitter_site":"@coravant","twitter_misc":{"Escrito por":"maria","Tiempo de lectura":"2 minutos"},"schema":{"@context":"https:\/\/schema.org","@graph":[{"@type":"Article","@id":"https:\/\/fundaciocoravant.org\/es\/la-fundacion-coravant-recibe-el-apoyo-de-cardioalianza-parala-campana-del-dia-mundial-del-corazon\/#article","isPartOf":{"@id":"https:\/\/fundaciocoravant.org\/es\/la-fundacion-coravant-recibe-el-apoyo-de-cardioalianza-parala-campana-del-dia-mundial-del-corazon\/"},"author":{"name":"maria","@id":"https:\/\/fundaciocoravant.org\/#\/schema\/person\/ddddb79ef964743dfdd6d64da1116530"},"headline":"La Fundaci\u00f3n CorAvant recibe el apoyo de Cardioalianza parala campa\u00f1a del D\u00eda Mundial del Coraz\u00f3n","datePublished":"2025-11-27T13:23:45+00:00","dateModified":"2026-04-14T14:03:56+00:00","mainEntityOfPage":{"@id":"https:\/\/fundaciocoravant.org\/es\/la-fundacion-coravant-recibe-el-apoyo-de-cardioalianza-parala-campana-del-dia-mundial-del-corazon\/"},"wordCount":415,"publisher":{"@id":"https:\/\/fundaciocoravant.org\/#organization"},"image":{"@id":"https:\/\/fundaciocoravant.org\/es\/la-fundacion-coravant-recibe-el-apoyo-de-cardioalianza-parala-campana-del-dia-mundial-del-corazon\/#primaryimage"},"thumbnailUrl":"https:\/\/fundaciocoravant.org\/wp-content\/uploads\/2026\/04\/Dia-Mundial-del-Cor-2025.jpg","articleSection":["Noticias"],"inLanguage":"es"},{"@type":"WebPage","@id":"https:\/\/fundaciocoravant.org\/es\/la-fundacion-coravant-recibe-el-apoyo-de-cardioalianza-parala-campana-del-dia-mundial-del-corazon\/","url":"https:\/\/fundaciocoravant.org\/es\/la-fundacion-coravant-recibe-el-apoyo-de-cardioalianza-parala-campana-del-dia-mundial-del-corazon\/","name":"La Fundaci\u00f3n CorAvant recibe el apoyo de Cardioalianza parala campa\u00f1a del D\u00eda Mundial del Coraz\u00f3n - CorAvant","isPartOf":{"@id":"https:\/\/fundaciocoravant.org\/#website"},"primaryImageOfPage":{"@id":"https:\/\/fundaciocoravant.org\/es\/la-fundacion-coravant-recibe-el-apoyo-de-cardioalianza-parala-campana-del-dia-mundial-del-corazon\/#primaryimage"},"image":{"@id":"https:\/\/fundaciocoravant.org\/es\/la-fundacion-coravant-recibe-el-apoyo-de-cardioalianza-parala-campana-del-dia-mundial-del-corazon\/#primaryimage"},"thumbnailUrl":"https:\/\/fundaciocoravant.org\/wp-content\/uploads\/2026\/04\/Dia-Mundial-del-Cor-2025.jpg","datePublished":"2025-11-27T13:23:45+00:00","dateModified":"2026-04-14T14:03:56+00:00","breadcrumb":{"@id":"https:\/\/fundaciocoravant.org\/es\/la-fundacion-coravant-recibe-el-apoyo-de-cardioalianza-parala-campana-del-dia-mundial-del-corazon\/#breadcrumb"},"inLanguage":"es","potentialAction":[{"@type":"ReadAction","target":["https:\/\/fundaciocoravant.org\/es\/la-fundacion-coravant-recibe-el-apoyo-de-cardioalianza-parala-campana-del-dia-mundial-del-corazon\/"]}]},{"@type":"ImageObject","inLanguage":"es","@id":"https:\/\/fundaciocoravant.org\/es\/la-fundacion-coravant-recibe-el-apoyo-de-cardioalianza-parala-campana-del-dia-mundial-del-corazon\/#primaryimage","url":"https:\/\/fundaciocoravant.org\/wp-content\/uploads\/2026\/04\/Dia-Mundial-del-Cor-2025.jpg","contentUrl":"https:\/\/fundaciocoravant.org\/wp-content\/uploads\/2026\/04\/Dia-Mundial-del-Cor-2025.jpg","width":1000,"height":280,"caption":"D\u00eda Mundial del Coraz\u00f3n 2025"},{"@type":"BreadcrumbList","@id":"https:\/\/fundaciocoravant.org\/es\/la-fundacion-coravant-recibe-el-apoyo-de-cardioalianza-parala-campana-del-dia-mundial-del-corazon\/#breadcrumb","itemListElement":[{"@type":"ListItem","position":1,"name":"Home","item":"https:\/\/fundaciocoravant.org\/es\/"},{"@type":"ListItem","position":2,"name":"La Fundaci\u00f3n CorAvant recibe el apoyo de Cardioalianza parala campa\u00f1a del D\u00eda Mundial del Coraz\u00f3n"}]},{"@type":"WebSite","@id":"https:\/\/fundaciocoravant.org\/#website","url":"https:\/\/fundaciocoravant.org\/","name":"CorAvant","description":"Fundaci\u00f3 de joves i adults amb cardiopatia","publisher":{"@id":"https:\/\/fundaciocoravant.org\/#organization"},"potentialAction":[{"@type":"SearchAction","target":{"@type":"EntryPoint","urlTemplate":"https:\/\/fundaciocoravant.org\/?s={search_term_string}"},"query-input":{"@type":"PropertyValueSpecification","valueRequired":true,"valueName":"search_term_string"}}],"inLanguage":"es"},{"@type":"Organization","@id":"https:\/\/fundaciocoravant.org\/#organization","name":"CorAvant","url":"https:\/\/fundaciocoravant.org\/","logo":{"@type":"ImageObject","inLanguage":"es","@id":"https:\/\/fundaciocoravant.org\/#\/schema\/logo\/image\/","url":"https:\/\/fundaciocoravant.org\/wp-content\/uploads\/2025\/11\/cropped-cropped-LOGO_CORAVANT-15-anys_CASTELLANO.png","contentUrl":"https:\/\/fundaciocoravant.org\/wp-content\/uploads\/2025\/11\/cropped-cropped-LOGO_CORAVANT-15-anys_CASTELLANO.png","width":1404,"height":979,"caption":"CorAvant"},"image":{"@id":"https:\/\/fundaciocoravant.org\/#\/schema\/logo\/image\/"},"sameAs":["https:\/\/www.facebook.com\/coravantaacic","https:\/\/x.com\/coravant","https:\/\/www.instagram.com\/coravantaacic\/","https:\/\/www.youtube.com\/@CorAvantAACIC_cardiopaties","https:\/\/www.linkedin.com\/company\/fundacio-coravant\/"]},{"@type":"Person","@id":"https:\/\/fundaciocoravant.org\/#\/schema\/person\/ddddb79ef964743dfdd6d64da1116530","name":"maria","url":"https:\/\/fundaciocoravant.org\/es\/author\/maria\/"}]}},"_links":{"self":[{"href":"https:\/\/fundaciocoravant.org\/es\/wp-json\/wp\/v2\/posts\/1820","targetHints":{"allow":["GET"]}}],"collection":[{"href":"https:\/\/fundaciocoravant.org\/es\/wp-json\/wp\/v2\/posts"}],"about":[{"href":"https:\/\/fundaciocoravant.org\/es\/wp-json\/wp\/v2\/types\/post"}],"author":[{"embeddable":true,"href":"https:\/\/fundaciocoravant.org\/es\/wp-json\/wp\/v2\/users\/2"}],"replies":[{"embeddable":true,"href":"https:\/\/fundaciocoravant.org\/es\/wp-json\/wp\/v2\/comments?post=1820"}],"version-history":[{"count":1,"href":"https:\/\/fundaciocoravant.org\/es\/wp-json\/wp\/v2\/posts\/1820\/revisions"}],"predecessor-version":[{"id":1821,"href":"https:\/\/fundaciocoravant.org\/es\/wp-json\/wp\/v2\/posts\/1820\/revisions\/1821"}],"wp:featuredmedia":[{"embeddable":true,"href":"https:\/\/fundaciocoravant.org\/es\/wp-json\/wp\/v2\/media\/1819"}],"wp:attachment":[{"href":"https:\/\/fundaciocoravant.org\/es\/wp-json\/wp\/v2\/media?parent=1820"}],"wp:term":[{"taxonomy":"category","embeddable":true,"href":"https:\/\/fundaciocoravant.org\/es\/wp-json\/wp\/v2\/categories?post=1820"},{"taxonomy":"post_tag","embeddable":true,"href":"https:\/\/fundaciocoravant.org\/es\/wp-json\/wp\/v2\/tags?post=1820"}],"curies":[{"name":"wp","href":"https:\/\/api.w.org\/{rel}","templated":true}]}}