{"id":1874,"date":"2022-08-01T13:51:00","date_gmt":"2022-08-01T13:51:00","guid":{"rendered":"https:\/\/fundaciocoravant.org\/en-las-personas-diagnosticadas-con-una-patologia-cronica-esta-nueva-situacion-podia-alterar-gravemente-sus-niveles-de-ansiedad-estres-y-preocupacion-por-su-patologia\/"},"modified":"2026-04-22T09:22:46","modified_gmt":"2026-04-22T09:22:46","slug":"en-las-personas-diagnosticadas-con-una-patologia-cronica-esta-nueva-situacion-podia-alterar-gravemente-sus-niveles-de-ansiedad-estres-y-preocupacion-por-su-patologia","status":"publish","type":"post","link":"https:\/\/fundaciocoravant.org\/es\/en-las-personas-diagnosticadas-con-una-patologia-cronica-esta-nueva-situacion-podia-alterar-gravemente-sus-niveles-de-ansiedad-estres-y-preocupacion-por-su-patologia\/","title":{"rendered":"\u00abEn las personas diagnosticadas con una patolog\u00eda cr\u00f3nica, esta nueva situaci\u00f3n pod\u00eda alterar gravemente sus niveles de ansiedad, estr\u00e9s y preocupaci\u00f3n por su patolog\u00eda\u00bb"},"content":{"rendered":"\n<p>En diciembre de 2019, se descubre un nuevo virus que produce un s\u00edndrome respiratorio grave en pacientes que presentan s\u00edntomas de neumon\u00eda en la ciudad de Wuhan (China), el SARS-CoV-2. La tasa global de mortalidad de un 2-3% de la enfermedad por coronavirus 2019 (covid-19) la convierte en una pandemia mundial. A principios de marzo de 2020, se propaga por Europa y en junio la infecci\u00f3n ya afecta a m\u00e1s de 6,5 millones de personas y causa la muerte a m\u00e1s de 380.000 en todo el mundo (1). A causa de la r\u00e1pida propagaci\u00f3n de esta enfermedad, el 11 de marzo de 2020 la Organizaci\u00f3n Mundial de la Salud (OMS) declara la situaci\u00f3n de pandemia global (2).   <\/p>\n\n<p>Para poder controlar la propagaci\u00f3n, el mes de marzo de 2020 el gobierno espa\u00f1ol declara el estado de alarma y el confinamiento total de la poblaci\u00f3n. Esta nueva situaci\u00f3n comport\u00f3 diversas repercusiones, sobre todo por lo que tiene que ver con la salud mental de la poblaci\u00f3n. En las personas diagnosticadas con una patolog\u00eda cr\u00f3nica, esta nueva situaci\u00f3n los pod\u00eda alterar gravemente los niveles de ansiedad, estr\u00e9s y preocupaci\u00f3n por su patolog\u00eda.  <\/p>\n\n<p>Distintos estudios demostraron que el covid-19 era una patolog\u00eda que mayoritariamente afectaba, de forma m\u00e1s severa, la poblaci\u00f3n adulta. Tambi\u00e9n se observ\u00f3 que el riesgo de sufrir la enfermedad era mayor en personas adultas que ten\u00edan diagnosticadas patolog\u00edas cardiovasculares como las cardiopat\u00edas cong\u00e9nitas y otras patolog\u00edas cr\u00f3nicas como la diabetes, el asma, trasplantes, inmunolog\u00edas, etc.; as\u00ed, los pacientes con estas patolog\u00edas ten\u00edan un riesgo m\u00e1s alto de desarrollar una infecci\u00f3n (3).<\/p>\n\n<p>Con esta situaci\u00f3n de incerteza y vulnerabilidad, en el mes de abril de 2020 el Institut Cardiovascular del Hospital Cl\u00ednic, con la Dra. Sanz de la Garza y Raquel Arranz al frente, inici\u00f3 una investigaci\u00f3n con la colaboraci\u00f3n de la \u201cAssociaci\u00f3 de Cardiopaties Cong\u00e8nites\u201d (AACIC) y la \u201cFundaci\u00f3 CorAvant\u201d. El equipo de investigaci\u00f3n quer\u00eda saber c\u00f3mo estaban viviendo el confinamiento por el covid-19 las personas con cardiopat\u00eda cong\u00e9nita, con el objetivo de conocer el impacto que ten\u00eda en sus rutinas de actividad f\u00edsica y alimentaci\u00f3n y en el estado emocional y poder dar una mejor respuesta a las necesidades durante y despu\u00e9s de la situaci\u00f3n de crisis sanitaria.  <\/p>\n\n<p>Cabe destacar que se solicit\u00f3 la colaboraci\u00f3n del AACIC y la Fundaci\u00f3 CorAvant como entidades expertas que trabajan con j\u00f3venes y adultos diagnosticados de una patolog\u00eda cr\u00f3nica como son las cardiopat\u00edas cong\u00e9nitas y que cuidan y atienden sus necesidades psicosociales, con el objetivo de mejorar su calidad de vida.<\/p>\n\n<p>En la investigaci\u00f3n, se cont\u00f3 con la participaci\u00f3n de 104 personas diagnosticadas con una problem\u00e1tica de coraz\u00f3n, de edades comprendidas entre los 16 y los 74 a\u00f1os. De las cuales n=60 (65,2%) eran mujeres y n=32 (34,8%) eran hombres. La mayor\u00eda de les personas participantes n=77 (83,7%) resid\u00edan en Catalunya.  <\/p>\n\n<p>El 31,5% (n=29) eran personas que estaban conviviendo con su pareja y sus hijos, el 23,9% (n=22) viv\u00edan en pareja, pero no ten\u00edan hijos y el 19,6% (n=18) eran solteras y viv\u00edan con sus padres.<\/p>\n\n<p>Todas estas personas respondieron un cuestionario en l\u00ednea que constaba de cuatro partes:<\/p>\n\n<ol class=\"wp-block-list\">\n<li>Datos sociodemogr\u00e1ficos y personales.<\/li>\n\n\n\n<li>H\u00e1bitos de actividad f\u00edsica y dieta antes del confinamiento.<\/li>\n\n\n\n<li>H\u00e1bitos de actividad f\u00edsica y dieta durante el confinamiento.<\/li>\n\n\n\n<li>Estado emocional y de ansiedad durante la situaci\u00f3n de crisis sanitaria.<\/li>\n<\/ol>\n\n<p>Una vez analizados todos los datos de los participantes, se tuvieron los siguientes resultados:<\/p>\n\n<ul class=\"wp-block-list\">\n<li>Reducci\u00f3n de la actividad f\u00edsica: se disminuy\u00f3 un 26% la carga de entrenamiento f\u00edsico global semanal. Esta reducci\u00f3n fue causada por la disminuci\u00f3n de las actividades f\u00edsicas de baja intensidad; sobre todo, en las mujeres, en un 46% respecto a la de los hombres que solo ha estado de un 15%. Cabe decir que se manten\u00edan las cargas de entrenamiento f\u00edsico moderado y de alta intensidad.  <\/li>\n\n\n\n<li>El confinamiento no tuvo un impacto significativo sobre la adhesi\u00f3n a la dieta mediterr\u00e1nea que fue sobre el 65% de la poblaci\u00f3n.<\/li>\n<\/ul>\n\n<p>Respecto al estado emocional:<\/p>\n\n<ul class=\"wp-block-list\">\n<li>El 58% de las personas participantes vivieron esta situaci\u00f3n como un momento de poca motivaci\u00f3n, con poco inter\u00e9s por su futuro y con poca energ\u00eda en su d\u00eda a d\u00eda.<\/li>\n\n\n\n<li>Un 47% vio reducida su capacidad de concentraci\u00f3n y atenci\u00f3n, se cansaba r\u00e1pidamente, a consecuencia de la baja motivaci\u00f3n.<\/li>\n\n\n\n<li>Un 33% destac\u00f3 que hab\u00eda experimentado cambios emocionales, con un aumento de su malestar psicol\u00f3gico, estaba m\u00e1s irritable y sensible tanto en el \u00e1mbito individual como relacional.<\/li>\n<\/ul>\n\n<p>Los profesionales del Institut Cardiovascular del Hospital Cl\u00ednic y de la Fundaci\u00f3 CorAvant ya tienen los datos necesarios para poder ofrecer el soporte y el acompa\u00f1amiento terap\u00e9utico necesarios y trabajar y gestionar las posibles repercusiones que se puedan dar en el d\u00eda a d\u00eda de la persona con cardiopat\u00eda o cualquier otra enfermedad cr\u00f3nica.<\/p>\n\n<p>Actualmente, estamos trabajando para poder ampliar esta b\u00fasqueda\/investigaci\u00f3n, cuando finalice la crisis sanitaria, ya que nos gustar\u00eda conocer c\u00f3mo viven la situaci\u00f3n postpandemia los j\u00f3venes y adultos mayores de 16 a\u00f1os.<\/p>\n\n<div class=\"wp-block-columns is-layout-flex wp-container-core-columns-is-layout-9d6595d7 wp-block-columns-is-layout-flex\">\n<div class=\"wp-block-column is-layout-flow wp-block-column-is-layout-flow\" style=\"flex-basis:33.33%\">\n<figure class=\"wp-block-image size-large\"><img loading=\"lazy\" decoding=\"async\" width=\"1024\" height=\"683\" src=\"https:\/\/fundaciocoravant.org\/wp-content\/uploads\/2022\/08\/RECERQUES_R27_MARIA-SANZ-1024x683.jpg\" alt=\"\" class=\"wp-image-1865\" srcset=\"https:\/\/fundaciocoravant.org\/wp-content\/uploads\/2022\/08\/RECERQUES_R27_MARIA-SANZ-1024x683.jpg 1024w, https:\/\/fundaciocoravant.org\/wp-content\/uploads\/2022\/08\/RECERQUES_R27_MARIA-SANZ-300x200.jpg 300w, https:\/\/fundaciocoravant.org\/wp-content\/uploads\/2022\/08\/RECERQUES_R27_MARIA-SANZ-768x512.jpg 768w, https:\/\/fundaciocoravant.org\/wp-content\/uploads\/2022\/08\/RECERQUES_R27_MARIA-SANZ-1536x1024.jpg 1536w, https:\/\/fundaciocoravant.org\/wp-content\/uploads\/2022\/08\/RECERQUES_R27_MARIA-SANZ-2048x1365.jpg 2048w\" sizes=\"auto, (max-width: 1024px) 100vw, 1024px\" \/><\/figure>\n<\/div>\n\n\n\n<div class=\"wp-block-column is-layout-flow wp-block-column-is-layout-flow\" style=\"flex-basis:66.66%\">\n<p><strong>Dra. Maria Sanz de la Garza<\/strong><br\/>Especialista en cardiolog\u00eda de l\u2019ICCV de l\u2019Hospital Cl\u00ednic e investigadora de l\u2019IDIBAPS<\/p>\n<\/div>\n<\/div>\n\n<div class=\"wp-block-columns is-layout-flex wp-container-core-columns-is-layout-9d6595d7 wp-block-columns-is-layout-flex\">\n<div class=\"wp-block-column is-layout-flow wp-block-column-is-layout-flow\" style=\"flex-basis:33.33%\">\n<figure class=\"wp-block-image size-full\"><img loading=\"lazy\" decoding=\"async\" width=\"862\" height=\"1024\" src=\"https:\/\/fundaciocoravant.org\/wp-content\/uploads\/2022\/08\/RECERQUES_R27_RAQUEL-ARRANZ.jpeg\" alt=\"\" class=\"wp-image-1866\" srcset=\"https:\/\/fundaciocoravant.org\/wp-content\/uploads\/2022\/08\/RECERQUES_R27_RAQUEL-ARRANZ.jpeg 862w, https:\/\/fundaciocoravant.org\/wp-content\/uploads\/2022\/08\/RECERQUES_R27_RAQUEL-ARRANZ-253x300.jpeg 253w, https:\/\/fundaciocoravant.org\/wp-content\/uploads\/2022\/08\/RECERQUES_R27_RAQUEL-ARRANZ-768x912.jpeg 768w\" sizes=\"auto, (max-width: 862px) 100vw, 862px\" \/><\/figure>\n<\/div>\n\n\n\n<div class=\"wp-block-column is-layout-flow wp-block-column-is-layout-flow\" style=\"flex-basis:66.66%\">\n<p><strong>Raquel Arranz Tol\u00f3s<\/strong><br\/>Fisioterapeuta del ICCV del Hospital Cl\u00ednic<\/p>\n<\/div>\n<\/div>\n\n<p>(1) Gallego, P.; Ruperti-Repilado, FJ. i Schwerzmann, M (2020). Adultos con CC durante la pand\u00e8mia de COVID-19: \u00bfPoblaci\u00f3n de riesgo?. Rev Esp Cardiol.; 73(10): 795\u2013798. <a href=\"https:\/\/www.revespcardiol.org\/es-adultos-con-cardiopatia-congenita-durante-articulo-S0300893220303663\">https:\/\/www.revespcardiol.org\/es-adultos-con-cardiopatia-congenita-durante-articulo-S0300893220303663<\/a><\/p>\n\n<p>(2) World Health Organization. Novel Coronavirus (2019-nCoV) \u2013 Situation report \u2013 7 \u2013 27 January 2020. <\/p>\n\n<p>(3) Polo, L., Centella, T.; L\u00f3pez, J.; Cuerpo, G.; S\u00e1nchez, R.; Bautista, V.; et al. (2019). Registro de intervenciones de la Sociedad Espa\u00f1ola de Cirug\u00eda Tor\u00e1cica-Cardiovascular en pacientes con cardiopat\u00eda cong\u00e9nita: 2018 y retrospectiva de los \u00faltimos 7 a\u00f1os. Cir Cardiov, 26, pp. 265-276. <a href=\"https:\/\/www.sciencedirect.com\/science\/article\/pii\/S1134009619302542\">https:\/\/www.sciencedirect.com\/science\/article\/pii\/S1134009619302542<\/a><\/p>\n\n<div style=\"height:50px\" aria-hidden=\"true\" class=\"wp-block-spacer\"><\/div>\n\n<p>Art\u00edculo publicado en la Revista 27 de la entidad (mayo 2022)<\/p>\n","protected":false},"excerpt":{"rendered":"<p>En diciembre de 2019, se descubre un nuevo virus que produce un s\u00edndrome respiratorio en la ciudad de Wuhan (China).<\/p>\n","protected":false},"author":2,"featured_media":1873,"comment_status":"closed","ping_status":"closed","sticky":false,"template":"","format":"standard","meta":{"_acf_changed":false,"give_campaign_id":0,"footnotes":""},"categories":[20],"tags":[],"class_list":["post-1874","post","type-post","status-publish","format-standard","has-post-thumbnail","hentry","category-articulos"],"acf":[],"yoast_head":"<!-- This site is optimized with the Yoast SEO plugin v27.2 - https:\/\/yoast.com\/product\/yoast-seo-wordpress\/ -->\n<title>&quot;En las personas diagnosticadas con una patolog\u00eda cr\u00f3nica, esta nueva situaci\u00f3n pod\u00eda alterar gravemente sus niveles de ansiedad, estr\u00e9s y preocupaci\u00f3n por su patolog\u00eda&quot; - CorAvant<\/title>\n<meta name=\"robots\" content=\"index, follow, max-snippet:-1, max-image-preview:large, max-video-preview:-1\" \/>\n<link rel=\"canonical\" href=\"https:\/\/fundaciocoravant.org\/es\/en-las-personas-diagnosticadas-con-una-patologia-cronica-esta-nueva-situacion-podia-alterar-gravemente-sus-niveles-de-ansiedad-estres-y-preocupacion-por-su-patologia\/\" \/>\n<meta property=\"og:locale\" content=\"es_ES\" \/>\n<meta property=\"og:type\" content=\"article\" \/>\n<meta property=\"og:title\" content=\"&quot;En las personas diagnosticadas con una patolog\u00eda cr\u00f3nica, esta nueva situaci\u00f3n pod\u00eda alterar gravemente sus niveles de ansiedad, estr\u00e9s y preocupaci\u00f3n por su patolog\u00eda&quot; - CorAvant\" \/>\n<meta property=\"og:description\" content=\"En diciembre de 2019, se descubre un nuevo virus que produce un s\u00edndrome respiratorio en la ciudad de Wuhan (China).\" \/>\n<meta property=\"og:url\" content=\"https:\/\/fundaciocoravant.org\/es\/en-las-personas-diagnosticadas-con-una-patologia-cronica-esta-nueva-situacion-podia-alterar-gravemente-sus-niveles-de-ansiedad-estres-y-preocupacion-por-su-patologia\/\" \/>\n<meta property=\"og:site_name\" content=\"CorAvant\" \/>\n<meta property=\"article:publisher\" content=\"https:\/\/www.facebook.com\/coravantaacic\" \/>\n<meta property=\"article:published_time\" content=\"2022-08-01T13:51:00+00:00\" \/>\n<meta property=\"article:modified_time\" content=\"2026-04-22T09:22:46+00:00\" \/>\n<meta property=\"og:image\" content=\"https:\/\/fundaciocoravant.org\/wp-content\/uploads\/2022\/08\/imatge-relacionada-amb-la-covid-19.jpg\" \/>\n\t<meta property=\"og:image:width\" content=\"1000\" \/>\n\t<meta property=\"og:image:height\" content=\"280\" \/>\n\t<meta property=\"og:image:type\" content=\"image\/jpeg\" \/>\n<meta name=\"author\" content=\"maria\" \/>\n<meta name=\"twitter:card\" content=\"summary_large_image\" \/>\n<meta name=\"twitter:creator\" content=\"@coravant\" \/>\n<meta name=\"twitter:site\" content=\"@coravant\" \/>\n<meta name=\"twitter:label1\" content=\"Escrito por\" \/>\n\t<meta name=\"twitter:data1\" content=\"maria\" \/>\n\t<meta name=\"twitter:label2\" content=\"Tiempo de lectura\" \/>\n\t<meta name=\"twitter:data2\" content=\"5 minutos\" \/>\n<script type=\"application\/ld+json\" class=\"yoast-schema-graph\">{\"@context\":\"https:\/\/schema.org\",\"@graph\":[{\"@type\":\"Article\",\"@id\":\"https:\/\/fundaciocoravant.org\/es\/en-las-personas-diagnosticadas-con-una-patologia-cronica-esta-nueva-situacion-podia-alterar-gravemente-sus-niveles-de-ansiedad-estres-y-preocupacion-por-su-patologia\/#article\",\"isPartOf\":{\"@id\":\"https:\/\/fundaciocoravant.org\/es\/en-las-personas-diagnosticadas-con-una-patologia-cronica-esta-nueva-situacion-podia-alterar-gravemente-sus-niveles-de-ansiedad-estres-y-preocupacion-por-su-patologia\/\"},\"author\":{\"name\":\"maria\",\"@id\":\"https:\/\/fundaciocoravant.org\/#\/schema\/person\/ddddb79ef964743dfdd6d64da1116530\"},\"headline\":\"\u00abEn las personas diagnosticadas con una patolog\u00eda cr\u00f3nica, esta nueva situaci\u00f3n pod\u00eda alterar gravemente sus niveles de ansiedad, estr\u00e9s y preocupaci\u00f3n por su patolog\u00eda\u00bb\",\"datePublished\":\"2022-08-01T13:51:00+00:00\",\"dateModified\":\"2026-04-22T09:22:46+00:00\",\"mainEntityOfPage\":{\"@id\":\"https:\/\/fundaciocoravant.org\/es\/en-las-personas-diagnosticadas-con-una-patologia-cronica-esta-nueva-situacion-podia-alterar-gravemente-sus-niveles-de-ansiedad-estres-y-preocupacion-por-su-patologia\/\"},\"wordCount\":1067,\"publisher\":{\"@id\":\"https:\/\/fundaciocoravant.org\/#organization\"},\"image\":{\"@id\":\"https:\/\/fundaciocoravant.org\/es\/en-las-personas-diagnosticadas-con-una-patologia-cronica-esta-nueva-situacion-podia-alterar-gravemente-sus-niveles-de-ansiedad-estres-y-preocupacion-por-su-patologia\/#primaryimage\"},\"thumbnailUrl\":\"https:\/\/fundaciocoravant.org\/wp-content\/uploads\/2022\/08\/imatge-relacionada-amb-la-covid-19.jpg\",\"articleSection\":[\"Art\u00edculos\"],\"inLanguage\":\"es\"},{\"@type\":\"WebPage\",\"@id\":\"https:\/\/fundaciocoravant.org\/es\/en-las-personas-diagnosticadas-con-una-patologia-cronica-esta-nueva-situacion-podia-alterar-gravemente-sus-niveles-de-ansiedad-estres-y-preocupacion-por-su-patologia\/\",\"url\":\"https:\/\/fundaciocoravant.org\/es\/en-las-personas-diagnosticadas-con-una-patologia-cronica-esta-nueva-situacion-podia-alterar-gravemente-sus-niveles-de-ansiedad-estres-y-preocupacion-por-su-patologia\/\",\"name\":\"\\\"En las personas diagnosticadas con una patolog\u00eda cr\u00f3nica, esta nueva situaci\u00f3n pod\u00eda alterar gravemente sus niveles de ansiedad, estr\u00e9s y preocupaci\u00f3n por su patolog\u00eda\\\" - CorAvant\",\"isPartOf\":{\"@id\":\"https:\/\/fundaciocoravant.org\/#website\"},\"primaryImageOfPage\":{\"@id\":\"https:\/\/fundaciocoravant.org\/es\/en-las-personas-diagnosticadas-con-una-patologia-cronica-esta-nueva-situacion-podia-alterar-gravemente-sus-niveles-de-ansiedad-estres-y-preocupacion-por-su-patologia\/#primaryimage\"},\"image\":{\"@id\":\"https:\/\/fundaciocoravant.org\/es\/en-las-personas-diagnosticadas-con-una-patologia-cronica-esta-nueva-situacion-podia-alterar-gravemente-sus-niveles-de-ansiedad-estres-y-preocupacion-por-su-patologia\/#primaryimage\"},\"thumbnailUrl\":\"https:\/\/fundaciocoravant.org\/wp-content\/uploads\/2022\/08\/imatge-relacionada-amb-la-covid-19.jpg\",\"datePublished\":\"2022-08-01T13:51:00+00:00\",\"dateModified\":\"2026-04-22T09:22:46+00:00\",\"breadcrumb\":{\"@id\":\"https:\/\/fundaciocoravant.org\/es\/en-las-personas-diagnosticadas-con-una-patologia-cronica-esta-nueva-situacion-podia-alterar-gravemente-sus-niveles-de-ansiedad-estres-y-preocupacion-por-su-patologia\/#breadcrumb\"},\"inLanguage\":\"es\",\"potentialAction\":[{\"@type\":\"ReadAction\",\"target\":[\"https:\/\/fundaciocoravant.org\/es\/en-las-personas-diagnosticadas-con-una-patologia-cronica-esta-nueva-situacion-podia-alterar-gravemente-sus-niveles-de-ansiedad-estres-y-preocupacion-por-su-patologia\/\"]}]},{\"@type\":\"ImageObject\",\"inLanguage\":\"es\",\"@id\":\"https:\/\/fundaciocoravant.org\/es\/en-las-personas-diagnosticadas-con-una-patologia-cronica-esta-nueva-situacion-podia-alterar-gravemente-sus-niveles-de-ansiedad-estres-y-preocupacion-por-su-patologia\/#primaryimage\",\"url\":\"https:\/\/fundaciocoravant.org\/wp-content\/uploads\/2022\/08\/imatge-relacionada-amb-la-covid-19.jpg\",\"contentUrl\":\"https:\/\/fundaciocoravant.org\/wp-content\/uploads\/2022\/08\/imatge-relacionada-amb-la-covid-19.jpg\",\"width\":1000,\"height\":280,\"caption\":\"imagen relacionada con la covid-19\"},{\"@type\":\"BreadcrumbList\",\"@id\":\"https:\/\/fundaciocoravant.org\/es\/en-las-personas-diagnosticadas-con-una-patologia-cronica-esta-nueva-situacion-podia-alterar-gravemente-sus-niveles-de-ansiedad-estres-y-preocupacion-por-su-patologia\/#breadcrumb\",\"itemListElement\":[{\"@type\":\"ListItem\",\"position\":1,\"name\":\"Home\",\"item\":\"https:\/\/fundaciocoravant.org\/es\/\"},{\"@type\":\"ListItem\",\"position\":2,\"name\":\"\u00abEn las personas diagnosticadas con una patolog\u00eda cr\u00f3nica, esta nueva situaci\u00f3n pod\u00eda alterar gravemente sus niveles de ansiedad, estr\u00e9s y preocupaci\u00f3n por su patolog\u00eda\u00bb\"}]},{\"@type\":\"WebSite\",\"@id\":\"https:\/\/fundaciocoravant.org\/#website\",\"url\":\"https:\/\/fundaciocoravant.org\/\",\"name\":\"CorAvant\",\"description\":\"Fundaci\u00f3 de joves i adults amb cardiopatia\",\"publisher\":{\"@id\":\"https:\/\/fundaciocoravant.org\/#organization\"},\"potentialAction\":[{\"@type\":\"SearchAction\",\"target\":{\"@type\":\"EntryPoint\",\"urlTemplate\":\"https:\/\/fundaciocoravant.org\/?s={search_term_string}\"},\"query-input\":{\"@type\":\"PropertyValueSpecification\",\"valueRequired\":true,\"valueName\":\"search_term_string\"}}],\"inLanguage\":\"es\"},{\"@type\":\"Organization\",\"@id\":\"https:\/\/fundaciocoravant.org\/#organization\",\"name\":\"CorAvant\",\"url\":\"https:\/\/fundaciocoravant.org\/\",\"logo\":{\"@type\":\"ImageObject\",\"inLanguage\":\"es\",\"@id\":\"https:\/\/fundaciocoravant.org\/#\/schema\/logo\/image\/\",\"url\":\"https:\/\/fundaciocoravant.org\/wp-content\/uploads\/2025\/11\/cropped-cropped-LOGO_CORAVANT-15-anys_CASTELLANO.png\",\"contentUrl\":\"https:\/\/fundaciocoravant.org\/wp-content\/uploads\/2025\/11\/cropped-cropped-LOGO_CORAVANT-15-anys_CASTELLANO.png\",\"width\":1404,\"height\":979,\"caption\":\"CorAvant\"},\"image\":{\"@id\":\"https:\/\/fundaciocoravant.org\/#\/schema\/logo\/image\/\"},\"sameAs\":[\"https:\/\/www.facebook.com\/coravantaacic\",\"https:\/\/x.com\/coravant\",\"https:\/\/www.instagram.com\/coravantaacic\/\",\"https:\/\/www.youtube.com\/@CorAvantAACIC_cardiopaties\",\"https:\/\/www.linkedin.com\/company\/fundacio-coravant\/\"]},{\"@type\":\"Person\",\"@id\":\"https:\/\/fundaciocoravant.org\/#\/schema\/person\/ddddb79ef964743dfdd6d64da1116530\",\"name\":\"maria\",\"url\":\"https:\/\/fundaciocoravant.org\/es\/author\/maria\/\"}]}<\/script>\n<!-- \/ Yoast SEO plugin. -->","yoast_head_json":{"title":"\"En las personas diagnosticadas con una patolog\u00eda cr\u00f3nica, esta nueva situaci\u00f3n pod\u00eda alterar gravemente sus niveles de ansiedad, estr\u00e9s y preocupaci\u00f3n por su patolog\u00eda\" - CorAvant","robots":{"index":"index","follow":"follow","max-snippet":"max-snippet:-1","max-image-preview":"max-image-preview:large","max-video-preview":"max-video-preview:-1"},"canonical":"https:\/\/fundaciocoravant.org\/es\/en-las-personas-diagnosticadas-con-una-patologia-cronica-esta-nueva-situacion-podia-alterar-gravemente-sus-niveles-de-ansiedad-estres-y-preocupacion-por-su-patologia\/","og_locale":"es_ES","og_type":"article","og_title":"\"En las personas diagnosticadas con una patolog\u00eda cr\u00f3nica, esta nueva situaci\u00f3n pod\u00eda alterar gravemente sus niveles de ansiedad, estr\u00e9s y preocupaci\u00f3n por su patolog\u00eda\" - CorAvant","og_description":"En diciembre de 2019, se descubre un nuevo virus que produce un s\u00edndrome respiratorio en la ciudad de Wuhan (China).","og_url":"https:\/\/fundaciocoravant.org\/es\/en-las-personas-diagnosticadas-con-una-patologia-cronica-esta-nueva-situacion-podia-alterar-gravemente-sus-niveles-de-ansiedad-estres-y-preocupacion-por-su-patologia\/","og_site_name":"CorAvant","article_publisher":"https:\/\/www.facebook.com\/coravantaacic","article_published_time":"2022-08-01T13:51:00+00:00","article_modified_time":"2026-04-22T09:22:46+00:00","og_image":[{"width":1000,"height":280,"url":"https:\/\/fundaciocoravant.org\/wp-content\/uploads\/2022\/08\/imatge-relacionada-amb-la-covid-19.jpg","type":"image\/jpeg"}],"author":"maria","twitter_card":"summary_large_image","twitter_creator":"@coravant","twitter_site":"@coravant","twitter_misc":{"Escrito por":"maria","Tiempo de lectura":"5 minutos"},"schema":{"@context":"https:\/\/schema.org","@graph":[{"@type":"Article","@id":"https:\/\/fundaciocoravant.org\/es\/en-las-personas-diagnosticadas-con-una-patologia-cronica-esta-nueva-situacion-podia-alterar-gravemente-sus-niveles-de-ansiedad-estres-y-preocupacion-por-su-patologia\/#article","isPartOf":{"@id":"https:\/\/fundaciocoravant.org\/es\/en-las-personas-diagnosticadas-con-una-patologia-cronica-esta-nueva-situacion-podia-alterar-gravemente-sus-niveles-de-ansiedad-estres-y-preocupacion-por-su-patologia\/"},"author":{"name":"maria","@id":"https:\/\/fundaciocoravant.org\/#\/schema\/person\/ddddb79ef964743dfdd6d64da1116530"},"headline":"\u00abEn las personas diagnosticadas con una patolog\u00eda cr\u00f3nica, esta nueva situaci\u00f3n pod\u00eda alterar gravemente sus niveles de ansiedad, estr\u00e9s y preocupaci\u00f3n por su patolog\u00eda\u00bb","datePublished":"2022-08-01T13:51:00+00:00","dateModified":"2026-04-22T09:22:46+00:00","mainEntityOfPage":{"@id":"https:\/\/fundaciocoravant.org\/es\/en-las-personas-diagnosticadas-con-una-patologia-cronica-esta-nueva-situacion-podia-alterar-gravemente-sus-niveles-de-ansiedad-estres-y-preocupacion-por-su-patologia\/"},"wordCount":1067,"publisher":{"@id":"https:\/\/fundaciocoravant.org\/#organization"},"image":{"@id":"https:\/\/fundaciocoravant.org\/es\/en-las-personas-diagnosticadas-con-una-patologia-cronica-esta-nueva-situacion-podia-alterar-gravemente-sus-niveles-de-ansiedad-estres-y-preocupacion-por-su-patologia\/#primaryimage"},"thumbnailUrl":"https:\/\/fundaciocoravant.org\/wp-content\/uploads\/2022\/08\/imatge-relacionada-amb-la-covid-19.jpg","articleSection":["Art\u00edculos"],"inLanguage":"es"},{"@type":"WebPage","@id":"https:\/\/fundaciocoravant.org\/es\/en-las-personas-diagnosticadas-con-una-patologia-cronica-esta-nueva-situacion-podia-alterar-gravemente-sus-niveles-de-ansiedad-estres-y-preocupacion-por-su-patologia\/","url":"https:\/\/fundaciocoravant.org\/es\/en-las-personas-diagnosticadas-con-una-patologia-cronica-esta-nueva-situacion-podia-alterar-gravemente-sus-niveles-de-ansiedad-estres-y-preocupacion-por-su-patologia\/","name":"\"En las personas diagnosticadas con una patolog\u00eda cr\u00f3nica, esta nueva situaci\u00f3n pod\u00eda alterar gravemente sus niveles de ansiedad, estr\u00e9s y preocupaci\u00f3n por su patolog\u00eda\" - CorAvant","isPartOf":{"@id":"https:\/\/fundaciocoravant.org\/#website"},"primaryImageOfPage":{"@id":"https:\/\/fundaciocoravant.org\/es\/en-las-personas-diagnosticadas-con-una-patologia-cronica-esta-nueva-situacion-podia-alterar-gravemente-sus-niveles-de-ansiedad-estres-y-preocupacion-por-su-patologia\/#primaryimage"},"image":{"@id":"https:\/\/fundaciocoravant.org\/es\/en-las-personas-diagnosticadas-con-una-patologia-cronica-esta-nueva-situacion-podia-alterar-gravemente-sus-niveles-de-ansiedad-estres-y-preocupacion-por-su-patologia\/#primaryimage"},"thumbnailUrl":"https:\/\/fundaciocoravant.org\/wp-content\/uploads\/2022\/08\/imatge-relacionada-amb-la-covid-19.jpg","datePublished":"2022-08-01T13:51:00+00:00","dateModified":"2026-04-22T09:22:46+00:00","breadcrumb":{"@id":"https:\/\/fundaciocoravant.org\/es\/en-las-personas-diagnosticadas-con-una-patologia-cronica-esta-nueva-situacion-podia-alterar-gravemente-sus-niveles-de-ansiedad-estres-y-preocupacion-por-su-patologia\/#breadcrumb"},"inLanguage":"es","potentialAction":[{"@type":"ReadAction","target":["https:\/\/fundaciocoravant.org\/es\/en-las-personas-diagnosticadas-con-una-patologia-cronica-esta-nueva-situacion-podia-alterar-gravemente-sus-niveles-de-ansiedad-estres-y-preocupacion-por-su-patologia\/"]}]},{"@type":"ImageObject","inLanguage":"es","@id":"https:\/\/fundaciocoravant.org\/es\/en-las-personas-diagnosticadas-con-una-patologia-cronica-esta-nueva-situacion-podia-alterar-gravemente-sus-niveles-de-ansiedad-estres-y-preocupacion-por-su-patologia\/#primaryimage","url":"https:\/\/fundaciocoravant.org\/wp-content\/uploads\/2022\/08\/imatge-relacionada-amb-la-covid-19.jpg","contentUrl":"https:\/\/fundaciocoravant.org\/wp-content\/uploads\/2022\/08\/imatge-relacionada-amb-la-covid-19.jpg","width":1000,"height":280,"caption":"imagen relacionada con la covid-19"},{"@type":"BreadcrumbList","@id":"https:\/\/fundaciocoravant.org\/es\/en-las-personas-diagnosticadas-con-una-patologia-cronica-esta-nueva-situacion-podia-alterar-gravemente-sus-niveles-de-ansiedad-estres-y-preocupacion-por-su-patologia\/#breadcrumb","itemListElement":[{"@type":"ListItem","position":1,"name":"Home","item":"https:\/\/fundaciocoravant.org\/es\/"},{"@type":"ListItem","position":2,"name":"\u00abEn las personas diagnosticadas con una patolog\u00eda cr\u00f3nica, esta nueva situaci\u00f3n pod\u00eda alterar gravemente sus niveles de ansiedad, estr\u00e9s y preocupaci\u00f3n por su patolog\u00eda\u00bb"}]},{"@type":"WebSite","@id":"https:\/\/fundaciocoravant.org\/#website","url":"https:\/\/fundaciocoravant.org\/","name":"CorAvant","description":"Fundaci\u00f3 de joves i adults amb cardiopatia","publisher":{"@id":"https:\/\/fundaciocoravant.org\/#organization"},"potentialAction":[{"@type":"SearchAction","target":{"@type":"EntryPoint","urlTemplate":"https:\/\/fundaciocoravant.org\/?s={search_term_string}"},"query-input":{"@type":"PropertyValueSpecification","valueRequired":true,"valueName":"search_term_string"}}],"inLanguage":"es"},{"@type":"Organization","@id":"https:\/\/fundaciocoravant.org\/#organization","name":"CorAvant","url":"https:\/\/fundaciocoravant.org\/","logo":{"@type":"ImageObject","inLanguage":"es","@id":"https:\/\/fundaciocoravant.org\/#\/schema\/logo\/image\/","url":"https:\/\/fundaciocoravant.org\/wp-content\/uploads\/2025\/11\/cropped-cropped-LOGO_CORAVANT-15-anys_CASTELLANO.png","contentUrl":"https:\/\/fundaciocoravant.org\/wp-content\/uploads\/2025\/11\/cropped-cropped-LOGO_CORAVANT-15-anys_CASTELLANO.png","width":1404,"height":979,"caption":"CorAvant"},"image":{"@id":"https:\/\/fundaciocoravant.org\/#\/schema\/logo\/image\/"},"sameAs":["https:\/\/www.facebook.com\/coravantaacic","https:\/\/x.com\/coravant","https:\/\/www.instagram.com\/coravantaacic\/","https:\/\/www.youtube.com\/@CorAvantAACIC_cardiopaties","https:\/\/www.linkedin.com\/company\/fundacio-coravant\/"]},{"@type":"Person","@id":"https:\/\/fundaciocoravant.org\/#\/schema\/person\/ddddb79ef964743dfdd6d64da1116530","name":"maria","url":"https:\/\/fundaciocoravant.org\/es\/author\/maria\/"}]}},"_links":{"self":[{"href":"https:\/\/fundaciocoravant.org\/es\/wp-json\/wp\/v2\/posts\/1874","targetHints":{"allow":["GET"]}}],"collection":[{"href":"https:\/\/fundaciocoravant.org\/es\/wp-json\/wp\/v2\/posts"}],"about":[{"href":"https:\/\/fundaciocoravant.org\/es\/wp-json\/wp\/v2\/types\/post"}],"author":[{"embeddable":true,"href":"https:\/\/fundaciocoravant.org\/es\/wp-json\/wp\/v2\/users\/2"}],"replies":[{"embeddable":true,"href":"https:\/\/fundaciocoravant.org\/es\/wp-json\/wp\/v2\/comments?post=1874"}],"version-history":[{"count":1,"href":"https:\/\/fundaciocoravant.org\/es\/wp-json\/wp\/v2\/posts\/1874\/revisions"}],"predecessor-version":[{"id":1876,"href":"https:\/\/fundaciocoravant.org\/es\/wp-json\/wp\/v2\/posts\/1874\/revisions\/1876"}],"wp:featuredmedia":[{"embeddable":true,"href":"https:\/\/fundaciocoravant.org\/es\/wp-json\/wp\/v2\/media\/1873"}],"wp:attachment":[{"href":"https:\/\/fundaciocoravant.org\/es\/wp-json\/wp\/v2\/media?parent=1874"}],"wp:term":[{"taxonomy":"category","embeddable":true,"href":"https:\/\/fundaciocoravant.org\/es\/wp-json\/wp\/v2\/categories?post=1874"},{"taxonomy":"post_tag","embeddable":true,"href":"https:\/\/fundaciocoravant.org\/es\/wp-json\/wp\/v2\/tags?post=1874"}],"curies":[{"name":"wp","href":"https:\/\/api.w.org\/{rel}","templated":true}]}}