{"id":1888,"date":"2022-08-02T13:50:00","date_gmt":"2022-08-02T13:50:00","guid":{"rendered":"https:\/\/fundaciocoravant.org\/de-esto-se-llama-tener-oficio-saber-sacar-la-punta-de-las-cosas-que-a-veces-son-insignificantes-pero-que-pueden-tener-mucha-cuerda\/"},"modified":"2026-04-22T09:40:41","modified_gmt":"2026-04-22T09:40:41","slug":"de-esto-se-llama-tener-oficio-saber-sacar-la-punta-de-las-cosas-que-a-veces-son-insignificantes-pero-que-pueden-tener-mucha-cuerda","status":"publish","type":"post","link":"https:\/\/fundaciocoravant.org\/es\/de-esto-se-llama-tener-oficio-saber-sacar-la-punta-de-las-cosas-que-a-veces-son-insignificantes-pero-que-pueden-tener-mucha-cuerda\/","title":{"rendered":"\u00abDe esto se llama tener oficio. Saber sacar la punta de las cosas que a veces son insignificantes, pero que pueden tener mucha cuerda\u00bb"},"content":{"rendered":"\n<p>Conversamos con el m\u00fasico y compositor Joan Reig sobre el trabajo de campo antes de componer las piezas musicales, la inspiraci\u00f3n, el talante de los m\u00fasicos y de su actitud exploradora y curiosa.<\/p>\n\n<p><strong>Enhorabuena por tu segundo disco en solitario <a href=\"https:\/\/joanreig.cat\/discografia\/\" target=\"_blank\" rel=\"noreferrer noopener\">Bagatzem<\/a>. Sobre el nombre: es un t\u00e9rmino de la Vall del Francol\u00ed para designar \u201cmagatzem\u201d. Pero tambi\u00e9n suena a \u201cbagage\u201d entendido como el conjunto de conocimientos que tenemos y todo aquello que llevamos encima.  <\/strong><\/p>\n\n<p>Va m\u00e1s por la parte de \u201cmagatzem\u201d, una variante, un localismo dialectal de la palabra almac\u00e9n. Pero lo que acabas de decir me lo apunto, lo utilizar\u00e9 a partir de ahora porque me h gustado mucho esto del bagaje. De hecho, de alguna manera, un almac\u00e9n o bagatzem, seg\u00fan c\u00f3mo lo pronuncies, es un contenedor de coses y, para los que escribimos, de sentimientos, de sensaciones, de experiencias que vas acumulando y que tu plasmas en el papel en forma de poema o de canci\u00f3n y lo gurdas en el almac\u00e9n.  <\/p>\n\n<p>Y bagaje tambi\u00e9n est\u00e1 bien porque es el bagaje de tu vida, de todo lo que vas guardando, de tu experiencia, de los sentimientos que llevas dentro.<\/p>\n\n<p>Un \u201cbagatzem\u201d es un lugar donde llevas las avellanas, los melocotones para que los encajen, llevas las aceitunas para hacer aceite o la uva para hacer vino. El bagatzem (almac\u00e9n) que sale en la portada del disco es el que ten\u00eda mi bisabuelo aqu\u00ed en Constant\u00ed, que hac\u00eda la funci\u00f3n que he explicado. A m\u00ed me ha servido usar esta palabra porque de alguna manera se trata de una caja donde iba guardando todo lo que escrib\u00eda.  <\/p>\n\n<p><strong>Te conocemos sobre todo como el bater\u00eda de Els Pets y del grupo Mesclat, y tambi\u00e9n eras cantante del grupo Refugi y bater\u00eda del grupo T\u00e0rraco Surfers.<\/strong><\/p>\n\n<p>Refugi es un grupo que formamos con Joan Pau Ch\u00e1vez. es un grupo de homenaje a la gente de la \u201cNova Can\u00e7\u00f3\u201d; ahora dir\u00edamos un grupo de tributo. Quer\u00edamos reivindicar aquellas grandes canciones que cre\u00edamos que hab\u00edan quedado un poco olvidadas. Cada generaci\u00f3n escucha su m\u00fasica, pero nosotros cre\u00edamos que estar\u00eda bien dar un paseo por el pasado y volver a subir al escenario estas canciones con nuevos arreglos para mostrar al p\u00fablico joven algo que no hab\u00eda conocido de aquella \u00e9poca   <\/p>\n\n<p>El <a href=\"https:\/\/tarracosurfers.bandcamp.com\/\" target=\"_blank\" rel=\"noreferrer noopener\">T\u00e0rraco Surfers<\/a> es posterior, todav\u00eda funciona y es un grupo de baile. Naci\u00f3 como grupo instrumental sordo, un g\u00e9nero muy com\u00fan en la m\u00fasica instrumental. Despu\u00e9s se convirti\u00f3 en algo m\u00e1s \u201cpatxangueros\u201d y lo que hacemos es m\u00fasica de verbena en clave de surf: un \u201cdivertimento\u201d. Pero tambi\u00e9n nos ganamos la vida. Lo paso bien haciendo versiones, porque yo vengo de este mundo. Antes de ir con <a href=\"https:\/\/www.elspets.cat\/\" target=\"_blank\" rel=\"noreferrer noopener\">Els Pets<\/a>, hab\u00eda estado nueve a\u00f1os con grupos de orquestras con m\u00fasica de baile.     <\/p>\n\n<p><strong>\u00bfQu\u00e9 es lo que te movi\u00f3 en 2018 a lanzarte a editar tu primer disco en solitario?<\/strong><\/p>\n\n<p>Cuando me pongo delante como cantante con el grupo Refugi es una prueba de fuego para m\u00ed. Me siento bien y a lo largo de los a\u00f1os vamos consolidando el repertorio, y a lo largo de los a\u00f1os vamos consolidando el repertorio, pero tambi\u00e9n voy consolidando la voz y el hecho que delante m\u00edo no hab\u00eda la bater\u00eda, sino que hab\u00eda p\u00fablico. Y eso no es f\u00e1cil; si lo hubiera hecho siempre, de acuerdo, pero lo he hecho de mayor. Y bien, poco a poco, me fui consolidando como cantante, me encontraba m\u00e1s a gusto; as\u00ed que me dije que ahora me tocaba reivindicarme como autor, aparte de cantante. Empec\u00e9 a mezclar canciones escritas por m\u00ed de Els Pets con canciones que ten\u00eda escritas y las guardaba en un caj\u00f3n, hice algunas nuevas, y tambi\u00e9n me gustaba mucho hacer versiones de otros artistas, de gente que me ha influenciado, tanto catalanes como internacionales, que me han ayudado a formarme como artista y tambi\u00e9n como persona.    <\/p>\n\n<p>En el primer disco hay una canci\u00f3n recuperada de Els Pets que le di una vuelta, la hice muy diferente a la original. Es una versi\u00f3n de Bob Dylan, One Too Many Mornings. Tambi\u00e9n hay una versi\u00f3n de los Quatre Gats, un grupo de blues de mediados de los sesenta en el cual Francesc Pi de la Serra, como guitarra solista y cantante.  <\/p>\n\n<p>Ahora presento el segundo disco con material propio, con letras, canciones y m\u00fasica m\u00edas.<\/p>\n\n<p><strong>Hablando del segundo disco, hay una novedad: la combinaci\u00f3n de canciones y poemas.<\/strong><\/p>\n\n<p>S\u00ed. Es algo un poco arriesgado. Porque son poemas musicados y tambi\u00e9n recitados. Hay ocho canciones y ocho poemas recitados sobre paisajes sonoro. Era un reto importante. El \u201cfeed- back\u201d que tengo es bueno, y eso es gracias al productor musical, Roger Conesa, que ha tenido la habilidad de hacer los arreglos y estos paisajes sonoros de los poemas que van llevando de la canci\u00f3n al poema, del poema a la canci\u00f3n, y todo va fluyendo como un riachuelo, como el agua cuando baja. Siempre hay un elemento que queda del poema en la canci\u00f3n, puede ser un elemento t\u00edmbrico, musical, o un sonido, que lo ata. Estoy muy contento. Hice las canciones y necesitaba que alguien lo atara de una manera natural y creo que ha salido bien.        <\/p>\n\n<p><strong>Centr\u00e1ndonos en el trabajo de composici\u00f3n. \u00bfCu\u00e1l es el trabajo de campo que haces? \u00bfQu\u00e9 es lo que te inspira? \u00bfDe d\u00f3nde salen las ideas?   <\/strong><\/p>\n\n<p>Excepto una serie de poemas que se llaman Baix a mar, que vienen de un retiro emocional de hace cinco o seis a\u00f1os (Baix a Mar es el barrio mar\u00edtimo de Torredembarra), el resto de canciones son bastante recientes, del \u00faltimo a\u00f1o o a\u00f1o y medio, y por lo tanto coinciden con el confinamiento. La materia prima la encuentro en una mirada introspectiva. Cuando nos encerraron por la pandemia, la ventana que ten\u00edamos eran las redes sociales y los medios de comunicaci\u00f3n. Los primeros d\u00edas me percat\u00e9 de que todo aquello me saturaba, me agobiaba y me dol\u00eda. Tampoco me daban ninguna explicaci\u00f3n de lo que estaba sucediendo m\u00e1s bien confusi\u00f3n. Explicaci\u00f3n t\u00e9cnica s\u00ed, una pandemia, pero si recuerdas hab\u00eda mucha confusi\u00f3n y tambi\u00e9n muchas noticias contradictorias. Entonces, un poco para curarme, para protegerme, por una cuesti\u00f3n de salud mental, decid\u00ed borrarme de las redes o no utilizarlas. Incluso hab\u00eda gente que me enviaba mensajes privados y me preguntaba si estaba bien, si estaba enfermo; les dec\u00eda que estaba bien, que lo que pasaba era que no quer\u00eda mirar m\u00e1s afuera porque no encontraba nada, que quer\u00eda mirar m\u00e1s en el interior. Cuando miras dentro es cuando te encuentras a ti mismo, haces como un poco de terpia. Y despu\u00e9s de ti mismo, tu entorno m\u00e1s cercano es la familia, tu pueblo, tu pasado, y buceando en el pasado salieron una serie de poemas y canciones, algunas m\u00e1s descriptivas que explican historias, otras m\u00e1s de pensamiento y sensaciones.         <\/p>\n\n<p><strong>\u00bfQu\u00e9 va primero: la letra, la entonaci\u00f3n del estribillo, el ritmo?<\/strong><\/p>\n\n<p>Hay gente que primero hace la m\u00fasica y, puesto que la m\u00fasica te da una m\u00e9trica, pone la m\u00fasica encima y todo va saliendo. En mi caso i, sobre todo, en este disco, primero he escrito las letras. La mayor\u00eda de ellos son poemas. Algunos los he mantenido como poemas, por tanto, recitados, concretamente ocho, otros los he musicado. Otros temas ya nacieron para ser canci\u00f3n, como <em>Un pessic de mel<\/em>, <em>Bonica i contenta<\/em>, Juriol, <em>La dona del fons del pou<\/em>\u2026 Pero hay que son poemas transformados en canci\u00f3n, hay que tienen estribillo, y por tanto, no nacieron para ser canci\u00f3n, sino poemas, y aun as\u00ed los he musicado.    <\/p>\n\n<p><strong>La canci\u00f3n <em>Un pessic de mel <\/em>la dedicas a tu hijo como regalo de su d\u00e9cimo aniversario.<\/strong><\/p>\n\n<p>S\u00ed. El 26 de marzo de 2021. Creo que es la canci\u00f3n m\u00e1s moderna, m\u00e1s reciente. Siempre he sido cr\u00edtico en hacer canciones a los hijos, porque los padres no tenemos filtro, todo lo encontramos bien, somo incapaces de ser cr\u00edticos con una canci\u00f3n dedicada al hijo. En aquel entonces me resist\u00eda, pero al final lo hice un poco como una despedida de su infancia. Queda muy poco tiempo para que le pueda hacer un regalo de ni\u00f1o peque\u00f1o, porque est\u00e1 a punto de entrar en la preadolescencia y entonces seg\u00fan qu\u00e9 cosas ya las reh\u00fayen, empiezan a ser hombrecitos o mujercitas y no quieren este tipo de cosas como una canci\u00f3n que habla de monstruos y de la luna. Lo hice como regalo. Esta canci\u00f3n representa un poco la cara m\u00e1s luminosa del disco, porque hay otra cara m\u00e1s oscura.       <\/p>\n\n<p><strong>Y tu hijo, \u00bfc\u00f3mo se lo tom\u00f3?<\/strong><\/p>\n\n<p>Muy bien porque lo hicimos de manera que el single sali\u00f3 digitalmente el d\u00eda que \u00e9l cumpl\u00eda a\u00f1os, y con el <a href=\"https:\/\/www.youtube.com\/watch?v=ixLcJs8JzM0\" target=\"_blank\" rel=\"noreferrer noopener\">videoclip<\/a>, que ya ten\u00edamos hecho, tambi\u00e9n. Lo hicimos con tal intenci\u00f3n. Cuando lleg\u00f3 de la escuela, nos sentamos en el sill\u00f3n de casa, estaba su abuela, su madre, su madrina, sus primos\u2026 y todos juntos le pusimos el videoclip en el Youtube y \u201cflip\u00f3\u201d porque la melod\u00eda ya le sonaba. \u00c9l hab\u00eda grabado voces, sin letra, la parte de \u201cpa pa pa ra pa\u201d; la parte en que tarareamos, \u00e9l la hab\u00eda cantado; por tanto, conoc\u00eda la melod\u00eda, le sonaba, y la parte del videoclip que es \u00e9l el que sale, mi sobrina, Judit Sabater y su pareja Aleix Costa, que son los que lo realizaron, lo enredaron una ma\u00f1ana y le dijeron que iban a gravar un trabajo y \u00e9l se lo crey\u00f3. Cuando se vio en la imagen y reconoci\u00f3 la canci\u00f3n e iba leyendo la letra, empez\u00f3 a entender. El regal\u00f3 funcion\u00f3.      <\/p>\n\n<p><strong>\u00bfLas otras canciones tienen tambi\u00e9n una historia detr\u00e1s?<\/strong><\/p>\n\n<p>En esta \u00e9poca introspectiva he encontrado los fantasmas que te rodean y que te acompa\u00f1a durante toda la vida. Fantasmas bonitos, pero a veces no dejan descansar o no dejamos que las cosas descansen c\u00f3mo deben hacerlo. Por ejemplo, en la canci\u00f3n Juriol, que es otra variante dialectal, es una canci\u00f3n de un t\u00edo m\u00edo que muri\u00f3 en 1957. A\u00f1os m\u00e1s tarde nac\u00ed yo, en el a\u00f1o 1963, pero en realidad hablo de mi padre, c\u00f3mo este proceso de duelo lo acompa\u00f1\u00f3 toda la vida hasta su muerte. Fue una muerte tr\u00e1gica, un accidente de tractor, porque en casa tambi\u00e9n eran payeses. Y todo esto marc\u00f3 mucho la infancia y la vida de mi padre. Fue una manera de canalizarlo y explicarlo.      <\/p>\n\n<p>Tambi\u00e9n hay historias inspirades en Constant\u00ed, como <em>La creu de Salom<\/em>, que es como un romance popular, pero est\u00e1 escrito por m\u00ed, una historia de del pueblo basada en una leyenda, y la he transformado y convertido en un romance del siglo pasado con estrofas de seis versos con rima consonante. He querido hacer como un western catal\u00e1n que sucede a finales del XIX principios del XX. Un se\u00f1or que va a vender la cosecha de avellanes a Reus y acaba celebr\u00e1ndolo yendo de \u201cpepas\u201d y en este viaje se encuentra un personaje misterioso que resulta ser el diablo. Est\u00e1 basada en una historia que explicaban aqu\u00ed de la cruz de Salom.   <\/p>\n\n<p>Despu\u00e9s hay alguna que es como un homenaje a las mujeres de la generaci\u00f3n de mi abuela, a quien se les escoge el destino, la vida, el camino, cas\u00e1ndolas con quien convenga por intereses familiares, econ\u00f3micos, o lo que sea. Y durante muchas generaciones, la \u00fanica salida, la manera de liberarse de la muerte. Es muy triste, y esto a\u00fan pasa en muchos pa\u00edses.  <\/p>\n\n<p><strong>Esta historia es m\u00e1s reivindicativa.<\/strong><\/p>\n\n<p>La otra canci\u00f3n m\u00e1s reivindicativa que hay es <em>Lla\u00e7os grocs<\/em>, un poema que envi\u00e9 a Jordi Cuixart en la pres\u00f3, dedicada a \u00e9l pero tambi\u00e9n al resto de prisioneros pol\u00edticos, un poco para canalizar la rabia de todo aquello que est\u00e1bamos viviendo, del proceso, toda la represi\u00f3n del Estado espa\u00f1ol, y del aparato judicial y policial, y c\u00f3mo los hab\u00edan tratado. Es uno de esos poemas que me atrev\u00ed a musicar y ha quedado como una canci\u00f3n muy \u00e9pica. Hay unos arreglos con el productor Roger Conesa con sonidos de percusi\u00f3n tradicional y de copla. Estamos especialmente contentos de c\u00f3mo ha quedado.   <\/p>\n\n<p><strong>H\u00e1blanos un poco de la actitud exploradora de los artistas\u2026<\/strong><\/p>\n\n<p>Si no eres una persona curiosa y te dedicas al arte, no puedes transmitir a los dem\u00e1s. Incluso hablando de ti debes ser curioso, y tambi\u00e9n debes tener la necesidad de investigar y de bucear dentro de ti. A veces miras fuera, a veces dentro de ti, pero si no tienes curiosidad, vamos mal.  <\/p>\n\n<p><strong>Estar atento de lo qu\u00e9 pasa a tu alrededor\u2026<\/strong><\/p>\n\n<p>De esto se le llama tener oficio. Saber sacar punta de las cosas que, a veces, son insignificantes, pero que pueden tener mucha cuerda. Tambi\u00e9n que qui\u00e9n lo lea, encuentre esta cuerda, que le encuentre sentido y se sienta identificado.  <\/p>\n\n<div style=\"height:50px\" aria-hidden=\"true\" class=\"wp-block-spacer\"><\/div>\n\n<p>Entrevista publicada en la Revista 27 de la entidad (mayo 2022)<\/p>\n","protected":false},"excerpt":{"rendered":"<p>Conversamos con el m\u00fasico y compositor Joan Reig sobre piezas musicales, inspiraci\u00f3n y su actitud exploradora y curiosa.<\/p>\n","protected":false},"author":2,"featured_media":1887,"comment_status":"closed","ping_status":"closed","sticky":false,"template":"","format":"standard","meta":{"_acf_changed":false,"give_campaign_id":0,"footnotes":""},"categories":[20],"tags":[],"class_list":["post-1888","post","type-post","status-publish","format-standard","has-post-thumbnail","hentry","category-articulos"],"acf":[],"yoast_head":"<!-- This site is optimized with the Yoast SEO plugin v27.2 - https:\/\/yoast.com\/product\/yoast-seo-wordpress\/ -->\n<title>&quot;De esto se llama tener oficio. Saber sacar la punta de las cosas que a veces son insignificantes, pero que pueden tener mucha cuerda&quot; - CorAvant<\/title>\n<meta name=\"robots\" content=\"index, follow, max-snippet:-1, max-image-preview:large, max-video-preview:-1\" \/>\n<link rel=\"canonical\" href=\"https:\/\/fundaciocoravant.org\/es\/de-esto-se-llama-tener-oficio-saber-sacar-la-punta-de-las-cosas-que-a-veces-son-insignificantes-pero-que-pueden-tener-mucha-cuerda\/\" \/>\n<meta property=\"og:locale\" content=\"es_ES\" \/>\n<meta property=\"og:type\" content=\"article\" \/>\n<meta property=\"og:title\" content=\"&quot;De esto se llama tener oficio. Saber sacar la punta de las cosas que a veces son insignificantes, pero que pueden tener mucha cuerda&quot; - CorAvant\" \/>\n<meta property=\"og:description\" content=\"Conversamos con el m\u00fasico y compositor Joan Reig sobre piezas musicales, inspiraci\u00f3n y su actitud exploradora y curiosa.\" \/>\n<meta property=\"og:url\" content=\"https:\/\/fundaciocoravant.org\/es\/de-esto-se-llama-tener-oficio-saber-sacar-la-punta-de-las-cosas-que-a-veces-son-insignificantes-pero-que-pueden-tener-mucha-cuerda\/\" \/>\n<meta property=\"og:site_name\" content=\"CorAvant\" \/>\n<meta property=\"article:publisher\" content=\"https:\/\/www.facebook.com\/coravantaacic\" \/>\n<meta property=\"article:published_time\" content=\"2022-08-02T13:50:00+00:00\" \/>\n<meta property=\"article:modified_time\" content=\"2026-04-22T09:40:41+00:00\" \/>\n<meta property=\"og:image\" content=\"https:\/\/fundaciocoravant.org\/wp-content\/uploads\/2022\/08\/Joan-Reig.jpg\" \/>\n\t<meta property=\"og:image:width\" content=\"1000\" \/>\n\t<meta property=\"og:image:height\" content=\"280\" \/>\n\t<meta property=\"og:image:type\" content=\"image\/jpeg\" \/>\n<meta name=\"author\" content=\"maria\" \/>\n<meta name=\"twitter:card\" content=\"summary_large_image\" \/>\n<meta name=\"twitter:creator\" content=\"@coravant\" \/>\n<meta name=\"twitter:site\" content=\"@coravant\" \/>\n<meta name=\"twitter:label1\" content=\"Escrito por\" \/>\n\t<meta name=\"twitter:data1\" content=\"maria\" \/>\n\t<meta name=\"twitter:label2\" content=\"Tiempo de lectura\" \/>\n\t<meta name=\"twitter:data2\" content=\"12 minutos\" \/>\n<script type=\"application\/ld+json\" class=\"yoast-schema-graph\">{\"@context\":\"https:\/\/schema.org\",\"@graph\":[{\"@type\":\"Article\",\"@id\":\"https:\/\/fundaciocoravant.org\/es\/de-esto-se-llama-tener-oficio-saber-sacar-la-punta-de-las-cosas-que-a-veces-son-insignificantes-pero-que-pueden-tener-mucha-cuerda\/#article\",\"isPartOf\":{\"@id\":\"https:\/\/fundaciocoravant.org\/es\/de-esto-se-llama-tener-oficio-saber-sacar-la-punta-de-las-cosas-que-a-veces-son-insignificantes-pero-que-pueden-tener-mucha-cuerda\/\"},\"author\":{\"name\":\"maria\",\"@id\":\"https:\/\/fundaciocoravant.org\/#\/schema\/person\/ddddb79ef964743dfdd6d64da1116530\"},\"headline\":\"\u00abDe esto se llama tener oficio. Saber sacar la punta de las cosas que a veces son insignificantes, pero que pueden tener mucha cuerda\u00bb\",\"datePublished\":\"2022-08-02T13:50:00+00:00\",\"dateModified\":\"2026-04-22T09:40:41+00:00\",\"mainEntityOfPage\":{\"@id\":\"https:\/\/fundaciocoravant.org\/es\/de-esto-se-llama-tener-oficio-saber-sacar-la-punta-de-las-cosas-que-a-veces-son-insignificantes-pero-que-pueden-tener-mucha-cuerda\/\"},\"wordCount\":2325,\"publisher\":{\"@id\":\"https:\/\/fundaciocoravant.org\/#organization\"},\"image\":{\"@id\":\"https:\/\/fundaciocoravant.org\/es\/de-esto-se-llama-tener-oficio-saber-sacar-la-punta-de-las-cosas-que-a-veces-son-insignificantes-pero-que-pueden-tener-mucha-cuerda\/#primaryimage\"},\"thumbnailUrl\":\"https:\/\/fundaciocoravant.org\/wp-content\/uploads\/2022\/08\/Joan-Reig.jpg\",\"articleSection\":[\"Art\u00edculos\"],\"inLanguage\":\"es\"},{\"@type\":\"WebPage\",\"@id\":\"https:\/\/fundaciocoravant.org\/es\/de-esto-se-llama-tener-oficio-saber-sacar-la-punta-de-las-cosas-que-a-veces-son-insignificantes-pero-que-pueden-tener-mucha-cuerda\/\",\"url\":\"https:\/\/fundaciocoravant.org\/es\/de-esto-se-llama-tener-oficio-saber-sacar-la-punta-de-las-cosas-que-a-veces-son-insignificantes-pero-que-pueden-tener-mucha-cuerda\/\",\"name\":\"\\\"De esto se llama tener oficio. Saber sacar la punta de las cosas que a veces son insignificantes, pero que pueden tener mucha cuerda\\\" - CorAvant\",\"isPartOf\":{\"@id\":\"https:\/\/fundaciocoravant.org\/#website\"},\"primaryImageOfPage\":{\"@id\":\"https:\/\/fundaciocoravant.org\/es\/de-esto-se-llama-tener-oficio-saber-sacar-la-punta-de-las-cosas-que-a-veces-son-insignificantes-pero-que-pueden-tener-mucha-cuerda\/#primaryimage\"},\"image\":{\"@id\":\"https:\/\/fundaciocoravant.org\/es\/de-esto-se-llama-tener-oficio-saber-sacar-la-punta-de-las-cosas-que-a-veces-son-insignificantes-pero-que-pueden-tener-mucha-cuerda\/#primaryimage\"},\"thumbnailUrl\":\"https:\/\/fundaciocoravant.org\/wp-content\/uploads\/2022\/08\/Joan-Reig.jpg\",\"datePublished\":\"2022-08-02T13:50:00+00:00\",\"dateModified\":\"2026-04-22T09:40:41+00:00\",\"breadcrumb\":{\"@id\":\"https:\/\/fundaciocoravant.org\/es\/de-esto-se-llama-tener-oficio-saber-sacar-la-punta-de-las-cosas-que-a-veces-son-insignificantes-pero-que-pueden-tener-mucha-cuerda\/#breadcrumb\"},\"inLanguage\":\"es\",\"potentialAction\":[{\"@type\":\"ReadAction\",\"target\":[\"https:\/\/fundaciocoravant.org\/es\/de-esto-se-llama-tener-oficio-saber-sacar-la-punta-de-las-cosas-que-a-veces-son-insignificantes-pero-que-pueden-tener-mucha-cuerda\/\"]}]},{\"@type\":\"ImageObject\",\"inLanguage\":\"es\",\"@id\":\"https:\/\/fundaciocoravant.org\/es\/de-esto-se-llama-tener-oficio-saber-sacar-la-punta-de-las-cosas-que-a-veces-son-insignificantes-pero-que-pueden-tener-mucha-cuerda\/#primaryimage\",\"url\":\"https:\/\/fundaciocoravant.org\/wp-content\/uploads\/2022\/08\/Joan-Reig.jpg\",\"contentUrl\":\"https:\/\/fundaciocoravant.org\/wp-content\/uploads\/2022\/08\/Joan-Reig.jpg\",\"width\":1000,\"height\":280,\"caption\":\"Joan Reig\"},{\"@type\":\"BreadcrumbList\",\"@id\":\"https:\/\/fundaciocoravant.org\/es\/de-esto-se-llama-tener-oficio-saber-sacar-la-punta-de-las-cosas-que-a-veces-son-insignificantes-pero-que-pueden-tener-mucha-cuerda\/#breadcrumb\",\"itemListElement\":[{\"@type\":\"ListItem\",\"position\":1,\"name\":\"Home\",\"item\":\"https:\/\/fundaciocoravant.org\/es\/\"},{\"@type\":\"ListItem\",\"position\":2,\"name\":\"\u00abDe esto se llama tener oficio. Saber sacar la punta de las cosas que a veces son insignificantes, pero que pueden tener mucha cuerda\u00bb\"}]},{\"@type\":\"WebSite\",\"@id\":\"https:\/\/fundaciocoravant.org\/#website\",\"url\":\"https:\/\/fundaciocoravant.org\/\",\"name\":\"CorAvant\",\"description\":\"Fundaci\u00f3 de joves i adults amb cardiopatia\",\"publisher\":{\"@id\":\"https:\/\/fundaciocoravant.org\/#organization\"},\"potentialAction\":[{\"@type\":\"SearchAction\",\"target\":{\"@type\":\"EntryPoint\",\"urlTemplate\":\"https:\/\/fundaciocoravant.org\/?s={search_term_string}\"},\"query-input\":{\"@type\":\"PropertyValueSpecification\",\"valueRequired\":true,\"valueName\":\"search_term_string\"}}],\"inLanguage\":\"es\"},{\"@type\":\"Organization\",\"@id\":\"https:\/\/fundaciocoravant.org\/#organization\",\"name\":\"CorAvant\",\"url\":\"https:\/\/fundaciocoravant.org\/\",\"logo\":{\"@type\":\"ImageObject\",\"inLanguage\":\"es\",\"@id\":\"https:\/\/fundaciocoravant.org\/#\/schema\/logo\/image\/\",\"url\":\"https:\/\/fundaciocoravant.org\/wp-content\/uploads\/2025\/11\/cropped-cropped-LOGO_CORAVANT-15-anys_CASTELLANO.png\",\"contentUrl\":\"https:\/\/fundaciocoravant.org\/wp-content\/uploads\/2025\/11\/cropped-cropped-LOGO_CORAVANT-15-anys_CASTELLANO.png\",\"width\":1404,\"height\":979,\"caption\":\"CorAvant\"},\"image\":{\"@id\":\"https:\/\/fundaciocoravant.org\/#\/schema\/logo\/image\/\"},\"sameAs\":[\"https:\/\/www.facebook.com\/coravantaacic\",\"https:\/\/x.com\/coravant\",\"https:\/\/www.instagram.com\/coravantaacic\/\",\"https:\/\/www.youtube.com\/@CorAvantAACIC_cardiopaties\",\"https:\/\/www.linkedin.com\/company\/fundacio-coravant\/\"]},{\"@type\":\"Person\",\"@id\":\"https:\/\/fundaciocoravant.org\/#\/schema\/person\/ddddb79ef964743dfdd6d64da1116530\",\"name\":\"maria\",\"url\":\"https:\/\/fundaciocoravant.org\/es\/author\/maria\/\"}]}<\/script>\n<!-- \/ Yoast SEO plugin. -->","yoast_head_json":{"title":"\"De esto se llama tener oficio. Saber sacar la punta de las cosas que a veces son insignificantes, pero que pueden tener mucha cuerda\" - CorAvant","robots":{"index":"index","follow":"follow","max-snippet":"max-snippet:-1","max-image-preview":"max-image-preview:large","max-video-preview":"max-video-preview:-1"},"canonical":"https:\/\/fundaciocoravant.org\/es\/de-esto-se-llama-tener-oficio-saber-sacar-la-punta-de-las-cosas-que-a-veces-son-insignificantes-pero-que-pueden-tener-mucha-cuerda\/","og_locale":"es_ES","og_type":"article","og_title":"\"De esto se llama tener oficio. Saber sacar la punta de las cosas que a veces son insignificantes, pero que pueden tener mucha cuerda\" - CorAvant","og_description":"Conversamos con el m\u00fasico y compositor Joan Reig sobre piezas musicales, inspiraci\u00f3n y su actitud exploradora y curiosa.","og_url":"https:\/\/fundaciocoravant.org\/es\/de-esto-se-llama-tener-oficio-saber-sacar-la-punta-de-las-cosas-que-a-veces-son-insignificantes-pero-que-pueden-tener-mucha-cuerda\/","og_site_name":"CorAvant","article_publisher":"https:\/\/www.facebook.com\/coravantaacic","article_published_time":"2022-08-02T13:50:00+00:00","article_modified_time":"2026-04-22T09:40:41+00:00","og_image":[{"width":1000,"height":280,"url":"https:\/\/fundaciocoravant.org\/wp-content\/uploads\/2022\/08\/Joan-Reig.jpg","type":"image\/jpeg"}],"author":"maria","twitter_card":"summary_large_image","twitter_creator":"@coravant","twitter_site":"@coravant","twitter_misc":{"Escrito por":"maria","Tiempo de lectura":"12 minutos"},"schema":{"@context":"https:\/\/schema.org","@graph":[{"@type":"Article","@id":"https:\/\/fundaciocoravant.org\/es\/de-esto-se-llama-tener-oficio-saber-sacar-la-punta-de-las-cosas-que-a-veces-son-insignificantes-pero-que-pueden-tener-mucha-cuerda\/#article","isPartOf":{"@id":"https:\/\/fundaciocoravant.org\/es\/de-esto-se-llama-tener-oficio-saber-sacar-la-punta-de-las-cosas-que-a-veces-son-insignificantes-pero-que-pueden-tener-mucha-cuerda\/"},"author":{"name":"maria","@id":"https:\/\/fundaciocoravant.org\/#\/schema\/person\/ddddb79ef964743dfdd6d64da1116530"},"headline":"\u00abDe esto se llama tener oficio. Saber sacar la punta de las cosas que a veces son insignificantes, pero que pueden tener mucha cuerda\u00bb","datePublished":"2022-08-02T13:50:00+00:00","dateModified":"2026-04-22T09:40:41+00:00","mainEntityOfPage":{"@id":"https:\/\/fundaciocoravant.org\/es\/de-esto-se-llama-tener-oficio-saber-sacar-la-punta-de-las-cosas-que-a-veces-son-insignificantes-pero-que-pueden-tener-mucha-cuerda\/"},"wordCount":2325,"publisher":{"@id":"https:\/\/fundaciocoravant.org\/#organization"},"image":{"@id":"https:\/\/fundaciocoravant.org\/es\/de-esto-se-llama-tener-oficio-saber-sacar-la-punta-de-las-cosas-que-a-veces-son-insignificantes-pero-que-pueden-tener-mucha-cuerda\/#primaryimage"},"thumbnailUrl":"https:\/\/fundaciocoravant.org\/wp-content\/uploads\/2022\/08\/Joan-Reig.jpg","articleSection":["Art\u00edculos"],"inLanguage":"es"},{"@type":"WebPage","@id":"https:\/\/fundaciocoravant.org\/es\/de-esto-se-llama-tener-oficio-saber-sacar-la-punta-de-las-cosas-que-a-veces-son-insignificantes-pero-que-pueden-tener-mucha-cuerda\/","url":"https:\/\/fundaciocoravant.org\/es\/de-esto-se-llama-tener-oficio-saber-sacar-la-punta-de-las-cosas-que-a-veces-son-insignificantes-pero-que-pueden-tener-mucha-cuerda\/","name":"\"De esto se llama tener oficio. Saber sacar la punta de las cosas que a veces son insignificantes, pero que pueden tener mucha cuerda\" - CorAvant","isPartOf":{"@id":"https:\/\/fundaciocoravant.org\/#website"},"primaryImageOfPage":{"@id":"https:\/\/fundaciocoravant.org\/es\/de-esto-se-llama-tener-oficio-saber-sacar-la-punta-de-las-cosas-que-a-veces-son-insignificantes-pero-que-pueden-tener-mucha-cuerda\/#primaryimage"},"image":{"@id":"https:\/\/fundaciocoravant.org\/es\/de-esto-se-llama-tener-oficio-saber-sacar-la-punta-de-las-cosas-que-a-veces-son-insignificantes-pero-que-pueden-tener-mucha-cuerda\/#primaryimage"},"thumbnailUrl":"https:\/\/fundaciocoravant.org\/wp-content\/uploads\/2022\/08\/Joan-Reig.jpg","datePublished":"2022-08-02T13:50:00+00:00","dateModified":"2026-04-22T09:40:41+00:00","breadcrumb":{"@id":"https:\/\/fundaciocoravant.org\/es\/de-esto-se-llama-tener-oficio-saber-sacar-la-punta-de-las-cosas-que-a-veces-son-insignificantes-pero-que-pueden-tener-mucha-cuerda\/#breadcrumb"},"inLanguage":"es","potentialAction":[{"@type":"ReadAction","target":["https:\/\/fundaciocoravant.org\/es\/de-esto-se-llama-tener-oficio-saber-sacar-la-punta-de-las-cosas-que-a-veces-son-insignificantes-pero-que-pueden-tener-mucha-cuerda\/"]}]},{"@type":"ImageObject","inLanguage":"es","@id":"https:\/\/fundaciocoravant.org\/es\/de-esto-se-llama-tener-oficio-saber-sacar-la-punta-de-las-cosas-que-a-veces-son-insignificantes-pero-que-pueden-tener-mucha-cuerda\/#primaryimage","url":"https:\/\/fundaciocoravant.org\/wp-content\/uploads\/2022\/08\/Joan-Reig.jpg","contentUrl":"https:\/\/fundaciocoravant.org\/wp-content\/uploads\/2022\/08\/Joan-Reig.jpg","width":1000,"height":280,"caption":"Joan Reig"},{"@type":"BreadcrumbList","@id":"https:\/\/fundaciocoravant.org\/es\/de-esto-se-llama-tener-oficio-saber-sacar-la-punta-de-las-cosas-que-a-veces-son-insignificantes-pero-que-pueden-tener-mucha-cuerda\/#breadcrumb","itemListElement":[{"@type":"ListItem","position":1,"name":"Home","item":"https:\/\/fundaciocoravant.org\/es\/"},{"@type":"ListItem","position":2,"name":"\u00abDe esto se llama tener oficio. Saber sacar la punta de las cosas que a veces son insignificantes, pero que pueden tener mucha cuerda\u00bb"}]},{"@type":"WebSite","@id":"https:\/\/fundaciocoravant.org\/#website","url":"https:\/\/fundaciocoravant.org\/","name":"CorAvant","description":"Fundaci\u00f3 de joves i adults amb cardiopatia","publisher":{"@id":"https:\/\/fundaciocoravant.org\/#organization"},"potentialAction":[{"@type":"SearchAction","target":{"@type":"EntryPoint","urlTemplate":"https:\/\/fundaciocoravant.org\/?s={search_term_string}"},"query-input":{"@type":"PropertyValueSpecification","valueRequired":true,"valueName":"search_term_string"}}],"inLanguage":"es"},{"@type":"Organization","@id":"https:\/\/fundaciocoravant.org\/#organization","name":"CorAvant","url":"https:\/\/fundaciocoravant.org\/","logo":{"@type":"ImageObject","inLanguage":"es","@id":"https:\/\/fundaciocoravant.org\/#\/schema\/logo\/image\/","url":"https:\/\/fundaciocoravant.org\/wp-content\/uploads\/2025\/11\/cropped-cropped-LOGO_CORAVANT-15-anys_CASTELLANO.png","contentUrl":"https:\/\/fundaciocoravant.org\/wp-content\/uploads\/2025\/11\/cropped-cropped-LOGO_CORAVANT-15-anys_CASTELLANO.png","width":1404,"height":979,"caption":"CorAvant"},"image":{"@id":"https:\/\/fundaciocoravant.org\/#\/schema\/logo\/image\/"},"sameAs":["https:\/\/www.facebook.com\/coravantaacic","https:\/\/x.com\/coravant","https:\/\/www.instagram.com\/coravantaacic\/","https:\/\/www.youtube.com\/@CorAvantAACIC_cardiopaties","https:\/\/www.linkedin.com\/company\/fundacio-coravant\/"]},{"@type":"Person","@id":"https:\/\/fundaciocoravant.org\/#\/schema\/person\/ddddb79ef964743dfdd6d64da1116530","name":"maria","url":"https:\/\/fundaciocoravant.org\/es\/author\/maria\/"}]}},"_links":{"self":[{"href":"https:\/\/fundaciocoravant.org\/es\/wp-json\/wp\/v2\/posts\/1888","targetHints":{"allow":["GET"]}}],"collection":[{"href":"https:\/\/fundaciocoravant.org\/es\/wp-json\/wp\/v2\/posts"}],"about":[{"href":"https:\/\/fundaciocoravant.org\/es\/wp-json\/wp\/v2\/types\/post"}],"author":[{"embeddable":true,"href":"https:\/\/fundaciocoravant.org\/es\/wp-json\/wp\/v2\/users\/2"}],"replies":[{"embeddable":true,"href":"https:\/\/fundaciocoravant.org\/es\/wp-json\/wp\/v2\/comments?post=1888"}],"version-history":[{"count":1,"href":"https:\/\/fundaciocoravant.org\/es\/wp-json\/wp\/v2\/posts\/1888\/revisions"}],"predecessor-version":[{"id":1889,"href":"https:\/\/fundaciocoravant.org\/es\/wp-json\/wp\/v2\/posts\/1888\/revisions\/1889"}],"wp:featuredmedia":[{"embeddable":true,"href":"https:\/\/fundaciocoravant.org\/es\/wp-json\/wp\/v2\/media\/1887"}],"wp:attachment":[{"href":"https:\/\/fundaciocoravant.org\/es\/wp-json\/wp\/v2\/media?parent=1888"}],"wp:term":[{"taxonomy":"category","embeddable":true,"href":"https:\/\/fundaciocoravant.org\/es\/wp-json\/wp\/v2\/categories?post=1888"},{"taxonomy":"post_tag","embeddable":true,"href":"https:\/\/fundaciocoravant.org\/es\/wp-json\/wp\/v2\/tags?post=1888"}],"curies":[{"name":"wp","href":"https:\/\/api.w.org\/{rel}","templated":true}]}}