{"id":1899,"date":"2023-05-24T13:47:00","date_gmt":"2023-05-24T13:47:00","guid":{"rendered":"https:\/\/fundaciocoravant.org\/si-buscas-la-paz-solo-la-hallaras-en-el-presente\/"},"modified":"2026-04-22T09:50:12","modified_gmt":"2026-04-22T09:50:12","slug":"si-buscas-la-paz-solo-la-hallaras-en-el-presente","status":"publish","type":"post","link":"https:\/\/fundaciocoravant.org\/es\/si-buscas-la-paz-solo-la-hallaras-en-el-presente\/","title":{"rendered":"\u00abSi buscas la paz, solo la hallar\u00e1s en el presente\u00bb"},"content":{"rendered":"\n<p>En mi despacho, en la pared situada enfrente de m\u00ed, cuelga una fotograf\u00eda que encargu\u00e9 me la imprimieran a grandes dimensiones. Ten\u00eda que ser \u00e9sta y no otra. Lo ten\u00eda claro porque cuando la vi me enamor\u00e9 de ella.  <\/p>\n\n<p>Es en blanco y negro. El protagonista de la imagen es un gato, un hermoso felino atigrado y un pel\u00edn gordote. En esa pl\u00e1cida posici\u00f3n gatuna con las patitas recogidas en la que a veces duermen, pero, en este caso, est\u00e1 despierto. Se encuentra en plan contemplativo delante de una ventana.   <\/p>\n\n<p>No parece tener ninguna preocupaci\u00f3n. Ni se est\u00e1 arrepintiendo por no haber conseguido cazar a un rat\u00f3n, ni resentido con otro gato que lo ara\u00f1\u00f3, ni tampoco planifica por d\u00f3nde pasear\u00e1 ma\u00f1ana. Simplemente, reposa en el presente.  <\/p>\n\n<p>\u00a1Qu\u00e9 envidia me da! Por eso lo tengo ah\u00ed, para que me trasmita esa sensaci\u00f3n. Y, al menos, los momentos que lo miro, lo consigue.  <\/p>\n\n<p><strong>\u00bfC\u00f3mo diablos los humanos nos hemos liado tanto para no poder gozar de esta sencilla tranquilidad?<\/strong><\/p>\n\n<p>Los f\u00edsicos te\u00f3ricos hablan de la existencia de muchas dimensiones, creo que ya van por la once. Como psic\u00f3loga, no tengo ni idea, pero yo dos, las veo muy claras: la real y la mental. Me refiero a que la realidad va por unos derroteros y nuestros pensamientos en paralelo por otros muy distintos.  <\/p>\n\n<p>Dos planos. Est\u00e1 claro que el gato se encuentra en el real, y los sapiens nos pasamos la mayor parte del tiempo en el mental. Hay muchas investigaciones que lo demuestran, pero no me entretendr\u00e9 a citarlas, porque por poco que nos miremos lo podemos comprobar.  <\/p>\n\n<p>Si a nosotros nos colocaran frente esa ventana, seguro que se correr\u00eda una cortina que nos impedir\u00eda ver el paisaje, y no me refiero a una cortina de tela, sino a una psicol\u00f3gica estampada con pensamientos variopintos. Resulta divertido fijarnos en la importancia que le damos a las vistas al escoger la habitaci\u00f3n de un hotel, si tenemos en cuenta que \u00a1No las vemos! Nuestros ojos pueden recorrer la panor\u00e1mica e incluso exclamar \u00a1qu\u00e9 bonito! Pero las preocupaciones no tardan mucho en alojarse en la misma habitaci\u00f3n. Es como si tuvieran celos del paisaje, quieren nuestra absoluta atenci\u00f3n. Y no solemos defraudarlas.     <\/p>\n\n<p>Esta misma cortina mental determina si una planta en nuestra casa se limita a actuar de objeto decorativo o nos hace compa\u00f1\u00eda. Si la descorremos, podemos notar su presencia silenciosa y si no, nos perdemos su cari\u00f1o. <\/p>\n\n<p>Lo m\u00e1s triste es que con nuestros seres queridos nos ocurre lo mismo.<\/p>\n\n<p>Cuando sufrimos, ya sea por una enfermedad o por cualquier otro motivo, solemos sentirnos muy solos. Podemos incluso reconocer la preocupaci\u00f3n de los dem\u00e1s y agradecer sus cuidados, pero eso no basta para notarnos realmente cerca de ellos. Y es que entre nosotros y ellos se interpone no una cortina mental, sino un grueso muro construido con ladrillos psicol\u00f3gicos (\u00ab\u00bfporque a m\u00ed?\u00bb; \u00abno pueden entender lo que estoy pasando\u00bb; \u00abalgo debo estar haciendo mal\u00bb; \u00abno podr\u00e9 soportarlo por mucho tiempo\u00bb, \u2026).  <\/p>\n\n<p><strong>\u00bfC\u00f3mo podemos dar o recibir amor con esta muralla de por medio?<\/strong><\/p>\n\n<p>Todos esos pensamientos se filtran en nuestras cabezas sin pedirnos permiso. Y se dedican a dar vueltas y m\u00e1s vueltas. Si nos detenemos un momento y nos fijamos en lo que hemos pensado hoy, podremos comprobar que no es muy distinto de lo que nuestra cabeza barrunt\u00f3 ayer. Siempre roemos las mismas ideas. Por eso, nos ponemos tan contentos cuando se cuela alguna nueva y creativa. Es como si de repente nos abrieran alguna puerta. Aire fresco.      <\/p>\n\n<p><strong>\u00bfC\u00f3mo podemos bajarnos de esta dimensi\u00f3n mental y en entrar en el precioso universo en el que se encuentra nuestro felino zen?<\/strong><\/p>\n\n<p>No soy muy amante de los <em>tips<\/em>, no creo en consejos sencillos que cambien la vida. Si funcionaran ya ser\u00edamos todos muy felices. De todas formas, voy a jugar a enumerar algunos.  <\/p>\n\n<ul class=\"wp-block-list\">\n<li>L\u00e9ete alg\u00fan libro de f\u00edsica cu\u00e1ntica, o mejor un art\u00edculo cortito divulgativo (con eso ser\u00e1 suficiente) o bien lee a S\u00f3crates y repite con \u00e9l: \u00abS\u00f3lo s\u00e9 que no s\u00e9 nada\u00bb. Las dos opciones son igual de v\u00e1lidas. Se trata de que nos demos cuenta de nuestra ignorancia. Los humanos somos demasiado arrogantes. Ser soberbios nos hace pensar que sabemos por d\u00f3nde han de ir las cosas, c\u00f3mo se tienen que comportar nuestros hijos, padres, parejas, amigos, \u2026 y sobre todo nosotros. Y entonces cuando la realidad no se ajusta a estas bolas mentales, sufrimos lo indecible. Y lo que es peor, somos incapaces de perdonarnos o perdonar al otro.      <\/li>\n\n\n\n<li>Juega a espantar moscas, primero con moscas reales y luego, cuando cojas el movimiento, haz lo mismo con tus pensamientos. A la que te venga uno que te fastidia, un aut\u00e9ntico moscard\u00f3n, qu\u00edtatelo de encima. Si has hecho los deberes y eres consciente de que no sabes nada, te resultar\u00e1 de lo m\u00e1s sencillo. Reconocer\u00e1s que esa mosca solo es un insecto mental.   <\/li>\n\n\n\n<li>En el caso de que no hayas hecho los deberes y la mosca te atrape a ti, m\u00edrala fijamente. Clava tus ojos en tu pensamiento como si te ordenaran que pintaras un cuadro abstracto que lo representara. Normalmente los pensamientos son pensados, se presentan y zas nos engullen, ahora se trata de que los observes y te des cuenta de que son puras construcciones de tu cerebro. Cr\u00e9eme, sabemos hacerlo. Cuando un amigo nos explica alg\u00fan problema, a veces podemos ver claro c\u00f3mo es solo algo que ha montado su psique, pues se trata de hacer lo mismo con nuestras propias preocupaciones.    <\/li>\n\n\n\n<li>Cuando est\u00e9s con alguien, descorre tu cortina mental, esc\u00fachalo sin meter tus juicios de por medio. L\u00edmitate a esc\u00facharlo, no intentes cambiarlo, aconsejarlo, presta atenci\u00f3n plena a sus palabras. Ver\u00e1s que no est\u00e1s solo. Y la vida con el calor de los que nos acompa\u00f1an es mucho m\u00e1s acogedora.   <\/li>\n\n\n\n<li>Y por favor, no te tomes muy en serio estos <em>tips<\/em>. Y la vida, tampoco. <\/li>\n<\/ul>\n\n<p>Por si te apetece, adentrarte en el mundo de la mente, aqu\u00ed te dejo informaci\u00f3n de mis dos \u00faltimos libros:<\/p>\n\n<p>Moix, J. (2022). <em>La cueva del mono. Las siete piedras de la sabidur\u00eda.<\/em> Barcelona: Plataforma.<\/p>\n\n<p>Moix, J. (2018). <em>Mi mente sin m\u00ed. Lo \u00fanico que falta en tu vida eres t\u00fa<\/em>. Madrid: Aguilar. <\/p>\n\n<div style=\"height:50px\" aria-hidden=\"true\" class=\"wp-block-spacer\"><\/div>\n\n<p><strong>Jenny Moix<\/strong><br\/>Dra. en Psicolog\u00eda y profesora titular de la Universidad Aut\u00f3noma de Barcelona <\/p>\n\n<div style=\"height:50px\" aria-hidden=\"true\" class=\"wp-block-spacer\"><\/div>\n\n<p>Este art\u00edculo forma parte de la Revista 28 de la Asociaci\u00f3n de Cardiopat\u00edas Cong\u00e9nitas (AACIC) y de la Fundaci\u00f3n CorAvant, dedicada a la importancia de vivir el presente.<\/p>\n\n<p><\/p>\n","protected":false},"excerpt":{"rendered":"<p>Un art\u00edculo de Jenny Moix, Dra. en Psicolog\u00eda y profesora titular de la Universidad Aut\u00f3noma de Barcelona. <\/p>\n","protected":false},"author":2,"featured_media":1898,"comment_status":"closed","ping_status":"closed","sticky":false,"template":"","format":"standard","meta":{"_acf_changed":false,"give_campaign_id":0,"footnotes":""},"categories":[20],"tags":[],"class_list":["post-1899","post","type-post","status-publish","format-standard","has-post-thumbnail","hentry","category-articulos"],"acf":[],"yoast_head":"<!-- This site is optimized with the Yoast SEO plugin v27.2 - https:\/\/yoast.com\/product\/yoast-seo-wordpress\/ -->\n<title>&quot;Si buscas la paz, solo la hallar\u00e1s en el presente&quot; - CorAvant<\/title>\n<meta name=\"robots\" content=\"index, follow, max-snippet:-1, max-image-preview:large, max-video-preview:-1\" \/>\n<link rel=\"canonical\" href=\"https:\/\/fundaciocoravant.org\/es\/si-buscas-la-paz-solo-la-hallaras-en-el-presente\/\" \/>\n<meta property=\"og:locale\" content=\"es_ES\" \/>\n<meta property=\"og:type\" content=\"article\" \/>\n<meta property=\"og:title\" content=\"&quot;Si buscas la paz, solo la hallar\u00e1s en el presente&quot; - CorAvant\" \/>\n<meta property=\"og:description\" content=\"Un art\u00edculo de Jenny Moix, Dra. en Psicolog\u00eda y profesora titular de la Universidad Aut\u00f3noma de Barcelona.\" \/>\n<meta property=\"og:url\" content=\"https:\/\/fundaciocoravant.org\/es\/si-buscas-la-paz-solo-la-hallaras-en-el-presente\/\" \/>\n<meta property=\"og:site_name\" content=\"CorAvant\" \/>\n<meta property=\"article:publisher\" content=\"https:\/\/www.facebook.com\/coravantaacic\" \/>\n<meta property=\"article:published_time\" content=\"2023-05-24T13:47:00+00:00\" \/>\n<meta property=\"article:modified_time\" content=\"2026-04-22T09:50:12+00:00\" \/>\n<meta property=\"og:image\" content=\"https:\/\/fundaciocoravant.org\/wp-content\/uploads\/2023\/05\/gat-mirant-per-la-finestra-1.jpg\" \/>\n\t<meta property=\"og:image:width\" content=\"1000\" \/>\n\t<meta property=\"og:image:height\" content=\"280\" \/>\n\t<meta property=\"og:image:type\" content=\"image\/jpeg\" \/>\n<meta name=\"author\" content=\"maria\" \/>\n<meta name=\"twitter:card\" content=\"summary_large_image\" \/>\n<meta name=\"twitter:creator\" content=\"@coravant\" \/>\n<meta name=\"twitter:site\" content=\"@coravant\" \/>\n<meta name=\"twitter:label1\" content=\"Escrito por\" \/>\n\t<meta name=\"twitter:data1\" content=\"maria\" \/>\n\t<meta name=\"twitter:label2\" content=\"Tiempo de lectura\" \/>\n\t<meta name=\"twitter:data2\" content=\"6 minutos\" \/>\n<script type=\"application\/ld+json\" class=\"yoast-schema-graph\">{\"@context\":\"https:\/\/schema.org\",\"@graph\":[{\"@type\":\"Article\",\"@id\":\"https:\/\/fundaciocoravant.org\/es\/si-buscas-la-paz-solo-la-hallaras-en-el-presente\/#article\",\"isPartOf\":{\"@id\":\"https:\/\/fundaciocoravant.org\/es\/si-buscas-la-paz-solo-la-hallaras-en-el-presente\/\"},\"author\":{\"name\":\"maria\",\"@id\":\"https:\/\/fundaciocoravant.org\/#\/schema\/person\/ddddb79ef964743dfdd6d64da1116530\"},\"headline\":\"\u00abSi buscas la paz, solo la hallar\u00e1s en el presente\u00bb\",\"datePublished\":\"2023-05-24T13:47:00+00:00\",\"dateModified\":\"2026-04-22T09:50:12+00:00\",\"mainEntityOfPage\":{\"@id\":\"https:\/\/fundaciocoravant.org\/es\/si-buscas-la-paz-solo-la-hallaras-en-el-presente\/\"},\"wordCount\":1154,\"publisher\":{\"@id\":\"https:\/\/fundaciocoravant.org\/#organization\"},\"image\":{\"@id\":\"https:\/\/fundaciocoravant.org\/es\/si-buscas-la-paz-solo-la-hallaras-en-el-presente\/#primaryimage\"},\"thumbnailUrl\":\"https:\/\/fundaciocoravant.org\/wp-content\/uploads\/2023\/05\/gat-mirant-per-la-finestra-1.jpg\",\"articleSection\":[\"Art\u00edculos\"],\"inLanguage\":\"es\"},{\"@type\":\"WebPage\",\"@id\":\"https:\/\/fundaciocoravant.org\/es\/si-buscas-la-paz-solo-la-hallaras-en-el-presente\/\",\"url\":\"https:\/\/fundaciocoravant.org\/es\/si-buscas-la-paz-solo-la-hallaras-en-el-presente\/\",\"name\":\"\\\"Si buscas la paz, solo la hallar\u00e1s en el presente\\\" - CorAvant\",\"isPartOf\":{\"@id\":\"https:\/\/fundaciocoravant.org\/#website\"},\"primaryImageOfPage\":{\"@id\":\"https:\/\/fundaciocoravant.org\/es\/si-buscas-la-paz-solo-la-hallaras-en-el-presente\/#primaryimage\"},\"image\":{\"@id\":\"https:\/\/fundaciocoravant.org\/es\/si-buscas-la-paz-solo-la-hallaras-en-el-presente\/#primaryimage\"},\"thumbnailUrl\":\"https:\/\/fundaciocoravant.org\/wp-content\/uploads\/2023\/05\/gat-mirant-per-la-finestra-1.jpg\",\"datePublished\":\"2023-05-24T13:47:00+00:00\",\"dateModified\":\"2026-04-22T09:50:12+00:00\",\"breadcrumb\":{\"@id\":\"https:\/\/fundaciocoravant.org\/es\/si-buscas-la-paz-solo-la-hallaras-en-el-presente\/#breadcrumb\"},\"inLanguage\":\"es\",\"potentialAction\":[{\"@type\":\"ReadAction\",\"target\":[\"https:\/\/fundaciocoravant.org\/es\/si-buscas-la-paz-solo-la-hallaras-en-el-presente\/\"]}]},{\"@type\":\"ImageObject\",\"inLanguage\":\"es\",\"@id\":\"https:\/\/fundaciocoravant.org\/es\/si-buscas-la-paz-solo-la-hallaras-en-el-presente\/#primaryimage\",\"url\":\"https:\/\/fundaciocoravant.org\/wp-content\/uploads\/2023\/05\/gat-mirant-per-la-finestra-1.jpg\",\"contentUrl\":\"https:\/\/fundaciocoravant.org\/wp-content\/uploads\/2023\/05\/gat-mirant-per-la-finestra-1.jpg\",\"width\":1000,\"height\":280,\"caption\":\"gato mirando por la ventana\"},{\"@type\":\"BreadcrumbList\",\"@id\":\"https:\/\/fundaciocoravant.org\/es\/si-buscas-la-paz-solo-la-hallaras-en-el-presente\/#breadcrumb\",\"itemListElement\":[{\"@type\":\"ListItem\",\"position\":1,\"name\":\"Home\",\"item\":\"https:\/\/fundaciocoravant.org\/es\/\"},{\"@type\":\"ListItem\",\"position\":2,\"name\":\"\u00abSi buscas la paz, solo la hallar\u00e1s en el presente\u00bb\"}]},{\"@type\":\"WebSite\",\"@id\":\"https:\/\/fundaciocoravant.org\/#website\",\"url\":\"https:\/\/fundaciocoravant.org\/\",\"name\":\"CorAvant\",\"description\":\"Fundaci\u00f3 de joves i adults amb cardiopatia\",\"publisher\":{\"@id\":\"https:\/\/fundaciocoravant.org\/#organization\"},\"potentialAction\":[{\"@type\":\"SearchAction\",\"target\":{\"@type\":\"EntryPoint\",\"urlTemplate\":\"https:\/\/fundaciocoravant.org\/?s={search_term_string}\"},\"query-input\":{\"@type\":\"PropertyValueSpecification\",\"valueRequired\":true,\"valueName\":\"search_term_string\"}}],\"inLanguage\":\"es\"},{\"@type\":\"Organization\",\"@id\":\"https:\/\/fundaciocoravant.org\/#organization\",\"name\":\"CorAvant\",\"url\":\"https:\/\/fundaciocoravant.org\/\",\"logo\":{\"@type\":\"ImageObject\",\"inLanguage\":\"es\",\"@id\":\"https:\/\/fundaciocoravant.org\/#\/schema\/logo\/image\/\",\"url\":\"https:\/\/fundaciocoravant.org\/wp-content\/uploads\/2025\/11\/cropped-cropped-LOGO_CORAVANT-15-anys_CASTELLANO.png\",\"contentUrl\":\"https:\/\/fundaciocoravant.org\/wp-content\/uploads\/2025\/11\/cropped-cropped-LOGO_CORAVANT-15-anys_CASTELLANO.png\",\"width\":1404,\"height\":979,\"caption\":\"CorAvant\"},\"image\":{\"@id\":\"https:\/\/fundaciocoravant.org\/#\/schema\/logo\/image\/\"},\"sameAs\":[\"https:\/\/www.facebook.com\/coravantaacic\",\"https:\/\/x.com\/coravant\",\"https:\/\/www.instagram.com\/coravantaacic\/\",\"https:\/\/www.youtube.com\/@CorAvantAACIC_cardiopaties\",\"https:\/\/www.linkedin.com\/company\/fundacio-coravant\/\"]},{\"@type\":\"Person\",\"@id\":\"https:\/\/fundaciocoravant.org\/#\/schema\/person\/ddddb79ef964743dfdd6d64da1116530\",\"name\":\"maria\",\"url\":\"https:\/\/fundaciocoravant.org\/es\/author\/maria\/\"}]}<\/script>\n<!-- \/ Yoast SEO plugin. -->","yoast_head_json":{"title":"\"Si buscas la paz, solo la hallar\u00e1s en el presente\" - CorAvant","robots":{"index":"index","follow":"follow","max-snippet":"max-snippet:-1","max-image-preview":"max-image-preview:large","max-video-preview":"max-video-preview:-1"},"canonical":"https:\/\/fundaciocoravant.org\/es\/si-buscas-la-paz-solo-la-hallaras-en-el-presente\/","og_locale":"es_ES","og_type":"article","og_title":"\"Si buscas la paz, solo la hallar\u00e1s en el presente\" - CorAvant","og_description":"Un art\u00edculo de Jenny Moix, Dra. en Psicolog\u00eda y profesora titular de la Universidad Aut\u00f3noma de Barcelona.","og_url":"https:\/\/fundaciocoravant.org\/es\/si-buscas-la-paz-solo-la-hallaras-en-el-presente\/","og_site_name":"CorAvant","article_publisher":"https:\/\/www.facebook.com\/coravantaacic","article_published_time":"2023-05-24T13:47:00+00:00","article_modified_time":"2026-04-22T09:50:12+00:00","og_image":[{"width":1000,"height":280,"url":"https:\/\/fundaciocoravant.org\/wp-content\/uploads\/2023\/05\/gat-mirant-per-la-finestra-1.jpg","type":"image\/jpeg"}],"author":"maria","twitter_card":"summary_large_image","twitter_creator":"@coravant","twitter_site":"@coravant","twitter_misc":{"Escrito por":"maria","Tiempo de lectura":"6 minutos"},"schema":{"@context":"https:\/\/schema.org","@graph":[{"@type":"Article","@id":"https:\/\/fundaciocoravant.org\/es\/si-buscas-la-paz-solo-la-hallaras-en-el-presente\/#article","isPartOf":{"@id":"https:\/\/fundaciocoravant.org\/es\/si-buscas-la-paz-solo-la-hallaras-en-el-presente\/"},"author":{"name":"maria","@id":"https:\/\/fundaciocoravant.org\/#\/schema\/person\/ddddb79ef964743dfdd6d64da1116530"},"headline":"\u00abSi buscas la paz, solo la hallar\u00e1s en el presente\u00bb","datePublished":"2023-05-24T13:47:00+00:00","dateModified":"2026-04-22T09:50:12+00:00","mainEntityOfPage":{"@id":"https:\/\/fundaciocoravant.org\/es\/si-buscas-la-paz-solo-la-hallaras-en-el-presente\/"},"wordCount":1154,"publisher":{"@id":"https:\/\/fundaciocoravant.org\/#organization"},"image":{"@id":"https:\/\/fundaciocoravant.org\/es\/si-buscas-la-paz-solo-la-hallaras-en-el-presente\/#primaryimage"},"thumbnailUrl":"https:\/\/fundaciocoravant.org\/wp-content\/uploads\/2023\/05\/gat-mirant-per-la-finestra-1.jpg","articleSection":["Art\u00edculos"],"inLanguage":"es"},{"@type":"WebPage","@id":"https:\/\/fundaciocoravant.org\/es\/si-buscas-la-paz-solo-la-hallaras-en-el-presente\/","url":"https:\/\/fundaciocoravant.org\/es\/si-buscas-la-paz-solo-la-hallaras-en-el-presente\/","name":"\"Si buscas la paz, solo la hallar\u00e1s en el presente\" - CorAvant","isPartOf":{"@id":"https:\/\/fundaciocoravant.org\/#website"},"primaryImageOfPage":{"@id":"https:\/\/fundaciocoravant.org\/es\/si-buscas-la-paz-solo-la-hallaras-en-el-presente\/#primaryimage"},"image":{"@id":"https:\/\/fundaciocoravant.org\/es\/si-buscas-la-paz-solo-la-hallaras-en-el-presente\/#primaryimage"},"thumbnailUrl":"https:\/\/fundaciocoravant.org\/wp-content\/uploads\/2023\/05\/gat-mirant-per-la-finestra-1.jpg","datePublished":"2023-05-24T13:47:00+00:00","dateModified":"2026-04-22T09:50:12+00:00","breadcrumb":{"@id":"https:\/\/fundaciocoravant.org\/es\/si-buscas-la-paz-solo-la-hallaras-en-el-presente\/#breadcrumb"},"inLanguage":"es","potentialAction":[{"@type":"ReadAction","target":["https:\/\/fundaciocoravant.org\/es\/si-buscas-la-paz-solo-la-hallaras-en-el-presente\/"]}]},{"@type":"ImageObject","inLanguage":"es","@id":"https:\/\/fundaciocoravant.org\/es\/si-buscas-la-paz-solo-la-hallaras-en-el-presente\/#primaryimage","url":"https:\/\/fundaciocoravant.org\/wp-content\/uploads\/2023\/05\/gat-mirant-per-la-finestra-1.jpg","contentUrl":"https:\/\/fundaciocoravant.org\/wp-content\/uploads\/2023\/05\/gat-mirant-per-la-finestra-1.jpg","width":1000,"height":280,"caption":"gato mirando por la ventana"},{"@type":"BreadcrumbList","@id":"https:\/\/fundaciocoravant.org\/es\/si-buscas-la-paz-solo-la-hallaras-en-el-presente\/#breadcrumb","itemListElement":[{"@type":"ListItem","position":1,"name":"Home","item":"https:\/\/fundaciocoravant.org\/es\/"},{"@type":"ListItem","position":2,"name":"\u00abSi buscas la paz, solo la hallar\u00e1s en el presente\u00bb"}]},{"@type":"WebSite","@id":"https:\/\/fundaciocoravant.org\/#website","url":"https:\/\/fundaciocoravant.org\/","name":"CorAvant","description":"Fundaci\u00f3 de joves i adults amb cardiopatia","publisher":{"@id":"https:\/\/fundaciocoravant.org\/#organization"},"potentialAction":[{"@type":"SearchAction","target":{"@type":"EntryPoint","urlTemplate":"https:\/\/fundaciocoravant.org\/?s={search_term_string}"},"query-input":{"@type":"PropertyValueSpecification","valueRequired":true,"valueName":"search_term_string"}}],"inLanguage":"es"},{"@type":"Organization","@id":"https:\/\/fundaciocoravant.org\/#organization","name":"CorAvant","url":"https:\/\/fundaciocoravant.org\/","logo":{"@type":"ImageObject","inLanguage":"es","@id":"https:\/\/fundaciocoravant.org\/#\/schema\/logo\/image\/","url":"https:\/\/fundaciocoravant.org\/wp-content\/uploads\/2025\/11\/cropped-cropped-LOGO_CORAVANT-15-anys_CASTELLANO.png","contentUrl":"https:\/\/fundaciocoravant.org\/wp-content\/uploads\/2025\/11\/cropped-cropped-LOGO_CORAVANT-15-anys_CASTELLANO.png","width":1404,"height":979,"caption":"CorAvant"},"image":{"@id":"https:\/\/fundaciocoravant.org\/#\/schema\/logo\/image\/"},"sameAs":["https:\/\/www.facebook.com\/coravantaacic","https:\/\/x.com\/coravant","https:\/\/www.instagram.com\/coravantaacic\/","https:\/\/www.youtube.com\/@CorAvantAACIC_cardiopaties","https:\/\/www.linkedin.com\/company\/fundacio-coravant\/"]},{"@type":"Person","@id":"https:\/\/fundaciocoravant.org\/#\/schema\/person\/ddddb79ef964743dfdd6d64da1116530","name":"maria","url":"https:\/\/fundaciocoravant.org\/es\/author\/maria\/"}]}},"_links":{"self":[{"href":"https:\/\/fundaciocoravant.org\/es\/wp-json\/wp\/v2\/posts\/1899","targetHints":{"allow":["GET"]}}],"collection":[{"href":"https:\/\/fundaciocoravant.org\/es\/wp-json\/wp\/v2\/posts"}],"about":[{"href":"https:\/\/fundaciocoravant.org\/es\/wp-json\/wp\/v2\/types\/post"}],"author":[{"embeddable":true,"href":"https:\/\/fundaciocoravant.org\/es\/wp-json\/wp\/v2\/users\/2"}],"replies":[{"embeddable":true,"href":"https:\/\/fundaciocoravant.org\/es\/wp-json\/wp\/v2\/comments?post=1899"}],"version-history":[{"count":1,"href":"https:\/\/fundaciocoravant.org\/es\/wp-json\/wp\/v2\/posts\/1899\/revisions"}],"predecessor-version":[{"id":1900,"href":"https:\/\/fundaciocoravant.org\/es\/wp-json\/wp\/v2\/posts\/1899\/revisions\/1900"}],"wp:featuredmedia":[{"embeddable":true,"href":"https:\/\/fundaciocoravant.org\/es\/wp-json\/wp\/v2\/media\/1898"}],"wp:attachment":[{"href":"https:\/\/fundaciocoravant.org\/es\/wp-json\/wp\/v2\/media?parent=1899"}],"wp:term":[{"taxonomy":"category","embeddable":true,"href":"https:\/\/fundaciocoravant.org\/es\/wp-json\/wp\/v2\/categories?post=1899"},{"taxonomy":"post_tag","embeddable":true,"href":"https:\/\/fundaciocoravant.org\/es\/wp-json\/wp\/v2\/tags?post=1899"}],"curies":[{"name":"wp","href":"https:\/\/api.w.org\/{rel}","templated":true}]}}