{"id":1904,"date":"2023-06-12T13:43:00","date_gmt":"2023-06-12T13:43:00","guid":{"rendered":"https:\/\/fundaciocoravant.org\/ama-tu-caos-ama-tu-diferencia-es-el-soplo-basico-para-seguir-siendo-fiel-a-ti-en-esta-vida\/"},"modified":"2026-04-22T09:56:15","modified_gmt":"2026-04-22T09:56:15","slug":"ama-tu-caos-ama-tu-diferencia-es-el-soplo-basico-para-seguir-siendo-fiel-a-ti-en-esta-vida","status":"publish","type":"post","link":"https:\/\/fundaciocoravant.org\/es\/ama-tu-caos-ama-tu-diferencia-es-el-soplo-basico-para-seguir-siendo-fiel-a-ti-en-esta-vida\/","title":{"rendered":"\u00abAma tu caos, ama tu diferencia, es el soplo b\u00e1sico para seguir siendo fiel a ti en esta vida\u00bb"},"content":{"rendered":"\n<p>Albert Espinosa es escritor, director, actor y guionista de cine, teatro y televisi\u00f3n, y es el autor de esta reflexi\u00f3n, extra\u00edda de su libro \u2018Estaba preparado para todo menos para ti\u2019.<\/p>\n\n<p>En todas sus producciones \u2013<em>H\u00e9roes<\/em>, <em>Planta 4\u00aa<\/em>, <em>No me pidas que te beso porqu\u00e9 te besar\u00e9<\/em>, <em>Va a ser que nadie se perfecto<\/em>, la serie de televisi\u00f3n <em>Pulseras Rojas<\/em> o los libros: <em>El mundo amarillo<\/em>, <em>Si t\u00fa me dices ven lo dejo todo\u2026 pero dime ven<\/em> o <em>Los secretos que jam\u00e1s te contaron<\/em>\u2013 nos invita a reflexionar sobre la importancia de vivir el presente y de la actitud que adoptamos ante la enfermedad.<\/p>\n\n<p>T\u00f3mate tu tiempo, lee estos cuatro soplos emocionales que hemos seleccionado, \u00a1y reflexiona!<\/p>\n\n<p><strong>Ama tu caos. Ama tu diferencia, tus particularidades, aquello que te hace \u00fanico. <\/strong><\/p>\n\n<p>A menudo, sobre todo en las etapas de la adolescencia y la juventud, es dif\u00edcil aceptar que tienes una cardiopat\u00eda y te comparas con el resto de amigas y amigos que tienen salud. No tiene sentido hacer pensar al adolescente o joven que lo mejor que tiene es su enfermedad, pero s\u00ed en el proceso de aceptaci\u00f3n, de potenciar aquello que les ha aportado o ense\u00f1ado, porque, sin duda, es un aprendizaje que les hace diferentes del resto. No solo por el hecho que tienen una cicatriz, sino tambi\u00e9n por las vivencias que esta les ha dado; y esto puede ser muy positivo.  <\/p>\n\n<p><strong>El miedo se va cuando tienes la informaci\u00f3n oportuna. Las dudas no resueltas se convierten en los miedos no aceptados. Si resuelves tus dudas, tus miedos no existir\u00e1n.  <\/strong><\/p>\n\n<p>El miedo se convierte en nuestro peor enemigo, nos paraliza y nos hace tener creencias err\u00f3neas. Ante el miedo, habla, pregunta, manifi\u00e9stalo, ponle nombre y apellido. As\u00ed dejar\u00e1 de ser miedo y pasar\u00e1 a ser una sensaci\u00f3n, que es mucho m\u00e1s adaptativa.  <\/p>\n\n<p>Y que mejor que resolver todas tus dudas con personas que han vivido las mismas experiencias que t\u00fa o que llevan a\u00f1os trabajando.<\/p>\n\n<p><strong>Los que sufren, aquellos que han tenido que afrontar el miedo y una enorme tristeza, cuando hacen el giro, cuando entienden que no es tan importando lo que pasa, sino como lo afrontas, es entonces cuando se convierten en inteligencias emocionales supremas.<\/strong><\/p>\n\n<p>Cuando conoces el verdadero sufrimiento y lo vives conscientemente, le pierdes el miedo. Dejas de tener miedo a sufrir, porque sabes que lo podr\u00e1s soportar, y esto te da una gran tranquilidad emocional para afrontar la vida, venga lo que venga, sin rechazar nada. <\/p>\n\n<p><strong>Me gusta la palabra \u00absalvaheridas\u00bb. Ya s\u00e9 que no existe, me la invent\u00e9 un d\u00eda porque a veces no necesitas que te salven la vida, pero s\u00ed que te curen la herida. <\/strong><\/p>\n\n<p>Hablamos mucho de curar heridas, de tener cuidado, de c\u00f3mo tratarlas, qu\u00e9 cremas o b\u00e1lsamos tenemos que utilizar, sobre todo cuando al ni\u00f1o o a la ni\u00f1a le dan el alta m\u00e9dica.<\/p>\n\n<p>Detr\u00e1s de una cicatriz, sea la que sea, siempre habr\u00e1 otra cicatriz que no se ve, no se toca, o no se tiene presente. Esta es la cicatriz del alma. No solo la del ni\u00f1o, sino tambi\u00e9n la de la madre, el padre, el hermano, la hermana, la abuela, el abuelo\u2026  <\/p>\n\n<p>Cuidemos las heridas, s\u00ed, pero todas. Reconozcamos que no solo hay una cicatriz en el coraz\u00f3n, sino que tambi\u00e9n est\u00e1 en el alma, y \u00e9sta tiene que ser salvada y curada igual que la otra; y ,quiz\u00e1s, incluso m\u00e1s. <\/p>\n\n<div style=\"height:50px\" aria-hidden=\"true\" class=\"wp-block-spacer\"><\/div>\n\n<p>Este art\u00edculo forma parte de la Revista 28 de la Asociaci\u00f3n de Cardiopat\u00edas Cong\u00e9nitas (AACIC) y de la Fundaci\u00f3n CorAvant, dedicada a la importancia de vivir el presente.<\/p>\n","protected":false},"excerpt":{"rendered":"<p>Reflexionamos alrededor de las reflexiones del libro \u2018Estaba preparado para todo menos para ti\u2019 de Albert Espinosa.<\/p>\n","protected":false},"author":2,"featured_media":1903,"comment_status":"closed","ping_status":"closed","sticky":false,"template":"","format":"standard","meta":{"_acf_changed":false,"give_campaign_id":0,"footnotes":""},"categories":[20],"tags":[],"class_list":["post-1904","post","type-post","status-publish","format-standard","has-post-thumbnail","hentry","category-articulos"],"acf":[],"yoast_head":"<!-- This site is optimized with the Yoast SEO plugin v27.2 - https:\/\/yoast.com\/product\/yoast-seo-wordpress\/ -->\n<title>&quot;Ama tu caos, ama tu diferencia, es el soplo b\u00e1sico para seguir siendo fiel a ti en esta vida&quot; - CorAvant<\/title>\n<meta name=\"robots\" content=\"index, follow, max-snippet:-1, max-image-preview:large, max-video-preview:-1\" \/>\n<link rel=\"canonical\" href=\"https:\/\/fundaciocoravant.org\/es\/ama-tu-caos-ama-tu-diferencia-es-el-soplo-basico-para-seguir-siendo-fiel-a-ti-en-esta-vida\/\" \/>\n<meta property=\"og:locale\" content=\"es_ES\" \/>\n<meta property=\"og:type\" content=\"article\" \/>\n<meta property=\"og:title\" content=\"&quot;Ama tu caos, ama tu diferencia, es el soplo b\u00e1sico para seguir siendo fiel a ti en esta vida&quot; - CorAvant\" \/>\n<meta property=\"og:description\" content=\"Reflexionamos alrededor de las reflexiones del libro \u2018Estaba preparado para todo menos para ti\u2019 de Albert Espinosa.\" \/>\n<meta property=\"og:url\" content=\"https:\/\/fundaciocoravant.org\/es\/ama-tu-caos-ama-tu-diferencia-es-el-soplo-basico-para-seguir-siendo-fiel-a-ti-en-esta-vida\/\" \/>\n<meta property=\"og:site_name\" content=\"CorAvant\" \/>\n<meta property=\"article:publisher\" content=\"https:\/\/www.facebook.com\/coravantaacic\" \/>\n<meta property=\"article:published_time\" content=\"2023-06-12T13:43:00+00:00\" \/>\n<meta property=\"article:modified_time\" content=\"2026-04-22T09:56:15+00:00\" \/>\n<meta property=\"og:image\" content=\"https:\/\/fundaciocoravant.org\/wp-content\/uploads\/2023\/06\/noia-mirant-se-al-mirall.jpg\" \/>\n\t<meta property=\"og:image:width\" content=\"1000\" \/>\n\t<meta property=\"og:image:height\" content=\"280\" \/>\n\t<meta property=\"og:image:type\" content=\"image\/jpeg\" \/>\n<meta name=\"author\" content=\"maria\" \/>\n<meta name=\"twitter:card\" content=\"summary_large_image\" \/>\n<meta name=\"twitter:creator\" content=\"@coravant\" \/>\n<meta name=\"twitter:site\" content=\"@coravant\" \/>\n<meta name=\"twitter:label1\" content=\"Escrito por\" \/>\n\t<meta name=\"twitter:data1\" content=\"maria\" \/>\n\t<meta name=\"twitter:label2\" content=\"Tiempo de lectura\" \/>\n\t<meta name=\"twitter:data2\" content=\"3 minutos\" \/>\n<script type=\"application\/ld+json\" class=\"yoast-schema-graph\">{\"@context\":\"https:\/\/schema.org\",\"@graph\":[{\"@type\":\"Article\",\"@id\":\"https:\/\/fundaciocoravant.org\/es\/ama-tu-caos-ama-tu-diferencia-es-el-soplo-basico-para-seguir-siendo-fiel-a-ti-en-esta-vida\/#article\",\"isPartOf\":{\"@id\":\"https:\/\/fundaciocoravant.org\/es\/ama-tu-caos-ama-tu-diferencia-es-el-soplo-basico-para-seguir-siendo-fiel-a-ti-en-esta-vida\/\"},\"author\":{\"name\":\"maria\",\"@id\":\"https:\/\/fundaciocoravant.org\/#\/schema\/person\/ddddb79ef964743dfdd6d64da1116530\"},\"headline\":\"\u00abAma tu caos, ama tu diferencia, es el soplo b\u00e1sico para seguir siendo fiel a ti en esta vida\u00bb\",\"datePublished\":\"2023-06-12T13:43:00+00:00\",\"dateModified\":\"2026-04-22T09:56:15+00:00\",\"mainEntityOfPage\":{\"@id\":\"https:\/\/fundaciocoravant.org\/es\/ama-tu-caos-ama-tu-diferencia-es-el-soplo-basico-para-seguir-siendo-fiel-a-ti-en-esta-vida\/\"},\"wordCount\":650,\"publisher\":{\"@id\":\"https:\/\/fundaciocoravant.org\/#organization\"},\"image\":{\"@id\":\"https:\/\/fundaciocoravant.org\/es\/ama-tu-caos-ama-tu-diferencia-es-el-soplo-basico-para-seguir-siendo-fiel-a-ti-en-esta-vida\/#primaryimage\"},\"thumbnailUrl\":\"https:\/\/fundaciocoravant.org\/wp-content\/uploads\/2023\/06\/noia-mirant-se-al-mirall.jpg\",\"articleSection\":[\"Art\u00edculos\"],\"inLanguage\":\"es\"},{\"@type\":\"WebPage\",\"@id\":\"https:\/\/fundaciocoravant.org\/es\/ama-tu-caos-ama-tu-diferencia-es-el-soplo-basico-para-seguir-siendo-fiel-a-ti-en-esta-vida\/\",\"url\":\"https:\/\/fundaciocoravant.org\/es\/ama-tu-caos-ama-tu-diferencia-es-el-soplo-basico-para-seguir-siendo-fiel-a-ti-en-esta-vida\/\",\"name\":\"\\\"Ama tu caos, ama tu diferencia, es el soplo b\u00e1sico para seguir siendo fiel a ti en esta vida\\\" - CorAvant\",\"isPartOf\":{\"@id\":\"https:\/\/fundaciocoravant.org\/#website\"},\"primaryImageOfPage\":{\"@id\":\"https:\/\/fundaciocoravant.org\/es\/ama-tu-caos-ama-tu-diferencia-es-el-soplo-basico-para-seguir-siendo-fiel-a-ti-en-esta-vida\/#primaryimage\"},\"image\":{\"@id\":\"https:\/\/fundaciocoravant.org\/es\/ama-tu-caos-ama-tu-diferencia-es-el-soplo-basico-para-seguir-siendo-fiel-a-ti-en-esta-vida\/#primaryimage\"},\"thumbnailUrl\":\"https:\/\/fundaciocoravant.org\/wp-content\/uploads\/2023\/06\/noia-mirant-se-al-mirall.jpg\",\"datePublished\":\"2023-06-12T13:43:00+00:00\",\"dateModified\":\"2026-04-22T09:56:15+00:00\",\"breadcrumb\":{\"@id\":\"https:\/\/fundaciocoravant.org\/es\/ama-tu-caos-ama-tu-diferencia-es-el-soplo-basico-para-seguir-siendo-fiel-a-ti-en-esta-vida\/#breadcrumb\"},\"inLanguage\":\"es\",\"potentialAction\":[{\"@type\":\"ReadAction\",\"target\":[\"https:\/\/fundaciocoravant.org\/es\/ama-tu-caos-ama-tu-diferencia-es-el-soplo-basico-para-seguir-siendo-fiel-a-ti-en-esta-vida\/\"]}]},{\"@type\":\"ImageObject\",\"inLanguage\":\"es\",\"@id\":\"https:\/\/fundaciocoravant.org\/es\/ama-tu-caos-ama-tu-diferencia-es-el-soplo-basico-para-seguir-siendo-fiel-a-ti-en-esta-vida\/#primaryimage\",\"url\":\"https:\/\/fundaciocoravant.org\/wp-content\/uploads\/2023\/06\/noia-mirant-se-al-mirall.jpg\",\"contentUrl\":\"https:\/\/fundaciocoravant.org\/wp-content\/uploads\/2023\/06\/noia-mirant-se-al-mirall.jpg\",\"width\":1000,\"height\":280,\"caption\":\"noia mirant-se al mirall\"},{\"@type\":\"BreadcrumbList\",\"@id\":\"https:\/\/fundaciocoravant.org\/es\/ama-tu-caos-ama-tu-diferencia-es-el-soplo-basico-para-seguir-siendo-fiel-a-ti-en-esta-vida\/#breadcrumb\",\"itemListElement\":[{\"@type\":\"ListItem\",\"position\":1,\"name\":\"Home\",\"item\":\"https:\/\/fundaciocoravant.org\/es\/\"},{\"@type\":\"ListItem\",\"position\":2,\"name\":\"\u00abAma tu caos, ama tu diferencia, es el soplo b\u00e1sico para seguir siendo fiel a ti en esta vida\u00bb\"}]},{\"@type\":\"WebSite\",\"@id\":\"https:\/\/fundaciocoravant.org\/#website\",\"url\":\"https:\/\/fundaciocoravant.org\/\",\"name\":\"CorAvant\",\"description\":\"Fundaci\u00f3 de joves i adults amb cardiopatia\",\"publisher\":{\"@id\":\"https:\/\/fundaciocoravant.org\/#organization\"},\"potentialAction\":[{\"@type\":\"SearchAction\",\"target\":{\"@type\":\"EntryPoint\",\"urlTemplate\":\"https:\/\/fundaciocoravant.org\/?s={search_term_string}\"},\"query-input\":{\"@type\":\"PropertyValueSpecification\",\"valueRequired\":true,\"valueName\":\"search_term_string\"}}],\"inLanguage\":\"es\"},{\"@type\":\"Organization\",\"@id\":\"https:\/\/fundaciocoravant.org\/#organization\",\"name\":\"CorAvant\",\"url\":\"https:\/\/fundaciocoravant.org\/\",\"logo\":{\"@type\":\"ImageObject\",\"inLanguage\":\"es\",\"@id\":\"https:\/\/fundaciocoravant.org\/#\/schema\/logo\/image\/\",\"url\":\"https:\/\/fundaciocoravant.org\/wp-content\/uploads\/2025\/11\/cropped-cropped-LOGO_CORAVANT-15-anys_CASTELLANO.png\",\"contentUrl\":\"https:\/\/fundaciocoravant.org\/wp-content\/uploads\/2025\/11\/cropped-cropped-LOGO_CORAVANT-15-anys_CASTELLANO.png\",\"width\":1404,\"height\":979,\"caption\":\"CorAvant\"},\"image\":{\"@id\":\"https:\/\/fundaciocoravant.org\/#\/schema\/logo\/image\/\"},\"sameAs\":[\"https:\/\/www.facebook.com\/coravantaacic\",\"https:\/\/x.com\/coravant\",\"https:\/\/www.instagram.com\/coravantaacic\/\",\"https:\/\/www.youtube.com\/@CorAvantAACIC_cardiopaties\",\"https:\/\/www.linkedin.com\/company\/fundacio-coravant\/\"]},{\"@type\":\"Person\",\"@id\":\"https:\/\/fundaciocoravant.org\/#\/schema\/person\/ddddb79ef964743dfdd6d64da1116530\",\"name\":\"maria\",\"url\":\"https:\/\/fundaciocoravant.org\/es\/author\/maria\/\"}]}<\/script>\n<!-- \/ Yoast SEO plugin. -->","yoast_head_json":{"title":"\"Ama tu caos, ama tu diferencia, es el soplo b\u00e1sico para seguir siendo fiel a ti en esta vida\" - CorAvant","robots":{"index":"index","follow":"follow","max-snippet":"max-snippet:-1","max-image-preview":"max-image-preview:large","max-video-preview":"max-video-preview:-1"},"canonical":"https:\/\/fundaciocoravant.org\/es\/ama-tu-caos-ama-tu-diferencia-es-el-soplo-basico-para-seguir-siendo-fiel-a-ti-en-esta-vida\/","og_locale":"es_ES","og_type":"article","og_title":"\"Ama tu caos, ama tu diferencia, es el soplo b\u00e1sico para seguir siendo fiel a ti en esta vida\" - CorAvant","og_description":"Reflexionamos alrededor de las reflexiones del libro \u2018Estaba preparado para todo menos para ti\u2019 de Albert Espinosa.","og_url":"https:\/\/fundaciocoravant.org\/es\/ama-tu-caos-ama-tu-diferencia-es-el-soplo-basico-para-seguir-siendo-fiel-a-ti-en-esta-vida\/","og_site_name":"CorAvant","article_publisher":"https:\/\/www.facebook.com\/coravantaacic","article_published_time":"2023-06-12T13:43:00+00:00","article_modified_time":"2026-04-22T09:56:15+00:00","og_image":[{"width":1000,"height":280,"url":"https:\/\/fundaciocoravant.org\/wp-content\/uploads\/2023\/06\/noia-mirant-se-al-mirall.jpg","type":"image\/jpeg"}],"author":"maria","twitter_card":"summary_large_image","twitter_creator":"@coravant","twitter_site":"@coravant","twitter_misc":{"Escrito por":"maria","Tiempo de lectura":"3 minutos"},"schema":{"@context":"https:\/\/schema.org","@graph":[{"@type":"Article","@id":"https:\/\/fundaciocoravant.org\/es\/ama-tu-caos-ama-tu-diferencia-es-el-soplo-basico-para-seguir-siendo-fiel-a-ti-en-esta-vida\/#article","isPartOf":{"@id":"https:\/\/fundaciocoravant.org\/es\/ama-tu-caos-ama-tu-diferencia-es-el-soplo-basico-para-seguir-siendo-fiel-a-ti-en-esta-vida\/"},"author":{"name":"maria","@id":"https:\/\/fundaciocoravant.org\/#\/schema\/person\/ddddb79ef964743dfdd6d64da1116530"},"headline":"\u00abAma tu caos, ama tu diferencia, es el soplo b\u00e1sico para seguir siendo fiel a ti en esta vida\u00bb","datePublished":"2023-06-12T13:43:00+00:00","dateModified":"2026-04-22T09:56:15+00:00","mainEntityOfPage":{"@id":"https:\/\/fundaciocoravant.org\/es\/ama-tu-caos-ama-tu-diferencia-es-el-soplo-basico-para-seguir-siendo-fiel-a-ti-en-esta-vida\/"},"wordCount":650,"publisher":{"@id":"https:\/\/fundaciocoravant.org\/#organization"},"image":{"@id":"https:\/\/fundaciocoravant.org\/es\/ama-tu-caos-ama-tu-diferencia-es-el-soplo-basico-para-seguir-siendo-fiel-a-ti-en-esta-vida\/#primaryimage"},"thumbnailUrl":"https:\/\/fundaciocoravant.org\/wp-content\/uploads\/2023\/06\/noia-mirant-se-al-mirall.jpg","articleSection":["Art\u00edculos"],"inLanguage":"es"},{"@type":"WebPage","@id":"https:\/\/fundaciocoravant.org\/es\/ama-tu-caos-ama-tu-diferencia-es-el-soplo-basico-para-seguir-siendo-fiel-a-ti-en-esta-vida\/","url":"https:\/\/fundaciocoravant.org\/es\/ama-tu-caos-ama-tu-diferencia-es-el-soplo-basico-para-seguir-siendo-fiel-a-ti-en-esta-vida\/","name":"\"Ama tu caos, ama tu diferencia, es el soplo b\u00e1sico para seguir siendo fiel a ti en esta vida\" - CorAvant","isPartOf":{"@id":"https:\/\/fundaciocoravant.org\/#website"},"primaryImageOfPage":{"@id":"https:\/\/fundaciocoravant.org\/es\/ama-tu-caos-ama-tu-diferencia-es-el-soplo-basico-para-seguir-siendo-fiel-a-ti-en-esta-vida\/#primaryimage"},"image":{"@id":"https:\/\/fundaciocoravant.org\/es\/ama-tu-caos-ama-tu-diferencia-es-el-soplo-basico-para-seguir-siendo-fiel-a-ti-en-esta-vida\/#primaryimage"},"thumbnailUrl":"https:\/\/fundaciocoravant.org\/wp-content\/uploads\/2023\/06\/noia-mirant-se-al-mirall.jpg","datePublished":"2023-06-12T13:43:00+00:00","dateModified":"2026-04-22T09:56:15+00:00","breadcrumb":{"@id":"https:\/\/fundaciocoravant.org\/es\/ama-tu-caos-ama-tu-diferencia-es-el-soplo-basico-para-seguir-siendo-fiel-a-ti-en-esta-vida\/#breadcrumb"},"inLanguage":"es","potentialAction":[{"@type":"ReadAction","target":["https:\/\/fundaciocoravant.org\/es\/ama-tu-caos-ama-tu-diferencia-es-el-soplo-basico-para-seguir-siendo-fiel-a-ti-en-esta-vida\/"]}]},{"@type":"ImageObject","inLanguage":"es","@id":"https:\/\/fundaciocoravant.org\/es\/ama-tu-caos-ama-tu-diferencia-es-el-soplo-basico-para-seguir-siendo-fiel-a-ti-en-esta-vida\/#primaryimage","url":"https:\/\/fundaciocoravant.org\/wp-content\/uploads\/2023\/06\/noia-mirant-se-al-mirall.jpg","contentUrl":"https:\/\/fundaciocoravant.org\/wp-content\/uploads\/2023\/06\/noia-mirant-se-al-mirall.jpg","width":1000,"height":280,"caption":"noia mirant-se al mirall"},{"@type":"BreadcrumbList","@id":"https:\/\/fundaciocoravant.org\/es\/ama-tu-caos-ama-tu-diferencia-es-el-soplo-basico-para-seguir-siendo-fiel-a-ti-en-esta-vida\/#breadcrumb","itemListElement":[{"@type":"ListItem","position":1,"name":"Home","item":"https:\/\/fundaciocoravant.org\/es\/"},{"@type":"ListItem","position":2,"name":"\u00abAma tu caos, ama tu diferencia, es el soplo b\u00e1sico para seguir siendo fiel a ti en esta vida\u00bb"}]},{"@type":"WebSite","@id":"https:\/\/fundaciocoravant.org\/#website","url":"https:\/\/fundaciocoravant.org\/","name":"CorAvant","description":"Fundaci\u00f3 de joves i adults amb cardiopatia","publisher":{"@id":"https:\/\/fundaciocoravant.org\/#organization"},"potentialAction":[{"@type":"SearchAction","target":{"@type":"EntryPoint","urlTemplate":"https:\/\/fundaciocoravant.org\/?s={search_term_string}"},"query-input":{"@type":"PropertyValueSpecification","valueRequired":true,"valueName":"search_term_string"}}],"inLanguage":"es"},{"@type":"Organization","@id":"https:\/\/fundaciocoravant.org\/#organization","name":"CorAvant","url":"https:\/\/fundaciocoravant.org\/","logo":{"@type":"ImageObject","inLanguage":"es","@id":"https:\/\/fundaciocoravant.org\/#\/schema\/logo\/image\/","url":"https:\/\/fundaciocoravant.org\/wp-content\/uploads\/2025\/11\/cropped-cropped-LOGO_CORAVANT-15-anys_CASTELLANO.png","contentUrl":"https:\/\/fundaciocoravant.org\/wp-content\/uploads\/2025\/11\/cropped-cropped-LOGO_CORAVANT-15-anys_CASTELLANO.png","width":1404,"height":979,"caption":"CorAvant"},"image":{"@id":"https:\/\/fundaciocoravant.org\/#\/schema\/logo\/image\/"},"sameAs":["https:\/\/www.facebook.com\/coravantaacic","https:\/\/x.com\/coravant","https:\/\/www.instagram.com\/coravantaacic\/","https:\/\/www.youtube.com\/@CorAvantAACIC_cardiopaties","https:\/\/www.linkedin.com\/company\/fundacio-coravant\/"]},{"@type":"Person","@id":"https:\/\/fundaciocoravant.org\/#\/schema\/person\/ddddb79ef964743dfdd6d64da1116530","name":"maria","url":"https:\/\/fundaciocoravant.org\/es\/author\/maria\/"}]}},"_links":{"self":[{"href":"https:\/\/fundaciocoravant.org\/es\/wp-json\/wp\/v2\/posts\/1904","targetHints":{"allow":["GET"]}}],"collection":[{"href":"https:\/\/fundaciocoravant.org\/es\/wp-json\/wp\/v2\/posts"}],"about":[{"href":"https:\/\/fundaciocoravant.org\/es\/wp-json\/wp\/v2\/types\/post"}],"author":[{"embeddable":true,"href":"https:\/\/fundaciocoravant.org\/es\/wp-json\/wp\/v2\/users\/2"}],"replies":[{"embeddable":true,"href":"https:\/\/fundaciocoravant.org\/es\/wp-json\/wp\/v2\/comments?post=1904"}],"version-history":[{"count":1,"href":"https:\/\/fundaciocoravant.org\/es\/wp-json\/wp\/v2\/posts\/1904\/revisions"}],"predecessor-version":[{"id":1905,"href":"https:\/\/fundaciocoravant.org\/es\/wp-json\/wp\/v2\/posts\/1904\/revisions\/1905"}],"wp:featuredmedia":[{"embeddable":true,"href":"https:\/\/fundaciocoravant.org\/es\/wp-json\/wp\/v2\/media\/1903"}],"wp:attachment":[{"href":"https:\/\/fundaciocoravant.org\/es\/wp-json\/wp\/v2\/media?parent=1904"}],"wp:term":[{"taxonomy":"category","embeddable":true,"href":"https:\/\/fundaciocoravant.org\/es\/wp-json\/wp\/v2\/categories?post=1904"},{"taxonomy":"post_tag","embeddable":true,"href":"https:\/\/fundaciocoravant.org\/es\/wp-json\/wp\/v2\/tags?post=1904"}],"curies":[{"name":"wp","href":"https:\/\/api.w.org\/{rel}","templated":true}]}}