{"id":1914,"date":"2023-07-03T11:59:00","date_gmt":"2023-07-03T11:59:00","guid":{"rendered":"https:\/\/fundaciocoravant.org\/el-momento-presente-es-el-unico-que-tienes-haz-del-ahora-el-centro-fundamental-de-tu-vida\/"},"modified":"2026-04-22T10:58:48","modified_gmt":"2026-04-22T10:58:48","slug":"el-momento-presente-es-el-unico-que-tienes-haz-del-ahora-el-centro-fundamental-de-tu-vida","status":"publish","type":"post","link":"https:\/\/fundaciocoravant.org\/es\/el-momento-presente-es-el-unico-que-tienes-haz-del-ahora-el-centro-fundamental-de-tu-vida\/","title":{"rendered":"\u00abEl momento presente es el \u00fanico que tienes, haz del ahora el centro fundamental de tu vida\u00bb"},"content":{"rendered":"\n<p>Uno de los grandes referentes del poder del ahora es, sin duda, Eckhart Tolle. El escritor alem\u00e1n public\u00f3 en 1997 el libro \u2018El poder del ahora\u2019, una gu\u00eda llena de herramientas muy \u00fatiles para trabajar la conexi\u00f3n con el momento presente. <\/p>\n\n<blockquote class=\"wp-block-quote is-layout-flow wp-block-quote-is-layout-flow\">\n<p><strong>\u00abNada pas\u00f3 en el pasado; pas\u00f3 en el ahora. Nada pasar\u00e1 en el futuro; pasar\u00e1 en el ahora. <\/strong><\/p>\n\n\n\n<p>Lo que piensas que es pasado es un registro almacenado en tu mente de un ahora anterior. Cuando recuerdas el pasado, activas un registro de la memoria y lo haces en la ahora. El futuro es un ahora imaginado, una proyecci\u00f3n de la mente. Cuando llega, lo hace como un ahora.\u00bb   <\/p>\n<\/blockquote>\n\n<h3 class=\"wp-block-heading\">La mente hace demasiado ruido<\/h3>\n\n<p>Tal y como dice Marc Allen en el pr\u00f3logo de <em>El poder del ahora<\/em>, nos dejamos llevar demasiado por nuestros pensamientos y las expectativas:<\/p>\n\n<blockquote class=\"wp-block-quote is-layout-flow wp-block-quote-is-layout-flow\">\n<p>\u00abLos problemas no los crean los otros ni el mundo de all\u00e1 afuera, sino nuestra mente con su incesante flujo de pensamientos, recuerdos del pasado y preocupaci\u00f3n para el futuro. Cometemos el gran error de identificarnos con nuestra mente, pensando que somos ella cuando, de hecho, somos seres mucho m\u00e1s grandes.\u00bb<\/p>\n<\/blockquote>\n\n<p>Eckhart Tolle dice:<\/p>\n\n<blockquote class=\"wp-block-quote is-layout-flow wp-block-quote-is-layout-flow\">\n<p>\u00ab\u00bfPor qu\u00e9 la mente se resiste al ahora? \u00bfPor qu\u00e9 lo niega? Porque no puede funcionar y conservar el control sin el tiempo que es pasado y futuro, de forma que percibe el ahora intemporal como una amenaza. Tiempo y mente son de hecho, inseparables (\u2026) Necesitamos la mente y el tiempo para funcionar, pero llega un momento en el que se apropian de nuestras vidas y es entonces cuando se instaura la disfunci\u00f3n, el dolor y el sufrimiento.\u00bb<\/p>\n<\/blockquote>\n\n<h3 class=\"wp-block-heading\">Observar las emociones<\/h3>\n\n<p>Indignaci\u00f3n, rabia, injusticia, incomprensi\u00f3n son algunas de las emociones que todas y todos podemos sentir cuando recibimos una noticia relacionada con una enfermedad, como puede ser una cardiopat\u00eda, o bien cuando hay un cambio en el estado de nuestra salud, o nos estamos preparando para una intervenci\u00f3n quir\u00fargica.<\/p>\n\n<p>Observar estas emociones es tan importante como observar nuestros pensamientos. Practica el h\u00e1bito de preguntarte: \u00bfqu\u00e9 est\u00e1 pasando dentro de m\u00ed en este momento? Pero sin analizar, simplemente observa, enfoca tu atenci\u00f3n adentro, siente la energ\u00eda de la emoci\u00f3n que est\u00e1s teniendo.  <\/p>\n\n<h3 class=\"wp-block-heading\">La queja productiva<\/h3>\n\n<p>Tolle dice:<\/p>\n\n<blockquote class=\"wp-block-quote is-layout-flow wp-block-quote-is-layout-flow\">\n<p>\u00abObserva tu queja \u2013ya sea de palabra o de pensamiento\u2013 de la situaci\u00f3n en la que te encuentras, de lo que los otros dicen o hacen, de tu entorno, de tu situaci\u00f3n de vida, incluso del tiempo. Quejarse siempre es no aceptar y comporta una carga de inconsciencia y negatividad. Cuando te quejas, te conviertes en una v\u00edctima; cuando te expresas, asumes tu poder; por lo tanto, cambia la situaci\u00f3n emprendiendo una acci\u00f3n o expresando lo que piensas siempre que sea posible o necesario; abandona la situaci\u00f3n o ac\u00e9ptala.  <\/p>\n\n\n\n<p>\u00bfEst\u00e1s preocupada o preocupado? \u00bfAcostumbras a pensar en que pasar\u00eda si\u2026? Entonces est\u00e1s identificado con tu mente, que se proyecta en una imaginaria situaci\u00f3n futura y genera miedos. No hay manera de poder afrontar esta situaci\u00f3n, porque no existe. Es un fantasma mental. Puedes pararlo volviendo a tomar conciencia del momento presente (\u2026) El \u00fanico con lo que tienes que liderar en la vida real es este momento. Preg\u00fantate qu\u00e9 problema tienes ahora mismo, no el a\u00f1o que viene, ma\u00f1ana o \u00a1de aqu\u00ed cinco minutos! \u00bfQu\u00e9 es lo que est\u00e1 mal en este momento?\u00bb       <\/p>\n<\/blockquote>\n\n<p>La clave de todo esto se encuentra en la seguridad y la confianza de tener claro qui\u00e9n eres t\u00fa y d\u00f3nde eres ahora.<\/p>\n\n<h3 class=\"wp-block-heading\">Conectar con el momento presente es aceptar<\/h3>\n\n<p>La cardiopat\u00eda forma parte de tu situaci\u00f3n de vida, s\u00ed, y en palabras de Tolle:<\/p>\n\n<blockquote class=\"wp-block-quote is-layout-flow wp-block-quote-is-layout-flow\">\n<p>\u00abTe tienes que centrar en este instante y evitar etiquetar la enfermedad porque esta quede reducida a uno o varios de los siguientes factores: dolor f\u00edsico, debilidad, incomodidad o incapacidad. Y con esto es lo que te tienes que centrar ahora, y no en la idea que est\u00e1s \u2018enferma\u2019 o \u2018enfermo\u2019. Saca tiempo a la enfermedad.\u00bb<\/p>\n<\/blockquote>\n\n<p>Conectar con el momento presente es aceptar, s\u00ed, pero no es la aceptaci\u00f3n absoluta de c\u00f3mo est\u00e1s o que te pasa en este instante; siempre es importante que tengas una perspectiva de futuro encarada en el proceso y tu responsabilidad individual de hacer que las cosas mejoren.<\/p>\n\n<h3 class=\"wp-block-heading\">Si quieres que las cosas cambien, preg\u00fantate qu\u00e9 puedes hacer t\u00fa para mejorar la situaci\u00f3n que no te gusta<\/h3>\n\n<p>Toda proyecci\u00f3n es implicaci\u00f3n y tomar decisiones de mejora.<\/p>\n\n<p>Cuando pienses en el futuro, piensa en las posibilidades de mejora, y olv\u00eddate del futuro m\u00e1gico, porque no existe. Piensa en planes, perspectivas que te ayuden, motiven y te ilusionen. Practica el pensamiento positivo: tienes un futuro, y no tienes que pensar que te morir\u00e1s.  <\/p>\n\n<p>Vive en el aqu\u00ed y el ahora, pero pensar, por ejemplo, en que har\u00e1s vacaciones puede ayudarte a vivir el presente; pero lo que no tienes que hacer es pensar que cuando est\u00e9s de vacaciones estar\u00e1s mejor que ahora.<\/p>\n\n<h3 class=\"wp-block-heading\">Vivir el presente en tu d\u00eda a d\u00eda<\/h3>\n\n<p>Eckhart Tolle dice:<\/p>\n\n<blockquote class=\"wp-block-quote is-layout-flow wp-block-quote-is-layout-flow\">\n<p>\u00abCada vez que subas o bajes las escalas de tu casa o del trabajo, pone mucha atenci\u00f3n a cada pelda\u00f1o, a cada movimiento, incluso a tu respiraci\u00f3n. O cuando te laves las manos, pone atenci\u00f3n a todas las percepciones sensoriales asociadas a esta actividad: el sonido y la sensaci\u00f3n del agua, el movimiento de tus manos, el aroma del jab\u00f3n\u2026 O cuando entres al coche, despu\u00e9s de cerrar la puerta, p\u00e1rate unos segundos y \u00a1observa tu respiraci\u00f3n! Toma conciencia de una silenciosa pero intensa sensaci\u00f3n de presencia. Hay un criterio que te permite mesurar el \u00e9xito conseguido con esta pr\u00e1ctica: el grado de paz que sientas dentro de ti.\u00bb<\/p>\n\n\n\n<div style=\"height:50px\" aria-hidden=\"true\" class=\"wp-block-spacer\"><\/div>\n<\/blockquote>\n\n<p>Este art\u00edculo forma parte de la Revista 28 de la Asociaci\u00f3n de Cardiopat\u00edas Cong\u00e9nitas (AACIC) y de la Fundaci\u00f3n CorAvant, dedicada a la importancia de vivir el presente.<\/p>\n","protected":false},"excerpt":{"rendered":"<p>Uno de los grandes referentes del poder del ahora es, sin duda, Eckhart Tolle, escritor alem\u00e1n.<\/p>\n","protected":false},"author":2,"featured_media":1913,"comment_status":"closed","ping_status":"closed","sticky":false,"template":"","format":"standard","meta":{"_acf_changed":false,"give_campaign_id":0,"footnotes":""},"categories":[20],"tags":[],"class_list":["post-1914","post","type-post","status-publish","format-standard","has-post-thumbnail","hentry","category-articulos"],"acf":[],"yoast_head":"<!-- This site is optimized with the Yoast SEO plugin v27.2 - https:\/\/yoast.com\/product\/yoast-seo-wordpress\/ -->\n<title>&quot;El momento presente es el \u00fanico que tienes, haz del ahora el centro fundamental de tu vida&quot; - CorAvant<\/title>\n<meta name=\"robots\" content=\"index, follow, max-snippet:-1, max-image-preview:large, max-video-preview:-1\" \/>\n<link rel=\"canonical\" href=\"https:\/\/fundaciocoravant.org\/es\/el-momento-presente-es-el-unico-que-tienes-haz-del-ahora-el-centro-fundamental-de-tu-vida\/\" \/>\n<meta property=\"og:locale\" content=\"es_ES\" \/>\n<meta property=\"og:type\" content=\"article\" \/>\n<meta property=\"og:title\" content=\"&quot;El momento presente es el \u00fanico que tienes, haz del ahora el centro fundamental de tu vida&quot; - CorAvant\" \/>\n<meta property=\"og:description\" content=\"Uno de los grandes referentes del poder del ahora es, sin duda, Eckhart Tolle, escritor alem\u00e1n.\" \/>\n<meta property=\"og:url\" content=\"https:\/\/fundaciocoravant.org\/es\/el-momento-presente-es-el-unico-que-tienes-haz-del-ahora-el-centro-fundamental-de-tu-vida\/\" \/>\n<meta property=\"og:site_name\" content=\"CorAvant\" \/>\n<meta property=\"article:publisher\" content=\"https:\/\/www.facebook.com\/coravantaacic\" \/>\n<meta property=\"article:published_time\" content=\"2023-07-03T11:59:00+00:00\" \/>\n<meta property=\"article:modified_time\" content=\"2026-04-22T10:58:48+00:00\" \/>\n<meta property=\"og:image\" content=\"https:\/\/fundaciocoravant.org\/wp-content\/uploads\/2023\/07\/fulla-amb-una-gota-daigua.jpg\" \/>\n\t<meta property=\"og:image:width\" content=\"1000\" \/>\n\t<meta property=\"og:image:height\" content=\"280\" \/>\n\t<meta property=\"og:image:type\" content=\"image\/jpeg\" \/>\n<meta name=\"author\" content=\"maria\" \/>\n<meta name=\"twitter:card\" content=\"summary_large_image\" \/>\n<meta name=\"twitter:creator\" content=\"@coravant\" \/>\n<meta name=\"twitter:site\" content=\"@coravant\" \/>\n<meta name=\"twitter:label1\" content=\"Escrito por\" \/>\n\t<meta name=\"twitter:data1\" content=\"maria\" \/>\n\t<meta name=\"twitter:label2\" content=\"Tiempo de lectura\" \/>\n\t<meta name=\"twitter:data2\" content=\"5 minutos\" \/>\n<script type=\"application\/ld+json\" class=\"yoast-schema-graph\">{\"@context\":\"https:\/\/schema.org\",\"@graph\":[{\"@type\":\"Article\",\"@id\":\"https:\/\/fundaciocoravant.org\/es\/el-momento-presente-es-el-unico-que-tienes-haz-del-ahora-el-centro-fundamental-de-tu-vida\/#article\",\"isPartOf\":{\"@id\":\"https:\/\/fundaciocoravant.org\/es\/el-momento-presente-es-el-unico-que-tienes-haz-del-ahora-el-centro-fundamental-de-tu-vida\/\"},\"author\":{\"name\":\"maria\",\"@id\":\"https:\/\/fundaciocoravant.org\/#\/schema\/person\/ddddb79ef964743dfdd6d64da1116530\"},\"headline\":\"\u00abEl momento presente es el \u00fanico que tienes, haz del ahora el centro fundamental de tu vida\u00bb\",\"datePublished\":\"2023-07-03T11:59:00+00:00\",\"dateModified\":\"2026-04-22T10:58:48+00:00\",\"mainEntityOfPage\":{\"@id\":\"https:\/\/fundaciocoravant.org\/es\/el-momento-presente-es-el-unico-que-tienes-haz-del-ahora-el-centro-fundamental-de-tu-vida\/\"},\"wordCount\":1044,\"publisher\":{\"@id\":\"https:\/\/fundaciocoravant.org\/#organization\"},\"image\":{\"@id\":\"https:\/\/fundaciocoravant.org\/es\/el-momento-presente-es-el-unico-que-tienes-haz-del-ahora-el-centro-fundamental-de-tu-vida\/#primaryimage\"},\"thumbnailUrl\":\"https:\/\/fundaciocoravant.org\/wp-content\/uploads\/2023\/07\/fulla-amb-una-gota-daigua.jpg\",\"articleSection\":[\"Art\u00edculos\"],\"inLanguage\":\"es\"},{\"@type\":\"WebPage\",\"@id\":\"https:\/\/fundaciocoravant.org\/es\/el-momento-presente-es-el-unico-que-tienes-haz-del-ahora-el-centro-fundamental-de-tu-vida\/\",\"url\":\"https:\/\/fundaciocoravant.org\/es\/el-momento-presente-es-el-unico-que-tienes-haz-del-ahora-el-centro-fundamental-de-tu-vida\/\",\"name\":\"\\\"El momento presente es el \u00fanico que tienes, haz del ahora el centro fundamental de tu vida\\\" - CorAvant\",\"isPartOf\":{\"@id\":\"https:\/\/fundaciocoravant.org\/#website\"},\"primaryImageOfPage\":{\"@id\":\"https:\/\/fundaciocoravant.org\/es\/el-momento-presente-es-el-unico-que-tienes-haz-del-ahora-el-centro-fundamental-de-tu-vida\/#primaryimage\"},\"image\":{\"@id\":\"https:\/\/fundaciocoravant.org\/es\/el-momento-presente-es-el-unico-que-tienes-haz-del-ahora-el-centro-fundamental-de-tu-vida\/#primaryimage\"},\"thumbnailUrl\":\"https:\/\/fundaciocoravant.org\/wp-content\/uploads\/2023\/07\/fulla-amb-una-gota-daigua.jpg\",\"datePublished\":\"2023-07-03T11:59:00+00:00\",\"dateModified\":\"2026-04-22T10:58:48+00:00\",\"breadcrumb\":{\"@id\":\"https:\/\/fundaciocoravant.org\/es\/el-momento-presente-es-el-unico-que-tienes-haz-del-ahora-el-centro-fundamental-de-tu-vida\/#breadcrumb\"},\"inLanguage\":\"es\",\"potentialAction\":[{\"@type\":\"ReadAction\",\"target\":[\"https:\/\/fundaciocoravant.org\/es\/el-momento-presente-es-el-unico-que-tienes-haz-del-ahora-el-centro-fundamental-de-tu-vida\/\"]}]},{\"@type\":\"ImageObject\",\"inLanguage\":\"es\",\"@id\":\"https:\/\/fundaciocoravant.org\/es\/el-momento-presente-es-el-unico-que-tienes-haz-del-ahora-el-centro-fundamental-de-tu-vida\/#primaryimage\",\"url\":\"https:\/\/fundaciocoravant.org\/wp-content\/uploads\/2023\/07\/fulla-amb-una-gota-daigua.jpg\",\"contentUrl\":\"https:\/\/fundaciocoravant.org\/wp-content\/uploads\/2023\/07\/fulla-amb-una-gota-daigua.jpg\",\"width\":1000,\"height\":280,\"caption\":\"hoja con una goto de agua\"},{\"@type\":\"BreadcrumbList\",\"@id\":\"https:\/\/fundaciocoravant.org\/es\/el-momento-presente-es-el-unico-que-tienes-haz-del-ahora-el-centro-fundamental-de-tu-vida\/#breadcrumb\",\"itemListElement\":[{\"@type\":\"ListItem\",\"position\":1,\"name\":\"Home\",\"item\":\"https:\/\/fundaciocoravant.org\/es\/\"},{\"@type\":\"ListItem\",\"position\":2,\"name\":\"\u00abEl momento presente es el \u00fanico que tienes, haz del ahora el centro fundamental de tu vida\u00bb\"}]},{\"@type\":\"WebSite\",\"@id\":\"https:\/\/fundaciocoravant.org\/#website\",\"url\":\"https:\/\/fundaciocoravant.org\/\",\"name\":\"CorAvant\",\"description\":\"Fundaci\u00f3 de joves i adults amb cardiopatia\",\"publisher\":{\"@id\":\"https:\/\/fundaciocoravant.org\/#organization\"},\"potentialAction\":[{\"@type\":\"SearchAction\",\"target\":{\"@type\":\"EntryPoint\",\"urlTemplate\":\"https:\/\/fundaciocoravant.org\/?s={search_term_string}\"},\"query-input\":{\"@type\":\"PropertyValueSpecification\",\"valueRequired\":true,\"valueName\":\"search_term_string\"}}],\"inLanguage\":\"es\"},{\"@type\":\"Organization\",\"@id\":\"https:\/\/fundaciocoravant.org\/#organization\",\"name\":\"CorAvant\",\"url\":\"https:\/\/fundaciocoravant.org\/\",\"logo\":{\"@type\":\"ImageObject\",\"inLanguage\":\"es\",\"@id\":\"https:\/\/fundaciocoravant.org\/#\/schema\/logo\/image\/\",\"url\":\"https:\/\/fundaciocoravant.org\/wp-content\/uploads\/2025\/11\/cropped-cropped-LOGO_CORAVANT-15-anys_CASTELLANO.png\",\"contentUrl\":\"https:\/\/fundaciocoravant.org\/wp-content\/uploads\/2025\/11\/cropped-cropped-LOGO_CORAVANT-15-anys_CASTELLANO.png\",\"width\":1404,\"height\":979,\"caption\":\"CorAvant\"},\"image\":{\"@id\":\"https:\/\/fundaciocoravant.org\/#\/schema\/logo\/image\/\"},\"sameAs\":[\"https:\/\/www.facebook.com\/coravantaacic\",\"https:\/\/x.com\/coravant\",\"https:\/\/www.instagram.com\/coravantaacic\/\",\"https:\/\/www.youtube.com\/@CorAvantAACIC_cardiopaties\",\"https:\/\/www.linkedin.com\/company\/fundacio-coravant\/\"]},{\"@type\":\"Person\",\"@id\":\"https:\/\/fundaciocoravant.org\/#\/schema\/person\/ddddb79ef964743dfdd6d64da1116530\",\"name\":\"maria\",\"url\":\"https:\/\/fundaciocoravant.org\/es\/author\/maria\/\"}]}<\/script>\n<!-- \/ Yoast SEO plugin. -->","yoast_head_json":{"title":"\"El momento presente es el \u00fanico que tienes, haz del ahora el centro fundamental de tu vida\" - CorAvant","robots":{"index":"index","follow":"follow","max-snippet":"max-snippet:-1","max-image-preview":"max-image-preview:large","max-video-preview":"max-video-preview:-1"},"canonical":"https:\/\/fundaciocoravant.org\/es\/el-momento-presente-es-el-unico-que-tienes-haz-del-ahora-el-centro-fundamental-de-tu-vida\/","og_locale":"es_ES","og_type":"article","og_title":"\"El momento presente es el \u00fanico que tienes, haz del ahora el centro fundamental de tu vida\" - CorAvant","og_description":"Uno de los grandes referentes del poder del ahora es, sin duda, Eckhart Tolle, escritor alem\u00e1n.","og_url":"https:\/\/fundaciocoravant.org\/es\/el-momento-presente-es-el-unico-que-tienes-haz-del-ahora-el-centro-fundamental-de-tu-vida\/","og_site_name":"CorAvant","article_publisher":"https:\/\/www.facebook.com\/coravantaacic","article_published_time":"2023-07-03T11:59:00+00:00","article_modified_time":"2026-04-22T10:58:48+00:00","og_image":[{"width":1000,"height":280,"url":"https:\/\/fundaciocoravant.org\/wp-content\/uploads\/2023\/07\/fulla-amb-una-gota-daigua.jpg","type":"image\/jpeg"}],"author":"maria","twitter_card":"summary_large_image","twitter_creator":"@coravant","twitter_site":"@coravant","twitter_misc":{"Escrito por":"maria","Tiempo de lectura":"5 minutos"},"schema":{"@context":"https:\/\/schema.org","@graph":[{"@type":"Article","@id":"https:\/\/fundaciocoravant.org\/es\/el-momento-presente-es-el-unico-que-tienes-haz-del-ahora-el-centro-fundamental-de-tu-vida\/#article","isPartOf":{"@id":"https:\/\/fundaciocoravant.org\/es\/el-momento-presente-es-el-unico-que-tienes-haz-del-ahora-el-centro-fundamental-de-tu-vida\/"},"author":{"name":"maria","@id":"https:\/\/fundaciocoravant.org\/#\/schema\/person\/ddddb79ef964743dfdd6d64da1116530"},"headline":"\u00abEl momento presente es el \u00fanico que tienes, haz del ahora el centro fundamental de tu vida\u00bb","datePublished":"2023-07-03T11:59:00+00:00","dateModified":"2026-04-22T10:58:48+00:00","mainEntityOfPage":{"@id":"https:\/\/fundaciocoravant.org\/es\/el-momento-presente-es-el-unico-que-tienes-haz-del-ahora-el-centro-fundamental-de-tu-vida\/"},"wordCount":1044,"publisher":{"@id":"https:\/\/fundaciocoravant.org\/#organization"},"image":{"@id":"https:\/\/fundaciocoravant.org\/es\/el-momento-presente-es-el-unico-que-tienes-haz-del-ahora-el-centro-fundamental-de-tu-vida\/#primaryimage"},"thumbnailUrl":"https:\/\/fundaciocoravant.org\/wp-content\/uploads\/2023\/07\/fulla-amb-una-gota-daigua.jpg","articleSection":["Art\u00edculos"],"inLanguage":"es"},{"@type":"WebPage","@id":"https:\/\/fundaciocoravant.org\/es\/el-momento-presente-es-el-unico-que-tienes-haz-del-ahora-el-centro-fundamental-de-tu-vida\/","url":"https:\/\/fundaciocoravant.org\/es\/el-momento-presente-es-el-unico-que-tienes-haz-del-ahora-el-centro-fundamental-de-tu-vida\/","name":"\"El momento presente es el \u00fanico que tienes, haz del ahora el centro fundamental de tu vida\" - CorAvant","isPartOf":{"@id":"https:\/\/fundaciocoravant.org\/#website"},"primaryImageOfPage":{"@id":"https:\/\/fundaciocoravant.org\/es\/el-momento-presente-es-el-unico-que-tienes-haz-del-ahora-el-centro-fundamental-de-tu-vida\/#primaryimage"},"image":{"@id":"https:\/\/fundaciocoravant.org\/es\/el-momento-presente-es-el-unico-que-tienes-haz-del-ahora-el-centro-fundamental-de-tu-vida\/#primaryimage"},"thumbnailUrl":"https:\/\/fundaciocoravant.org\/wp-content\/uploads\/2023\/07\/fulla-amb-una-gota-daigua.jpg","datePublished":"2023-07-03T11:59:00+00:00","dateModified":"2026-04-22T10:58:48+00:00","breadcrumb":{"@id":"https:\/\/fundaciocoravant.org\/es\/el-momento-presente-es-el-unico-que-tienes-haz-del-ahora-el-centro-fundamental-de-tu-vida\/#breadcrumb"},"inLanguage":"es","potentialAction":[{"@type":"ReadAction","target":["https:\/\/fundaciocoravant.org\/es\/el-momento-presente-es-el-unico-que-tienes-haz-del-ahora-el-centro-fundamental-de-tu-vida\/"]}]},{"@type":"ImageObject","inLanguage":"es","@id":"https:\/\/fundaciocoravant.org\/es\/el-momento-presente-es-el-unico-que-tienes-haz-del-ahora-el-centro-fundamental-de-tu-vida\/#primaryimage","url":"https:\/\/fundaciocoravant.org\/wp-content\/uploads\/2023\/07\/fulla-amb-una-gota-daigua.jpg","contentUrl":"https:\/\/fundaciocoravant.org\/wp-content\/uploads\/2023\/07\/fulla-amb-una-gota-daigua.jpg","width":1000,"height":280,"caption":"hoja con una goto de agua"},{"@type":"BreadcrumbList","@id":"https:\/\/fundaciocoravant.org\/es\/el-momento-presente-es-el-unico-que-tienes-haz-del-ahora-el-centro-fundamental-de-tu-vida\/#breadcrumb","itemListElement":[{"@type":"ListItem","position":1,"name":"Home","item":"https:\/\/fundaciocoravant.org\/es\/"},{"@type":"ListItem","position":2,"name":"\u00abEl momento presente es el \u00fanico que tienes, haz del ahora el centro fundamental de tu vida\u00bb"}]},{"@type":"WebSite","@id":"https:\/\/fundaciocoravant.org\/#website","url":"https:\/\/fundaciocoravant.org\/","name":"CorAvant","description":"Fundaci\u00f3 de joves i adults amb cardiopatia","publisher":{"@id":"https:\/\/fundaciocoravant.org\/#organization"},"potentialAction":[{"@type":"SearchAction","target":{"@type":"EntryPoint","urlTemplate":"https:\/\/fundaciocoravant.org\/?s={search_term_string}"},"query-input":{"@type":"PropertyValueSpecification","valueRequired":true,"valueName":"search_term_string"}}],"inLanguage":"es"},{"@type":"Organization","@id":"https:\/\/fundaciocoravant.org\/#organization","name":"CorAvant","url":"https:\/\/fundaciocoravant.org\/","logo":{"@type":"ImageObject","inLanguage":"es","@id":"https:\/\/fundaciocoravant.org\/#\/schema\/logo\/image\/","url":"https:\/\/fundaciocoravant.org\/wp-content\/uploads\/2025\/11\/cropped-cropped-LOGO_CORAVANT-15-anys_CASTELLANO.png","contentUrl":"https:\/\/fundaciocoravant.org\/wp-content\/uploads\/2025\/11\/cropped-cropped-LOGO_CORAVANT-15-anys_CASTELLANO.png","width":1404,"height":979,"caption":"CorAvant"},"image":{"@id":"https:\/\/fundaciocoravant.org\/#\/schema\/logo\/image\/"},"sameAs":["https:\/\/www.facebook.com\/coravantaacic","https:\/\/x.com\/coravant","https:\/\/www.instagram.com\/coravantaacic\/","https:\/\/www.youtube.com\/@CorAvantAACIC_cardiopaties","https:\/\/www.linkedin.com\/company\/fundacio-coravant\/"]},{"@type":"Person","@id":"https:\/\/fundaciocoravant.org\/#\/schema\/person\/ddddb79ef964743dfdd6d64da1116530","name":"maria","url":"https:\/\/fundaciocoravant.org\/es\/author\/maria\/"}]}},"_links":{"self":[{"href":"https:\/\/fundaciocoravant.org\/es\/wp-json\/wp\/v2\/posts\/1914","targetHints":{"allow":["GET"]}}],"collection":[{"href":"https:\/\/fundaciocoravant.org\/es\/wp-json\/wp\/v2\/posts"}],"about":[{"href":"https:\/\/fundaciocoravant.org\/es\/wp-json\/wp\/v2\/types\/post"}],"author":[{"embeddable":true,"href":"https:\/\/fundaciocoravant.org\/es\/wp-json\/wp\/v2\/users\/2"}],"replies":[{"embeddable":true,"href":"https:\/\/fundaciocoravant.org\/es\/wp-json\/wp\/v2\/comments?post=1914"}],"version-history":[{"count":1,"href":"https:\/\/fundaciocoravant.org\/es\/wp-json\/wp\/v2\/posts\/1914\/revisions"}],"predecessor-version":[{"id":1915,"href":"https:\/\/fundaciocoravant.org\/es\/wp-json\/wp\/v2\/posts\/1914\/revisions\/1915"}],"wp:featuredmedia":[{"embeddable":true,"href":"https:\/\/fundaciocoravant.org\/es\/wp-json\/wp\/v2\/media\/1913"}],"wp:attachment":[{"href":"https:\/\/fundaciocoravant.org\/es\/wp-json\/wp\/v2\/media?parent=1914"}],"wp:term":[{"taxonomy":"category","embeddable":true,"href":"https:\/\/fundaciocoravant.org\/es\/wp-json\/wp\/v2\/categories?post=1914"},{"taxonomy":"post_tag","embeddable":true,"href":"https:\/\/fundaciocoravant.org\/es\/wp-json\/wp\/v2\/tags?post=1914"}],"curies":[{"name":"wp","href":"https:\/\/api.w.org\/{rel}","templated":true}]}}