{"id":1950,"date":"2023-06-30T11:56:00","date_gmt":"2023-06-30T11:56:00","guid":{"rendered":"https:\/\/fundaciocoravant.org\/gran-parte-de-las-iniciativas-que-hacemos-con-la-sociedad-son-propuestas-de-nuestros-trabajadores-y-trabajadoras\/"},"modified":"2026-04-23T13:57:12","modified_gmt":"2026-04-23T13:57:12","slug":"gran-parte-de-las-iniciativas-que-hacemos-con-la-sociedad-son-propuestas-de-nuestros-trabajadores-y-trabajadoras","status":"publish","type":"post","link":"https:\/\/fundaciocoravant.org\/es\/gran-parte-de-las-iniciativas-que-hacemos-con-la-sociedad-son-propuestas-de-nuestros-trabajadores-y-trabajadoras\/","title":{"rendered":"\u00abGran parte de las iniciativas que hacemos con la sociedad son propuestas de nuestros trabajadores y trabajadoras\u00bb"},"content":{"rendered":"\n<p>Hablamos con Sergi P\u00e9rez Fiol, responsable de Personas y Comunicaci\u00f3n Interna de ELIX Polymers, y coordinador de la Responsabilidad Social Corporativa de la empresa.<\/p>\n\n<p>La empresa <strong>ELIX Polymers<\/strong>, l\u00edder mundial en la fabricaci\u00f3n de termopl\u00e1sticos, est\u00e1 ubicada en la Canonja (Tarragona). En el marco de su pol\u00edtica de Responsabilidad Social Corporativa, ELIX mantiene una relaci\u00f3n estrecha con la sociedad y el entorno que lo rodea, colaborando con proyectos sociales del territorio para atender las necesidades de su entorno m\u00e1s pr\u00f3ximo. Desde el a\u00f1o 2018 <strong>colabora con la Fundaci\u00f3n CorAvant<\/strong>, apoyando a varios proyectos sociales de la Fundaci\u00f3n.  <\/p>\n\n<p><strong>\u00bfDe d\u00f3nde nace la iniciativa de colaborar con la Fundaci\u00f3n CorAvant?<\/strong><\/p>\n\n<p>La iniciativa de colaborar con la Fundaci\u00f3n CorAvant nace de un trabajador de ELIX, quien mantiene una estrecha relaci\u00f3n con la Fundaci\u00f3n. Desde el inicio nos gust\u00f3 la propuesta y decidimos aportar nuestro granito de arena para ayudar a mejorar la calidad de vida de las personas con cardiopat\u00edas cong\u00e9nitas. <\/p>\n\n<p>Por otro lado, en el marco de nuestro programa de Empresa Saludable \u201cFeel Good\u201d, que tiene como objetivo dinamizar iniciativas estrat\u00e9gicas que fomenten un entorno laboral saludable, hace unos a\u00f1os decidimos apoyar el proyecto social deportivo de Cromatic running. Una iniciativa formada por 26 corredores de la plantilla de ELIX, que dedicaron su hobby, el running, a una causa solidaria, dedicando cada kil\u00f3metro de sus carreras a recaudar fondos para CorAvant y la Asociaci\u00f3n de Cardiopat\u00edas Cong\u00e9nitas (AACIC). <\/p>\n\n<p><strong>H\u00e1blanos un poco de ELIX.<\/strong><\/p>\n\n<p>En ELIX tenemos un ADN muy especial. Somos una empresa joven, pr\u00f3xima y comprometida con las personas y el medio ambiente, y es por eso que, hacemos de la responsabilidad social corporativa uno de los ejes principales de nuestra acci\u00f3n. <\/p>\n\n<p>Estamos continuamente buscando la excelencia y la mejora contin\u00faa, no solo al ofrecer productos y servicios de alta calidad a nuestros clientes, sino a mejorar desde dentro para proyectar la excelencia hacia el exterior.<\/p>\n\n<p>En este sentido, estamos inmersos en un importante cambio cultural: se trata de la direcci\u00f3n por misiones. Un estilo de liderazgo que pone en valor a las personas, sus motivaciones y sus valores, promoviendo el compromiso con la empresa. <\/p>\n\n<p>En el foco de este cambio cultural hemos identificado cuatro grupos de inter\u00e9s: los clientes, las personas que forman parte de ELIX, la compa\u00f1\u00eda y la sociedad. Dentro del \u00e1mbito de la sociedad, una de las principales misiones es la de contribuir positivamente al bienestar social, donde colaboramos con asociaciones y ONG\u2019s de nuestro entorno local (como es el caso de la Fundaci\u00f3n CorAvant, Creu Roja Tarragona, AECC, Afanoc Tarragona, Associaci\u00f3 Dhides, Fundaci\u00f3 La Muntanyeta, P\u00e0del amb Tu, etc) <\/p>\n\n<p>Gran parte de las iniciativas que hacemos con la sociedad son propuestas de nuestros trabajadores y trabajadoras. Una iniciativa muy bonita que surgi\u00f3 de uno de nuestros trabajadores fue la donaci\u00f3n a dos asociaciones sin \u00e1nimo de lucro de Tarragona, \u00abQuil\u00f2metre Zero\u00bb y \u00abTodos en Azul\u00bb, de 4 y 8 impresoras respectivamente, con el objetivo de ayudar y apoyar a las personas que m\u00e1s lo necesitan. <\/p>\n\n<p>Adem\u00e1s, nos gusta colaborar en proyectos de voluntariado como el Programa \u201cReto Experimenta\u201d, promovido por la Universitat Rovira i Virgili con el objetivo de acercar la ciencia a las aulas de alumnas de la ESO. Tambi\u00e9n participamos de forma activa en el Inspira STEAM, un programa de voluntariado de profesiones STEAM que organiza la Universidad de Deusto, en colaboraci\u00f3n con la Universitat Rovira i Virgili, para el fomento de la vocaci\u00f3n cientificotecnol\u00f3gica entre las ni\u00f1as de primaria, basado en acciones de sensibilizaci\u00f3n y orientaci\u00f3n que imparten mujeres profesionales del mundo de la investigaci\u00f3n, la ciencia y la tecnolog\u00eda. <\/p>\n\n<p><strong>\u00bfQu\u00e9 os aporta colaborar con la Fundaci\u00f3n CorAvant?<\/strong><\/p>\n\n<p>Colaborar con vuestra Fundaci\u00f3n y con otras entidades sociales es parte de nuestra contribuci\u00f3n para mejorar nuestro entorno local, la sociedad, y el sentimiento de pertenencia de las personas que trabajan en ELIX. Hemos comprobado que las acciones y programas sociales que llevamos a cabo mejoran nuestro clima laboral y nos ayudan a promover nuestros principios y valores. Evidentemente, tambi\u00e9n es importante de cara a la captaci\u00f3n de talento; los j\u00f3venes y las personas que cambian de trabajo, o se incorporan en el mundo laboral, quieren trabajar en empresas que tengan estos valores y que sean socialmente responsables.  <\/p>\n\n<p><strong>\u00bfAnimar\u00edas a otras empresas y organizaciones a colaborar con entidades sociales?<\/strong><\/p>\n\n<p>Totalmente. Desde nuestra \u00e1rea de comunicaci\u00f3n constantemente publicamos y difundimos nuestras acciones. El objetivo es ser un ejemplo y animar a m\u00e1s empresas a colaborar con entidades sociales. Todas las empresas, en la medida de sus posibilidades pueden participar, y estoy seguro que obtendr\u00e1n un valioso retorno. Somos conscientes que requiere un esfuerzo extra, pero lo que recibes despu\u00e9s es mucho m\u00e1s de lo que das.    <\/p>\n\n<div style=\"height:50px\" aria-hidden=\"true\" class=\"wp-block-spacer\"><\/div>\n\n<p>Esta entrevista forma parte de la Revista 28 de la Asociaci\u00f3n de Cardiopat\u00edas Cong\u00e9nitas (AACIC) y de la Fundaci\u00f3n CorAvant, dedicada a la importancia de vivir el presente.<\/p>\n","protected":false},"excerpt":{"rendered":"<p>Hablamos con Sergi P\u00e9rez Fiol, responsable de Personas y Comunicaci\u00f3n Interna de ELIX Polymers<\/p>\n","protected":false},"author":2,"featured_media":1949,"comment_status":"closed","ping_status":"closed","sticky":false,"template":"","format":"standard","meta":{"_acf_changed":false,"give_campaign_id":0,"footnotes":""},"categories":[20],"tags":[],"class_list":["post-1950","post","type-post","status-publish","format-standard","has-post-thumbnail","hentry","category-articulos"],"acf":[],"yoast_head":"<!-- This site is optimized with the Yoast SEO plugin v27.2 - https:\/\/yoast.com\/product\/yoast-seo-wordpress\/ -->\n<title>&quot;Gran parte de las iniciativas que hacemos con la sociedad son propuestas de nuestros trabajadores y trabajadoras&quot; - CorAvant<\/title>\n<meta name=\"robots\" content=\"index, follow, max-snippet:-1, max-image-preview:large, max-video-preview:-1\" \/>\n<link rel=\"canonical\" href=\"https:\/\/fundaciocoravant.org\/es\/gran-parte-de-las-iniciativas-que-hacemos-con-la-sociedad-son-propuestas-de-nuestros-trabajadores-y-trabajadoras\/\" \/>\n<meta property=\"og:locale\" content=\"es_ES\" \/>\n<meta property=\"og:type\" content=\"article\" \/>\n<meta property=\"og:title\" content=\"&quot;Gran parte de las iniciativas que hacemos con la sociedad son propuestas de nuestros trabajadores y trabajadoras&quot; - CorAvant\" \/>\n<meta property=\"og:description\" content=\"Hablamos con Sergi P\u00e9rez Fiol, responsable de Personas y Comunicaci\u00f3n Interna de ELIX Polymers\" \/>\n<meta property=\"og:url\" content=\"https:\/\/fundaciocoravant.org\/es\/gran-parte-de-las-iniciativas-que-hacemos-con-la-sociedad-son-propuestas-de-nuestros-trabajadores-y-trabajadoras\/\" \/>\n<meta property=\"og:site_name\" content=\"CorAvant\" \/>\n<meta property=\"article:publisher\" content=\"https:\/\/www.facebook.com\/coravantaacic\" \/>\n<meta property=\"article:published_time\" content=\"2023-06-30T11:56:00+00:00\" \/>\n<meta property=\"article:modified_time\" content=\"2026-04-23T13:57:12+00:00\" \/>\n<meta property=\"og:image\" content=\"https:\/\/fundaciocoravant.org\/wp-content\/uploads\/2023\/06\/Sergi-Perez-Fiol.jpg\" \/>\n\t<meta property=\"og:image:width\" content=\"1000\" \/>\n\t<meta property=\"og:image:height\" content=\"280\" \/>\n\t<meta property=\"og:image:type\" content=\"image\/jpeg\" \/>\n<meta name=\"author\" content=\"maria\" \/>\n<meta name=\"twitter:card\" content=\"summary_large_image\" \/>\n<meta name=\"twitter:creator\" content=\"@coravant\" \/>\n<meta name=\"twitter:site\" content=\"@coravant\" \/>\n<meta name=\"twitter:label1\" content=\"Escrito por\" \/>\n\t<meta name=\"twitter:data1\" content=\"maria\" \/>\n\t<meta name=\"twitter:label2\" content=\"Tiempo de lectura\" \/>\n\t<meta name=\"twitter:data2\" content=\"4 minutos\" \/>\n<script type=\"application\/ld+json\" class=\"yoast-schema-graph\">{\"@context\":\"https:\/\/schema.org\",\"@graph\":[{\"@type\":\"Article\",\"@id\":\"https:\/\/fundaciocoravant.org\/es\/gran-parte-de-las-iniciativas-que-hacemos-con-la-sociedad-son-propuestas-de-nuestros-trabajadores-y-trabajadoras\/#article\",\"isPartOf\":{\"@id\":\"https:\/\/fundaciocoravant.org\/es\/gran-parte-de-las-iniciativas-que-hacemos-con-la-sociedad-son-propuestas-de-nuestros-trabajadores-y-trabajadoras\/\"},\"author\":{\"name\":\"maria\",\"@id\":\"https:\/\/fundaciocoravant.org\/#\/schema\/person\/ddddb79ef964743dfdd6d64da1116530\"},\"headline\":\"\u00abGran parte de las iniciativas que hacemos con la sociedad son propuestas de nuestros trabajadores y trabajadoras\u00bb\",\"datePublished\":\"2023-06-30T11:56:00+00:00\",\"dateModified\":\"2026-04-23T13:57:12+00:00\",\"mainEntityOfPage\":{\"@id\":\"https:\/\/fundaciocoravant.org\/es\/gran-parte-de-las-iniciativas-que-hacemos-con-la-sociedad-son-propuestas-de-nuestros-trabajadores-y-trabajadoras\/\"},\"wordCount\":884,\"publisher\":{\"@id\":\"https:\/\/fundaciocoravant.org\/#organization\"},\"image\":{\"@id\":\"https:\/\/fundaciocoravant.org\/es\/gran-parte-de-las-iniciativas-que-hacemos-con-la-sociedad-son-propuestas-de-nuestros-trabajadores-y-trabajadoras\/#primaryimage\"},\"thumbnailUrl\":\"https:\/\/fundaciocoravant.org\/wp-content\/uploads\/2023\/06\/Sergi-Perez-Fiol.jpg\",\"articleSection\":[\"Art\u00edculos\"],\"inLanguage\":\"es\"},{\"@type\":\"WebPage\",\"@id\":\"https:\/\/fundaciocoravant.org\/es\/gran-parte-de-las-iniciativas-que-hacemos-con-la-sociedad-son-propuestas-de-nuestros-trabajadores-y-trabajadoras\/\",\"url\":\"https:\/\/fundaciocoravant.org\/es\/gran-parte-de-las-iniciativas-que-hacemos-con-la-sociedad-son-propuestas-de-nuestros-trabajadores-y-trabajadoras\/\",\"name\":\"\\\"Gran parte de las iniciativas que hacemos con la sociedad son propuestas de nuestros trabajadores y trabajadoras\\\" - CorAvant\",\"isPartOf\":{\"@id\":\"https:\/\/fundaciocoravant.org\/#website\"},\"primaryImageOfPage\":{\"@id\":\"https:\/\/fundaciocoravant.org\/es\/gran-parte-de-las-iniciativas-que-hacemos-con-la-sociedad-son-propuestas-de-nuestros-trabajadores-y-trabajadoras\/#primaryimage\"},\"image\":{\"@id\":\"https:\/\/fundaciocoravant.org\/es\/gran-parte-de-las-iniciativas-que-hacemos-con-la-sociedad-son-propuestas-de-nuestros-trabajadores-y-trabajadoras\/#primaryimage\"},\"thumbnailUrl\":\"https:\/\/fundaciocoravant.org\/wp-content\/uploads\/2023\/06\/Sergi-Perez-Fiol.jpg\",\"datePublished\":\"2023-06-30T11:56:00+00:00\",\"dateModified\":\"2026-04-23T13:57:12+00:00\",\"breadcrumb\":{\"@id\":\"https:\/\/fundaciocoravant.org\/es\/gran-parte-de-las-iniciativas-que-hacemos-con-la-sociedad-son-propuestas-de-nuestros-trabajadores-y-trabajadoras\/#breadcrumb\"},\"inLanguage\":\"es\",\"potentialAction\":[{\"@type\":\"ReadAction\",\"target\":[\"https:\/\/fundaciocoravant.org\/es\/gran-parte-de-las-iniciativas-que-hacemos-con-la-sociedad-son-propuestas-de-nuestros-trabajadores-y-trabajadoras\/\"]}]},{\"@type\":\"ImageObject\",\"inLanguage\":\"es\",\"@id\":\"https:\/\/fundaciocoravant.org\/es\/gran-parte-de-las-iniciativas-que-hacemos-con-la-sociedad-son-propuestas-de-nuestros-trabajadores-y-trabajadoras\/#primaryimage\",\"url\":\"https:\/\/fundaciocoravant.org\/wp-content\/uploads\/2023\/06\/Sergi-Perez-Fiol.jpg\",\"contentUrl\":\"https:\/\/fundaciocoravant.org\/wp-content\/uploads\/2023\/06\/Sergi-Perez-Fiol.jpg\",\"width\":1000,\"height\":280,\"caption\":\"Sergi Perez Fiol\"},{\"@type\":\"BreadcrumbList\",\"@id\":\"https:\/\/fundaciocoravant.org\/es\/gran-parte-de-las-iniciativas-que-hacemos-con-la-sociedad-son-propuestas-de-nuestros-trabajadores-y-trabajadoras\/#breadcrumb\",\"itemListElement\":[{\"@type\":\"ListItem\",\"position\":1,\"name\":\"Home\",\"item\":\"https:\/\/fundaciocoravant.org\/es\/\"},{\"@type\":\"ListItem\",\"position\":2,\"name\":\"\u00abGran parte de las iniciativas que hacemos con la sociedad son propuestas de nuestros trabajadores y trabajadoras\u00bb\"}]},{\"@type\":\"WebSite\",\"@id\":\"https:\/\/fundaciocoravant.org\/#website\",\"url\":\"https:\/\/fundaciocoravant.org\/\",\"name\":\"CorAvant\",\"description\":\"Fundaci\u00f3 de joves i adults amb cardiopatia\",\"publisher\":{\"@id\":\"https:\/\/fundaciocoravant.org\/#organization\"},\"potentialAction\":[{\"@type\":\"SearchAction\",\"target\":{\"@type\":\"EntryPoint\",\"urlTemplate\":\"https:\/\/fundaciocoravant.org\/?s={search_term_string}\"},\"query-input\":{\"@type\":\"PropertyValueSpecification\",\"valueRequired\":true,\"valueName\":\"search_term_string\"}}],\"inLanguage\":\"es\"},{\"@type\":\"Organization\",\"@id\":\"https:\/\/fundaciocoravant.org\/#organization\",\"name\":\"CorAvant\",\"url\":\"https:\/\/fundaciocoravant.org\/\",\"logo\":{\"@type\":\"ImageObject\",\"inLanguage\":\"es\",\"@id\":\"https:\/\/fundaciocoravant.org\/#\/schema\/logo\/image\/\",\"url\":\"https:\/\/fundaciocoravant.org\/wp-content\/uploads\/2025\/11\/cropped-cropped-LOGO_CORAVANT-15-anys_CASTELLANO.png\",\"contentUrl\":\"https:\/\/fundaciocoravant.org\/wp-content\/uploads\/2025\/11\/cropped-cropped-LOGO_CORAVANT-15-anys_CASTELLANO.png\",\"width\":1404,\"height\":979,\"caption\":\"CorAvant\"},\"image\":{\"@id\":\"https:\/\/fundaciocoravant.org\/#\/schema\/logo\/image\/\"},\"sameAs\":[\"https:\/\/www.facebook.com\/coravantaacic\",\"https:\/\/x.com\/coravant\",\"https:\/\/www.instagram.com\/coravantaacic\/\",\"https:\/\/www.youtube.com\/@CorAvantAACIC_cardiopaties\",\"https:\/\/www.linkedin.com\/company\/fundacio-coravant\/\"]},{\"@type\":\"Person\",\"@id\":\"https:\/\/fundaciocoravant.org\/#\/schema\/person\/ddddb79ef964743dfdd6d64da1116530\",\"name\":\"maria\",\"url\":\"https:\/\/fundaciocoravant.org\/es\/author\/maria\/\"}]}<\/script>\n<!-- \/ Yoast SEO plugin. -->","yoast_head_json":{"title":"\"Gran parte de las iniciativas que hacemos con la sociedad son propuestas de nuestros trabajadores y trabajadoras\" - CorAvant","robots":{"index":"index","follow":"follow","max-snippet":"max-snippet:-1","max-image-preview":"max-image-preview:large","max-video-preview":"max-video-preview:-1"},"canonical":"https:\/\/fundaciocoravant.org\/es\/gran-parte-de-las-iniciativas-que-hacemos-con-la-sociedad-son-propuestas-de-nuestros-trabajadores-y-trabajadoras\/","og_locale":"es_ES","og_type":"article","og_title":"\"Gran parte de las iniciativas que hacemos con la sociedad son propuestas de nuestros trabajadores y trabajadoras\" - CorAvant","og_description":"Hablamos con Sergi P\u00e9rez Fiol, responsable de Personas y Comunicaci\u00f3n Interna de ELIX Polymers","og_url":"https:\/\/fundaciocoravant.org\/es\/gran-parte-de-las-iniciativas-que-hacemos-con-la-sociedad-son-propuestas-de-nuestros-trabajadores-y-trabajadoras\/","og_site_name":"CorAvant","article_publisher":"https:\/\/www.facebook.com\/coravantaacic","article_published_time":"2023-06-30T11:56:00+00:00","article_modified_time":"2026-04-23T13:57:12+00:00","og_image":[{"width":1000,"height":280,"url":"https:\/\/fundaciocoravant.org\/wp-content\/uploads\/2023\/06\/Sergi-Perez-Fiol.jpg","type":"image\/jpeg"}],"author":"maria","twitter_card":"summary_large_image","twitter_creator":"@coravant","twitter_site":"@coravant","twitter_misc":{"Escrito por":"maria","Tiempo de lectura":"4 minutos"},"schema":{"@context":"https:\/\/schema.org","@graph":[{"@type":"Article","@id":"https:\/\/fundaciocoravant.org\/es\/gran-parte-de-las-iniciativas-que-hacemos-con-la-sociedad-son-propuestas-de-nuestros-trabajadores-y-trabajadoras\/#article","isPartOf":{"@id":"https:\/\/fundaciocoravant.org\/es\/gran-parte-de-las-iniciativas-que-hacemos-con-la-sociedad-son-propuestas-de-nuestros-trabajadores-y-trabajadoras\/"},"author":{"name":"maria","@id":"https:\/\/fundaciocoravant.org\/#\/schema\/person\/ddddb79ef964743dfdd6d64da1116530"},"headline":"\u00abGran parte de las iniciativas que hacemos con la sociedad son propuestas de nuestros trabajadores y trabajadoras\u00bb","datePublished":"2023-06-30T11:56:00+00:00","dateModified":"2026-04-23T13:57:12+00:00","mainEntityOfPage":{"@id":"https:\/\/fundaciocoravant.org\/es\/gran-parte-de-las-iniciativas-que-hacemos-con-la-sociedad-son-propuestas-de-nuestros-trabajadores-y-trabajadoras\/"},"wordCount":884,"publisher":{"@id":"https:\/\/fundaciocoravant.org\/#organization"},"image":{"@id":"https:\/\/fundaciocoravant.org\/es\/gran-parte-de-las-iniciativas-que-hacemos-con-la-sociedad-son-propuestas-de-nuestros-trabajadores-y-trabajadoras\/#primaryimage"},"thumbnailUrl":"https:\/\/fundaciocoravant.org\/wp-content\/uploads\/2023\/06\/Sergi-Perez-Fiol.jpg","articleSection":["Art\u00edculos"],"inLanguage":"es"},{"@type":"WebPage","@id":"https:\/\/fundaciocoravant.org\/es\/gran-parte-de-las-iniciativas-que-hacemos-con-la-sociedad-son-propuestas-de-nuestros-trabajadores-y-trabajadoras\/","url":"https:\/\/fundaciocoravant.org\/es\/gran-parte-de-las-iniciativas-que-hacemos-con-la-sociedad-son-propuestas-de-nuestros-trabajadores-y-trabajadoras\/","name":"\"Gran parte de las iniciativas que hacemos con la sociedad son propuestas de nuestros trabajadores y trabajadoras\" - CorAvant","isPartOf":{"@id":"https:\/\/fundaciocoravant.org\/#website"},"primaryImageOfPage":{"@id":"https:\/\/fundaciocoravant.org\/es\/gran-parte-de-las-iniciativas-que-hacemos-con-la-sociedad-son-propuestas-de-nuestros-trabajadores-y-trabajadoras\/#primaryimage"},"image":{"@id":"https:\/\/fundaciocoravant.org\/es\/gran-parte-de-las-iniciativas-que-hacemos-con-la-sociedad-son-propuestas-de-nuestros-trabajadores-y-trabajadoras\/#primaryimage"},"thumbnailUrl":"https:\/\/fundaciocoravant.org\/wp-content\/uploads\/2023\/06\/Sergi-Perez-Fiol.jpg","datePublished":"2023-06-30T11:56:00+00:00","dateModified":"2026-04-23T13:57:12+00:00","breadcrumb":{"@id":"https:\/\/fundaciocoravant.org\/es\/gran-parte-de-las-iniciativas-que-hacemos-con-la-sociedad-son-propuestas-de-nuestros-trabajadores-y-trabajadoras\/#breadcrumb"},"inLanguage":"es","potentialAction":[{"@type":"ReadAction","target":["https:\/\/fundaciocoravant.org\/es\/gran-parte-de-las-iniciativas-que-hacemos-con-la-sociedad-son-propuestas-de-nuestros-trabajadores-y-trabajadoras\/"]}]},{"@type":"ImageObject","inLanguage":"es","@id":"https:\/\/fundaciocoravant.org\/es\/gran-parte-de-las-iniciativas-que-hacemos-con-la-sociedad-son-propuestas-de-nuestros-trabajadores-y-trabajadoras\/#primaryimage","url":"https:\/\/fundaciocoravant.org\/wp-content\/uploads\/2023\/06\/Sergi-Perez-Fiol.jpg","contentUrl":"https:\/\/fundaciocoravant.org\/wp-content\/uploads\/2023\/06\/Sergi-Perez-Fiol.jpg","width":1000,"height":280,"caption":"Sergi Perez Fiol"},{"@type":"BreadcrumbList","@id":"https:\/\/fundaciocoravant.org\/es\/gran-parte-de-las-iniciativas-que-hacemos-con-la-sociedad-son-propuestas-de-nuestros-trabajadores-y-trabajadoras\/#breadcrumb","itemListElement":[{"@type":"ListItem","position":1,"name":"Home","item":"https:\/\/fundaciocoravant.org\/es\/"},{"@type":"ListItem","position":2,"name":"\u00abGran parte de las iniciativas que hacemos con la sociedad son propuestas de nuestros trabajadores y trabajadoras\u00bb"}]},{"@type":"WebSite","@id":"https:\/\/fundaciocoravant.org\/#website","url":"https:\/\/fundaciocoravant.org\/","name":"CorAvant","description":"Fundaci\u00f3 de joves i adults amb cardiopatia","publisher":{"@id":"https:\/\/fundaciocoravant.org\/#organization"},"potentialAction":[{"@type":"SearchAction","target":{"@type":"EntryPoint","urlTemplate":"https:\/\/fundaciocoravant.org\/?s={search_term_string}"},"query-input":{"@type":"PropertyValueSpecification","valueRequired":true,"valueName":"search_term_string"}}],"inLanguage":"es"},{"@type":"Organization","@id":"https:\/\/fundaciocoravant.org\/#organization","name":"CorAvant","url":"https:\/\/fundaciocoravant.org\/","logo":{"@type":"ImageObject","inLanguage":"es","@id":"https:\/\/fundaciocoravant.org\/#\/schema\/logo\/image\/","url":"https:\/\/fundaciocoravant.org\/wp-content\/uploads\/2025\/11\/cropped-cropped-LOGO_CORAVANT-15-anys_CASTELLANO.png","contentUrl":"https:\/\/fundaciocoravant.org\/wp-content\/uploads\/2025\/11\/cropped-cropped-LOGO_CORAVANT-15-anys_CASTELLANO.png","width":1404,"height":979,"caption":"CorAvant"},"image":{"@id":"https:\/\/fundaciocoravant.org\/#\/schema\/logo\/image\/"},"sameAs":["https:\/\/www.facebook.com\/coravantaacic","https:\/\/x.com\/coravant","https:\/\/www.instagram.com\/coravantaacic\/","https:\/\/www.youtube.com\/@CorAvantAACIC_cardiopaties","https:\/\/www.linkedin.com\/company\/fundacio-coravant\/"]},{"@type":"Person","@id":"https:\/\/fundaciocoravant.org\/#\/schema\/person\/ddddb79ef964743dfdd6d64da1116530","name":"maria","url":"https:\/\/fundaciocoravant.org\/es\/author\/maria\/"}]}},"_links":{"self":[{"href":"https:\/\/fundaciocoravant.org\/es\/wp-json\/wp\/v2\/posts\/1950","targetHints":{"allow":["GET"]}}],"collection":[{"href":"https:\/\/fundaciocoravant.org\/es\/wp-json\/wp\/v2\/posts"}],"about":[{"href":"https:\/\/fundaciocoravant.org\/es\/wp-json\/wp\/v2\/types\/post"}],"author":[{"embeddable":true,"href":"https:\/\/fundaciocoravant.org\/es\/wp-json\/wp\/v2\/users\/2"}],"replies":[{"embeddable":true,"href":"https:\/\/fundaciocoravant.org\/es\/wp-json\/wp\/v2\/comments?post=1950"}],"version-history":[{"count":2,"href":"https:\/\/fundaciocoravant.org\/es\/wp-json\/wp\/v2\/posts\/1950\/revisions"}],"predecessor-version":[{"id":1963,"href":"https:\/\/fundaciocoravant.org\/es\/wp-json\/wp\/v2\/posts\/1950\/revisions\/1963"}],"wp:featuredmedia":[{"embeddable":true,"href":"https:\/\/fundaciocoravant.org\/es\/wp-json\/wp\/v2\/media\/1949"}],"wp:attachment":[{"href":"https:\/\/fundaciocoravant.org\/es\/wp-json\/wp\/v2\/media?parent=1950"}],"wp:term":[{"taxonomy":"category","embeddable":true,"href":"https:\/\/fundaciocoravant.org\/es\/wp-json\/wp\/v2\/categories?post=1950"},{"taxonomy":"post_tag","embeddable":true,"href":"https:\/\/fundaciocoravant.org\/es\/wp-json\/wp\/v2\/tags?post=1950"}],"curies":[{"name":"wp","href":"https:\/\/api.w.org\/{rel}","templated":true}]}}