{"id":2059,"date":"2026-04-28T07:22:54","date_gmt":"2026-04-28T07:22:54","guid":{"rendered":"https:\/\/fundaciocoravant.org\/regalate-un-espacio-de-calma-con-el-taller-cuerpo-y-mente\/"},"modified":"2026-04-28T07:35:48","modified_gmt":"2026-04-28T07:35:48","slug":"regalate-un-espacio-de-calma-con-el-taller-cuerpo-y-mente","status":"publish","type":"post","link":"https:\/\/fundaciocoravant.org\/es\/regalate-un-espacio-de-calma-con-el-taller-cuerpo-y-mente\/","title":{"rendered":"Reg\u00e1late un espacio de calma con el taller Cuerpo y Mente"},"content":{"rendered":"\n<p>Con la llegada del buen tiempo, empieza un nuevo trimestre del <strong>taller virtual de relajaci\u00f3n Cuerpo y Mente<\/strong> (mayo \u2013 julio), un espacio semanal para escuchar el cuerpo, bajar el ritmo y cuidar tu bienestar emocional.<br\/><br\/><strong>\u00bfQu\u00e9 encontrar\u00e1s?<br\/><\/strong><\/p>\n\n<p>Sesiones guiadas con ejercicios pensados para favorecer un estado de calma y bienestar f\u00edsico y mental. Trabajaremos: <\/p>\n\n<ul class=\"wp-block-list\">\n<li>correcci\u00f3n postural y estiramientos<\/li>\n\n\n\n<li>respiraci\u00f3n consciente<\/li>\n\n\n\n<li>visualizaci\u00f3n<\/li>\n<\/ul>\n\n<div style=\"height:25px\" aria-hidden=\"true\" class=\"wp-block-spacer\"><\/div>\n\n<p><strong>\u00bfA qui\u00e9n se dirige?<\/strong><\/p>\n\n<ul class=\"wp-block-list\">\n<li>Personas j\u00f3venes y adultas con cardiopat\u00eda<\/li>\n\n\n\n<li>Padres y madres de hijos o hijas con cardiopat\u00eda<\/li>\n\n\n\n<li>Cualquier persona interesada en la relajaci\u00f3n y el autocuidado<\/li>\n<\/ul>\n\n<div style=\"height:25px\" aria-hidden=\"true\" class=\"wp-block-spacer\"><\/div>\n\n<p><strong>\u00bfQu\u00e9 dicen las personas participantes?<\/strong><\/p>\n\n<ul class=\"wp-block-list\">\n<li>\u00abLa relajaci\u00f3n me ha ayudado a sentirme m\u00e1s conectada con mi cuerpo y a afrontar los momentos dif\u00edciles con m\u00e1s calma.\u00bb (Laia)<\/li>\n\n\n\n<li>\u00abSesiones muy recomendables, ayudan a desconectar y encontrar un espacio de calma.\u00bb (Salvador)<\/li>\n\n\n\n<li>\u00abCada sesi\u00f3n es una oportunidad para conectar conmigo misma y cuidarme.\u00bb (N\u00faria)<\/li>\n<\/ul>\n\n<div style=\"height:25px\" aria-hidden=\"true\" class=\"wp-block-spacer\"><\/div>\n\n<p><strong>Informaci\u00f3n pr\u00e1ctica<\/strong><\/p>\n\n<ul class=\"wp-block-list\">\n<li>Inicio: <strong>lunes 4 de mayo de 2026<\/strong><\/li>\n\n\n\n<li>Horario: <strong>de 16 a 17 h<\/strong><\/li>\n\n\n\n<li>Periodicidad: semanal, los lunes (excepto fiestas escolares o puentes)<\/li>\n\n\n\n<li>Formato: <strong>online<\/strong> (te enviaremos el enlace de la sesi\u00f3n)<\/li>\n\n\n\n<li>Coordinaci\u00f3n: <strong>Rosana Moyano<\/strong>, psic\u00f3loga sanitaria de la entidad<\/li>\n<\/ul>\n\n<div style=\"height:25px\" aria-hidden=\"true\" class=\"wp-block-spacer\"><\/div>\n\n<p><strong>Precio:<\/strong><\/p>\n\n<ul class=\"wp-block-list\">\n<li><strong>Socios y socias de la Asociaci\u00f3n de Cardiopat\u00edas Cong\u00e9nitas (AACIC) o de la Fundaci\u00f3n CorAvant<\/strong>: 30\u20ac\/trimestre o 12\u20ac\/mes<\/li>\n\n\n\n<li><strong>Personas no socias<\/strong>: 40\u20ac\/trimestre o 15\u20ac\/mes<\/li>\n<\/ul>\n\n<div style=\"height:25px\" aria-hidden=\"true\" class=\"wp-block-spacer\"><\/div>\n\n<p><strong>Pagot: <\/strong>n\u00fameros de cuenta de la Fundaci\u00f3n CorAvant<\/p>\n\n<ul class=\"wp-block-list\">\n<li>BBVA: ES42 0182 7301 7902 0020 1965<\/li>\n\n\n\n<li>La Caixa: ES15 2100 0812 1102 0075 6055<\/li>\n<\/ul>\n\n<div style=\"height:15px\" aria-hidden=\"true\" class=\"wp-block-spacer\"><\/div>\n\n<p>En el <strong>asunto <\/strong>de pago indica: <strong>Taller Relax + Nombre y apellidos<\/strong><\/p>\n\n<div style=\"height:25px\" aria-hidden=\"true\" class=\"wp-block-spacer\"><\/div>\n\n<p><strong>Si te apetece regalarte este espacio de calma y autocuidado, \u00a1te esperamos con muchas ganas!<\/strong><\/p>\n\n<div class=\"wp-block-buttons is-layout-flex wp-block-buttons-is-layout-flex\">\n<div class=\"wp-block-button\"><a class=\"wp-block-button__link wp-element-button\" href=\"https:\/\/fundaciocoravant.org\/es\/agenda\/taller-virtual-de-relajacion-cuerpo-y-mente-4-mayo-2026\/\">Inscr\u00edbete aqu\u00ed<\/a><\/div>\n<\/div>\n","protected":false},"excerpt":{"rendered":"<p>De mayo a julio, vuelve nuestro espacio semanal de relajaci\u00f3n.<\/p>\n","protected":false},"author":2,"featured_media":2058,"comment_status":"closed","ping_status":"closed","sticky":false,"template":"","format":"standard","meta":{"_acf_changed":false,"give_campaign_id":0,"footnotes":""},"categories":[5],"tags":[],"class_list":["post-2059","post","type-post","status-publish","format-standard","has-post-thumbnail","hentry","category-noticias"],"acf":[],"yoast_head":"<!-- This site is optimized with the Yoast SEO plugin v27.2 - https:\/\/yoast.com\/product\/yoast-seo-wordpress\/ -->\n<title>Reg\u00e1late un espacio de calma con el taller Cuerpo y Mente - CorAvant<\/title>\n<meta name=\"robots\" content=\"index, follow, max-snippet:-1, max-image-preview:large, max-video-preview:-1\" \/>\n<link rel=\"canonical\" href=\"https:\/\/fundaciocoravant.org\/es\/regalate-un-espacio-de-calma-con-el-taller-cuerpo-y-mente\/\" \/>\n<meta property=\"og:locale\" content=\"es_ES\" \/>\n<meta property=\"og:type\" content=\"article\" \/>\n<meta property=\"og:title\" content=\"Reg\u00e1late un espacio de calma con el taller Cuerpo y Mente - CorAvant\" \/>\n<meta property=\"og:description\" content=\"De mayo a julio, vuelve nuestro espacio semanal de relajaci\u00f3n.\" \/>\n<meta property=\"og:url\" content=\"https:\/\/fundaciocoravant.org\/es\/regalate-un-espacio-de-calma-con-el-taller-cuerpo-y-mente\/\" \/>\n<meta property=\"og:site_name\" content=\"CorAvant\" \/>\n<meta property=\"article:publisher\" content=\"https:\/\/www.facebook.com\/coravantaacic\" \/>\n<meta property=\"article:published_time\" content=\"2026-04-28T07:22:54+00:00\" \/>\n<meta property=\"article:modified_time\" content=\"2026-04-28T07:35:48+00:00\" \/>\n<meta property=\"og:image\" content=\"https:\/\/fundaciocoravant.org\/wp-content\/uploads\/2026\/04\/Taller-virtual-de-relaxacio-Cos-i-Ment.jpg\" \/>\n\t<meta property=\"og:image:width\" content=\"1000\" \/>\n\t<meta property=\"og:image:height\" content=\"280\" \/>\n\t<meta property=\"og:image:type\" content=\"image\/jpeg\" \/>\n<meta name=\"author\" content=\"maria\" \/>\n<meta name=\"twitter:card\" content=\"summary_large_image\" \/>\n<meta name=\"twitter:creator\" content=\"@coravant\" \/>\n<meta name=\"twitter:site\" content=\"@coravant\" \/>\n<meta name=\"twitter:label1\" content=\"Escrito por\" \/>\n\t<meta name=\"twitter:data1\" content=\"maria\" \/>\n\t<meta name=\"twitter:label2\" content=\"Tiempo de lectura\" \/>\n\t<meta name=\"twitter:data2\" content=\"1 minuto\" \/>\n<script type=\"application\/ld+json\" class=\"yoast-schema-graph\">{\"@context\":\"https:\/\/schema.org\",\"@graph\":[{\"@type\":\"Article\",\"@id\":\"https:\/\/fundaciocoravant.org\/es\/regalate-un-espacio-de-calma-con-el-taller-cuerpo-y-mente\/#article\",\"isPartOf\":{\"@id\":\"https:\/\/fundaciocoravant.org\/es\/regalate-un-espacio-de-calma-con-el-taller-cuerpo-y-mente\/\"},\"author\":{\"name\":\"maria\",\"@id\":\"https:\/\/fundaciocoravant.org\/#\/schema\/person\/ddddb79ef964743dfdd6d64da1116530\"},\"headline\":\"Reg\u00e1late un espacio de calma con el taller Cuerpo y Mente\",\"datePublished\":\"2026-04-28T07:22:54+00:00\",\"dateModified\":\"2026-04-28T07:35:48+00:00\",\"mainEntityOfPage\":{\"@id\":\"https:\/\/fundaciocoravant.org\/es\/regalate-un-espacio-de-calma-con-el-taller-cuerpo-y-mente\/\"},\"wordCount\":285,\"publisher\":{\"@id\":\"https:\/\/fundaciocoravant.org\/#organization\"},\"image\":{\"@id\":\"https:\/\/fundaciocoravant.org\/es\/regalate-un-espacio-de-calma-con-el-taller-cuerpo-y-mente\/#primaryimage\"},\"thumbnailUrl\":\"https:\/\/fundaciocoravant.org\/wp-content\/uploads\/2026\/04\/Taller-virtual-de-relaxacio-Cos-i-Ment.jpg\",\"articleSection\":[\"Noticias\"],\"inLanguage\":\"es\"},{\"@type\":\"WebPage\",\"@id\":\"https:\/\/fundaciocoravant.org\/es\/regalate-un-espacio-de-calma-con-el-taller-cuerpo-y-mente\/\",\"url\":\"https:\/\/fundaciocoravant.org\/es\/regalate-un-espacio-de-calma-con-el-taller-cuerpo-y-mente\/\",\"name\":\"Reg\u00e1late un espacio de calma con el taller Cuerpo y Mente - CorAvant\",\"isPartOf\":{\"@id\":\"https:\/\/fundaciocoravant.org\/#website\"},\"primaryImageOfPage\":{\"@id\":\"https:\/\/fundaciocoravant.org\/es\/regalate-un-espacio-de-calma-con-el-taller-cuerpo-y-mente\/#primaryimage\"},\"image\":{\"@id\":\"https:\/\/fundaciocoravant.org\/es\/regalate-un-espacio-de-calma-con-el-taller-cuerpo-y-mente\/#primaryimage\"},\"thumbnailUrl\":\"https:\/\/fundaciocoravant.org\/wp-content\/uploads\/2026\/04\/Taller-virtual-de-relaxacio-Cos-i-Ment.jpg\",\"datePublished\":\"2026-04-28T07:22:54+00:00\",\"dateModified\":\"2026-04-28T07:35:48+00:00\",\"breadcrumb\":{\"@id\":\"https:\/\/fundaciocoravant.org\/es\/regalate-un-espacio-de-calma-con-el-taller-cuerpo-y-mente\/#breadcrumb\"},\"inLanguage\":\"es\",\"potentialAction\":[{\"@type\":\"ReadAction\",\"target\":[\"https:\/\/fundaciocoravant.org\/es\/regalate-un-espacio-de-calma-con-el-taller-cuerpo-y-mente\/\"]}]},{\"@type\":\"ImageObject\",\"inLanguage\":\"es\",\"@id\":\"https:\/\/fundaciocoravant.org\/es\/regalate-un-espacio-de-calma-con-el-taller-cuerpo-y-mente\/#primaryimage\",\"url\":\"https:\/\/fundaciocoravant.org\/wp-content\/uploads\/2026\/04\/Taller-virtual-de-relaxacio-Cos-i-Ment.jpg\",\"contentUrl\":\"https:\/\/fundaciocoravant.org\/wp-content\/uploads\/2026\/04\/Taller-virtual-de-relaxacio-Cos-i-Ment.jpg\",\"width\":1000,\"height\":280,\"caption\":\"Taller virtual de relajaci\u00f3n Cuerpo y Mente\"},{\"@type\":\"BreadcrumbList\",\"@id\":\"https:\/\/fundaciocoravant.org\/es\/regalate-un-espacio-de-calma-con-el-taller-cuerpo-y-mente\/#breadcrumb\",\"itemListElement\":[{\"@type\":\"ListItem\",\"position\":1,\"name\":\"Home\",\"item\":\"https:\/\/fundaciocoravant.org\/es\/\"},{\"@type\":\"ListItem\",\"position\":2,\"name\":\"Reg\u00e1late un espacio de calma con el taller Cuerpo y Mente\"}]},{\"@type\":\"WebSite\",\"@id\":\"https:\/\/fundaciocoravant.org\/#website\",\"url\":\"https:\/\/fundaciocoravant.org\/\",\"name\":\"CorAvant\",\"description\":\"Fundaci\u00f3 de joves i adults amb cardiopatia\",\"publisher\":{\"@id\":\"https:\/\/fundaciocoravant.org\/#organization\"},\"potentialAction\":[{\"@type\":\"SearchAction\",\"target\":{\"@type\":\"EntryPoint\",\"urlTemplate\":\"https:\/\/fundaciocoravant.org\/?s={search_term_string}\"},\"query-input\":{\"@type\":\"PropertyValueSpecification\",\"valueRequired\":true,\"valueName\":\"search_term_string\"}}],\"inLanguage\":\"es\"},{\"@type\":\"Organization\",\"@id\":\"https:\/\/fundaciocoravant.org\/#organization\",\"name\":\"CorAvant\",\"url\":\"https:\/\/fundaciocoravant.org\/\",\"logo\":{\"@type\":\"ImageObject\",\"inLanguage\":\"es\",\"@id\":\"https:\/\/fundaciocoravant.org\/#\/schema\/logo\/image\/\",\"url\":\"https:\/\/fundaciocoravant.org\/wp-content\/uploads\/2025\/11\/cropped-cropped-LOGO_CORAVANT-15-anys_CASTELLANO.png\",\"contentUrl\":\"https:\/\/fundaciocoravant.org\/wp-content\/uploads\/2025\/11\/cropped-cropped-LOGO_CORAVANT-15-anys_CASTELLANO.png\",\"width\":1404,\"height\":979,\"caption\":\"CorAvant\"},\"image\":{\"@id\":\"https:\/\/fundaciocoravant.org\/#\/schema\/logo\/image\/\"},\"sameAs\":[\"https:\/\/www.facebook.com\/coravantaacic\",\"https:\/\/x.com\/coravant\",\"https:\/\/www.instagram.com\/coravantaacic\/\",\"https:\/\/www.youtube.com\/@CorAvantAACIC_cardiopaties\",\"https:\/\/www.linkedin.com\/company\/fundacio-coravant\/\"]},{\"@type\":\"Person\",\"@id\":\"https:\/\/fundaciocoravant.org\/#\/schema\/person\/ddddb79ef964743dfdd6d64da1116530\",\"name\":\"maria\",\"url\":\"https:\/\/fundaciocoravant.org\/es\/author\/maria\/\"}]}<\/script>\n<!-- \/ Yoast SEO plugin. -->","yoast_head_json":{"title":"Reg\u00e1late un espacio de calma con el taller Cuerpo y Mente - CorAvant","robots":{"index":"index","follow":"follow","max-snippet":"max-snippet:-1","max-image-preview":"max-image-preview:large","max-video-preview":"max-video-preview:-1"},"canonical":"https:\/\/fundaciocoravant.org\/es\/regalate-un-espacio-de-calma-con-el-taller-cuerpo-y-mente\/","og_locale":"es_ES","og_type":"article","og_title":"Reg\u00e1late un espacio de calma con el taller Cuerpo y Mente - CorAvant","og_description":"De mayo a julio, vuelve nuestro espacio semanal de relajaci\u00f3n.","og_url":"https:\/\/fundaciocoravant.org\/es\/regalate-un-espacio-de-calma-con-el-taller-cuerpo-y-mente\/","og_site_name":"CorAvant","article_publisher":"https:\/\/www.facebook.com\/coravantaacic","article_published_time":"2026-04-28T07:22:54+00:00","article_modified_time":"2026-04-28T07:35:48+00:00","og_image":[{"width":1000,"height":280,"url":"https:\/\/fundaciocoravant.org\/wp-content\/uploads\/2026\/04\/Taller-virtual-de-relaxacio-Cos-i-Ment.jpg","type":"image\/jpeg"}],"author":"maria","twitter_card":"summary_large_image","twitter_creator":"@coravant","twitter_site":"@coravant","twitter_misc":{"Escrito por":"maria","Tiempo de lectura":"1 minuto"},"schema":{"@context":"https:\/\/schema.org","@graph":[{"@type":"Article","@id":"https:\/\/fundaciocoravant.org\/es\/regalate-un-espacio-de-calma-con-el-taller-cuerpo-y-mente\/#article","isPartOf":{"@id":"https:\/\/fundaciocoravant.org\/es\/regalate-un-espacio-de-calma-con-el-taller-cuerpo-y-mente\/"},"author":{"name":"maria","@id":"https:\/\/fundaciocoravant.org\/#\/schema\/person\/ddddb79ef964743dfdd6d64da1116530"},"headline":"Reg\u00e1late un espacio de calma con el taller Cuerpo y Mente","datePublished":"2026-04-28T07:22:54+00:00","dateModified":"2026-04-28T07:35:48+00:00","mainEntityOfPage":{"@id":"https:\/\/fundaciocoravant.org\/es\/regalate-un-espacio-de-calma-con-el-taller-cuerpo-y-mente\/"},"wordCount":285,"publisher":{"@id":"https:\/\/fundaciocoravant.org\/#organization"},"image":{"@id":"https:\/\/fundaciocoravant.org\/es\/regalate-un-espacio-de-calma-con-el-taller-cuerpo-y-mente\/#primaryimage"},"thumbnailUrl":"https:\/\/fundaciocoravant.org\/wp-content\/uploads\/2026\/04\/Taller-virtual-de-relaxacio-Cos-i-Ment.jpg","articleSection":["Noticias"],"inLanguage":"es"},{"@type":"WebPage","@id":"https:\/\/fundaciocoravant.org\/es\/regalate-un-espacio-de-calma-con-el-taller-cuerpo-y-mente\/","url":"https:\/\/fundaciocoravant.org\/es\/regalate-un-espacio-de-calma-con-el-taller-cuerpo-y-mente\/","name":"Reg\u00e1late un espacio de calma con el taller Cuerpo y Mente - CorAvant","isPartOf":{"@id":"https:\/\/fundaciocoravant.org\/#website"},"primaryImageOfPage":{"@id":"https:\/\/fundaciocoravant.org\/es\/regalate-un-espacio-de-calma-con-el-taller-cuerpo-y-mente\/#primaryimage"},"image":{"@id":"https:\/\/fundaciocoravant.org\/es\/regalate-un-espacio-de-calma-con-el-taller-cuerpo-y-mente\/#primaryimage"},"thumbnailUrl":"https:\/\/fundaciocoravant.org\/wp-content\/uploads\/2026\/04\/Taller-virtual-de-relaxacio-Cos-i-Ment.jpg","datePublished":"2026-04-28T07:22:54+00:00","dateModified":"2026-04-28T07:35:48+00:00","breadcrumb":{"@id":"https:\/\/fundaciocoravant.org\/es\/regalate-un-espacio-de-calma-con-el-taller-cuerpo-y-mente\/#breadcrumb"},"inLanguage":"es","potentialAction":[{"@type":"ReadAction","target":["https:\/\/fundaciocoravant.org\/es\/regalate-un-espacio-de-calma-con-el-taller-cuerpo-y-mente\/"]}]},{"@type":"ImageObject","inLanguage":"es","@id":"https:\/\/fundaciocoravant.org\/es\/regalate-un-espacio-de-calma-con-el-taller-cuerpo-y-mente\/#primaryimage","url":"https:\/\/fundaciocoravant.org\/wp-content\/uploads\/2026\/04\/Taller-virtual-de-relaxacio-Cos-i-Ment.jpg","contentUrl":"https:\/\/fundaciocoravant.org\/wp-content\/uploads\/2026\/04\/Taller-virtual-de-relaxacio-Cos-i-Ment.jpg","width":1000,"height":280,"caption":"Taller virtual de relajaci\u00f3n Cuerpo y Mente"},{"@type":"BreadcrumbList","@id":"https:\/\/fundaciocoravant.org\/es\/regalate-un-espacio-de-calma-con-el-taller-cuerpo-y-mente\/#breadcrumb","itemListElement":[{"@type":"ListItem","position":1,"name":"Home","item":"https:\/\/fundaciocoravant.org\/es\/"},{"@type":"ListItem","position":2,"name":"Reg\u00e1late un espacio de calma con el taller Cuerpo y Mente"}]},{"@type":"WebSite","@id":"https:\/\/fundaciocoravant.org\/#website","url":"https:\/\/fundaciocoravant.org\/","name":"CorAvant","description":"Fundaci\u00f3 de joves i adults amb cardiopatia","publisher":{"@id":"https:\/\/fundaciocoravant.org\/#organization"},"potentialAction":[{"@type":"SearchAction","target":{"@type":"EntryPoint","urlTemplate":"https:\/\/fundaciocoravant.org\/?s={search_term_string}"},"query-input":{"@type":"PropertyValueSpecification","valueRequired":true,"valueName":"search_term_string"}}],"inLanguage":"es"},{"@type":"Organization","@id":"https:\/\/fundaciocoravant.org\/#organization","name":"CorAvant","url":"https:\/\/fundaciocoravant.org\/","logo":{"@type":"ImageObject","inLanguage":"es","@id":"https:\/\/fundaciocoravant.org\/#\/schema\/logo\/image\/","url":"https:\/\/fundaciocoravant.org\/wp-content\/uploads\/2025\/11\/cropped-cropped-LOGO_CORAVANT-15-anys_CASTELLANO.png","contentUrl":"https:\/\/fundaciocoravant.org\/wp-content\/uploads\/2025\/11\/cropped-cropped-LOGO_CORAVANT-15-anys_CASTELLANO.png","width":1404,"height":979,"caption":"CorAvant"},"image":{"@id":"https:\/\/fundaciocoravant.org\/#\/schema\/logo\/image\/"},"sameAs":["https:\/\/www.facebook.com\/coravantaacic","https:\/\/x.com\/coravant","https:\/\/www.instagram.com\/coravantaacic\/","https:\/\/www.youtube.com\/@CorAvantAACIC_cardiopaties","https:\/\/www.linkedin.com\/company\/fundacio-coravant\/"]},{"@type":"Person","@id":"https:\/\/fundaciocoravant.org\/#\/schema\/person\/ddddb79ef964743dfdd6d64da1116530","name":"maria","url":"https:\/\/fundaciocoravant.org\/es\/author\/maria\/"}]}},"_links":{"self":[{"href":"https:\/\/fundaciocoravant.org\/es\/wp-json\/wp\/v2\/posts\/2059","targetHints":{"allow":["GET"]}}],"collection":[{"href":"https:\/\/fundaciocoravant.org\/es\/wp-json\/wp\/v2\/posts"}],"about":[{"href":"https:\/\/fundaciocoravant.org\/es\/wp-json\/wp\/v2\/types\/post"}],"author":[{"embeddable":true,"href":"https:\/\/fundaciocoravant.org\/es\/wp-json\/wp\/v2\/users\/2"}],"replies":[{"embeddable":true,"href":"https:\/\/fundaciocoravant.org\/es\/wp-json\/wp\/v2\/comments?post=2059"}],"version-history":[{"count":2,"href":"https:\/\/fundaciocoravant.org\/es\/wp-json\/wp\/v2\/posts\/2059\/revisions"}],"predecessor-version":[{"id":2062,"href":"https:\/\/fundaciocoravant.org\/es\/wp-json\/wp\/v2\/posts\/2059\/revisions\/2062"}],"wp:featuredmedia":[{"embeddable":true,"href":"https:\/\/fundaciocoravant.org\/es\/wp-json\/wp\/v2\/media\/2058"}],"wp:attachment":[{"href":"https:\/\/fundaciocoravant.org\/es\/wp-json\/wp\/v2\/media?parent=2059"}],"wp:term":[{"taxonomy":"category","embeddable":true,"href":"https:\/\/fundaciocoravant.org\/es\/wp-json\/wp\/v2\/categories?post=2059"},{"taxonomy":"post_tag","embeddable":true,"href":"https:\/\/fundaciocoravant.org\/es\/wp-json\/wp\/v2\/tags?post=2059"}],"curies":[{"name":"wp","href":"https:\/\/api.w.org\/{rel}","templated":true}]}}