{"id":2076,"date":"2026-04-29T08:22:02","date_gmt":"2026-04-29T08:22:02","guid":{"rendered":"https:\/\/fundaciocoravant.org\/coravant-participa-en-la-primera-exposicion-de-buenas-practicas-del-consell-municipal-de-la-discapacitat-de-tarragona\/"},"modified":"2026-04-29T08:25:45","modified_gmt":"2026-04-29T08:25:45","slug":"coravant-participa-en-la-primera-exposicion-de-buenas-practicas-del-consell-municipal-de-la-discapacitat-de-tarragona","status":"publish","type":"post","link":"https:\/\/fundaciocoravant.org\/es\/coravant-participa-en-la-primera-exposicion-de-buenas-practicas-del-consell-municipal-de-la-discapacitat-de-tarragona\/","title":{"rendered":"CorAvant participa en la primera exposici\u00f3n de Buenas pr\u00e1cticas del Consell Municipal de la Discapacitat de Tarragona"},"content":{"rendered":"\n<p>Desde el 20 de abril hasta el 5 de mayo se puede visitar al Port de Tarragona (Refugio 1, sala 2).<\/p>\n\n<p>Esta iniciativa recoge <strong>14 buenas pr\u00e1cticas<\/strong> impulsadas por entidades del <strong>Consell Municipal de la Discapacitat de Tarragona<\/strong>, con el objetivo de visibilizar proyectos reales que promueven la inclusi\u00f3n, el apoyo, la autonom\u00eda y la mejora de la calidad de vida de las personas con discapacidad o problemas de salud, as\u00ed como de su entorno familiar.<\/p>\n\n<p>Los diferentes paneles muestran iniciativas diversas que ponen en el centro las personas, sus derechos y el acompa\u00f1amiento, destacando la importancia del trabajo comunitario y el papel fundamental del tejido asociativo del territorio.<\/p>\n\n<p>Desde la Fundaci\u00f3n CorAvant y la Asociaci\u00f3n de Cardiopat\u00edas Cong\u00e9nitas (AACIC) celebramos formar parte de esta exposici\u00f3n, que da visibilidad a la tarea de las entidades y al compromiso compartido para construir una sociedad m\u00e1s inclusiva.<\/p>\n\n<p>La exposici\u00f3n se puede visitar desde el 20 de abril hasta el 5 de mayo en el Port de Tarragona (Refugio 1, sala 2) y tambi\u00e9n est\u00e1 disponible en formato digital en la p\u00e1gina web del Ajuntament de Tarragona: <a href=\"https:\/\/www.tarragona.cat\/igualtat\/discapacitat\/bones-practiques\" target=\"_blank\" rel=\"noreferrer noopener\">https:\/\/www.tarragona.cat\/igualtat\/discapacitat\/bones-practiques<\/a><\/p>\n\n<p>El Consell Municipal de la Discapacitat de Tarragona es un \u00f3rgano permanente de participaci\u00f3n ciudadana del Ayuntamiento que act\u00faa como espacio de consulta y asesoramiento en materia de discapacidad por una Tarragona m\u00e1s inclusiva, accesible y participativa.<\/p>\n\n<figure class=\"wp-block-image size-large\"><img loading=\"lazy\" decoding=\"async\" width=\"325\" height=\"1024\" src=\"https:\/\/fundaciocoravant.org\/wp-content\/uploads\/2026\/04\/Expo-Bones-practiques-CMD-CorAvant_digital-325x1024.jpg\" alt=\"\" class=\"wp-image-2071\" srcset=\"https:\/\/fundaciocoravant.org\/wp-content\/uploads\/2026\/04\/Expo-Bones-practiques-CMD-CorAvant_digital-325x1024.jpg 325w, https:\/\/fundaciocoravant.org\/wp-content\/uploads\/2026\/04\/Expo-Bones-practiques-CMD-CorAvant_digital-95x300.jpg 95w, https:\/\/fundaciocoravant.org\/wp-content\/uploads\/2026\/04\/Expo-Bones-practiques-CMD-CorAvant_digital-488x1536.jpg 488w, https:\/\/fundaciocoravant.org\/wp-content\/uploads\/2026\/04\/Expo-Bones-practiques-CMD-CorAvant_digital.jpg 635w\" sizes=\"auto, (max-width: 325px) 100vw, 325px\" \/><\/figure>\n","protected":false},"excerpt":{"rendered":"<p>Desde el 20 de abril hasta el 5 de mayo se puede visitar al Port de Tarragona (Refugio 1, sala 2). Esta iniciativa recoge 14 buenas pr\u00e1cticas impulsadas por entidades del Consell Municipal de la Discapacitat de Tarragona, con el objetivo de visibilizar proyectos reales que promueven la inclusi\u00f3n, el apoyo, la autonom\u00eda y la<a href=\"https:\/\/fundaciocoravant.org\/es\/coravant-participa-en-la-primera-exposicion-de-buenas-practicas-del-consell-municipal-de-la-discapacitat-de-tarragona\/\">Continue reading <span class=\"sr-only\">\u00abCorAvant participa en la primera exposici\u00f3n de Buenas pr\u00e1cticas del Consell Municipal de la Discapacitat de Tarragona\u00bb<\/span><\/a><\/p>\n","protected":false},"author":2,"featured_media":2075,"comment_status":"closed","ping_status":"closed","sticky":false,"template":"","format":"standard","meta":{"_acf_changed":false,"give_campaign_id":0,"footnotes":""},"categories":[5],"tags":[],"class_list":["post-2076","post","type-post","status-publish","format-standard","has-post-thumbnail","hentry","category-noticias"],"acf":[],"yoast_head":"<!-- This site is optimized with the Yoast SEO plugin v27.2 - https:\/\/yoast.com\/product\/yoast-seo-wordpress\/ -->\n<title>CorAvant participa en la primera exposici\u00f3n de Buenas pr\u00e1cticas del Consell Municipal de la Discapacitat de Tarragona - CorAvant<\/title>\n<meta name=\"robots\" content=\"index, follow, max-snippet:-1, max-image-preview:large, max-video-preview:-1\" \/>\n<link rel=\"canonical\" href=\"https:\/\/fundaciocoravant.org\/es\/coravant-participa-en-la-primera-exposicion-de-buenas-practicas-del-consell-municipal-de-la-discapacitat-de-tarragona\/\" \/>\n<meta property=\"og:locale\" content=\"es_ES\" \/>\n<meta property=\"og:type\" content=\"article\" \/>\n<meta property=\"og:title\" content=\"CorAvant participa en la primera exposici\u00f3n de Buenas pr\u00e1cticas del Consell Municipal de la Discapacitat de Tarragona - CorAvant\" \/>\n<meta property=\"og:description\" content=\"Desde el 20 de abril hasta el 5 de mayo se puede visitar al Port de Tarragona (Refugio 1, sala 2). Esta iniciativa recoge 14 buenas pr\u00e1cticas impulsadas por entidades del Consell Municipal de la Discapacitat de Tarragona, con el objetivo de visibilizar proyectos reales que promueven la inclusi\u00f3n, el apoyo, la autonom\u00eda y laContinue reading &quot;CorAvant participa en la primera exposici\u00f3n de Buenas pr\u00e1cticas del Consell Municipal de la Discapacitat de Tarragona&quot;\" \/>\n<meta property=\"og:url\" content=\"https:\/\/fundaciocoravant.org\/es\/coravant-participa-en-la-primera-exposicion-de-buenas-practicas-del-consell-municipal-de-la-discapacitat-de-tarragona\/\" \/>\n<meta property=\"og:site_name\" content=\"CorAvant\" \/>\n<meta property=\"article:publisher\" content=\"https:\/\/www.facebook.com\/coravantaacic\" \/>\n<meta property=\"article:published_time\" content=\"2026-04-29T08:22:02+00:00\" \/>\n<meta property=\"article:modified_time\" content=\"2026-04-29T08:25:45+00:00\" \/>\n<meta property=\"og:image\" content=\"https:\/\/fundaciocoravant.org\/wp-content\/uploads\/2026\/04\/Bones-practiques-CorAvant-Consell-Municipal-de-la-Discapacitat-de-Tarragona.jpg\" \/>\n\t<meta property=\"og:image:width\" content=\"1000\" \/>\n\t<meta property=\"og:image:height\" content=\"280\" \/>\n\t<meta property=\"og:image:type\" content=\"image\/jpeg\" \/>\n<meta name=\"author\" content=\"maria\" \/>\n<meta name=\"twitter:card\" content=\"summary_large_image\" \/>\n<meta name=\"twitter:creator\" content=\"@coravant\" \/>\n<meta name=\"twitter:site\" content=\"@coravant\" \/>\n<meta name=\"twitter:label1\" content=\"Escrito por\" \/>\n\t<meta name=\"twitter:data1\" content=\"maria\" \/>\n\t<meta name=\"twitter:label2\" content=\"Tiempo de lectura\" \/>\n\t<meta name=\"twitter:data2\" content=\"1 minuto\" \/>\n<script type=\"application\/ld+json\" class=\"yoast-schema-graph\">{\"@context\":\"https:\/\/schema.org\",\"@graph\":[{\"@type\":\"Article\",\"@id\":\"https:\/\/fundaciocoravant.org\/es\/coravant-participa-en-la-primera-exposicion-de-buenas-practicas-del-consell-municipal-de-la-discapacitat-de-tarragona\/#article\",\"isPartOf\":{\"@id\":\"https:\/\/fundaciocoravant.org\/es\/coravant-participa-en-la-primera-exposicion-de-buenas-practicas-del-consell-municipal-de-la-discapacitat-de-tarragona\/\"},\"author\":{\"name\":\"maria\",\"@id\":\"https:\/\/fundaciocoravant.org\/#\/schema\/person\/ddddb79ef964743dfdd6d64da1116530\"},\"headline\":\"CorAvant participa en la primera exposici\u00f3n de Buenas pr\u00e1cticas del Consell Municipal de la Discapacitat de Tarragona\",\"datePublished\":\"2026-04-29T08:22:02+00:00\",\"dateModified\":\"2026-04-29T08:25:45+00:00\",\"mainEntityOfPage\":{\"@id\":\"https:\/\/fundaciocoravant.org\/es\/coravant-participa-en-la-primera-exposicion-de-buenas-practicas-del-consell-municipal-de-la-discapacitat-de-tarragona\/\"},\"wordCount\":254,\"publisher\":{\"@id\":\"https:\/\/fundaciocoravant.org\/#organization\"},\"image\":{\"@id\":\"https:\/\/fundaciocoravant.org\/es\/coravant-participa-en-la-primera-exposicion-de-buenas-practicas-del-consell-municipal-de-la-discapacitat-de-tarragona\/#primaryimage\"},\"thumbnailUrl\":\"https:\/\/fundaciocoravant.org\/wp-content\/uploads\/2026\/04\/Bones-practiques-CorAvant-Consell-Municipal-de-la-Discapacitat-de-Tarragona.jpg\",\"articleSection\":[\"Noticias\"],\"inLanguage\":\"es\"},{\"@type\":\"WebPage\",\"@id\":\"https:\/\/fundaciocoravant.org\/es\/coravant-participa-en-la-primera-exposicion-de-buenas-practicas-del-consell-municipal-de-la-discapacitat-de-tarragona\/\",\"url\":\"https:\/\/fundaciocoravant.org\/es\/coravant-participa-en-la-primera-exposicion-de-buenas-practicas-del-consell-municipal-de-la-discapacitat-de-tarragona\/\",\"name\":\"CorAvant participa en la primera exposici\u00f3n de Buenas pr\u00e1cticas del Consell Municipal de la Discapacitat de Tarragona - CorAvant\",\"isPartOf\":{\"@id\":\"https:\/\/fundaciocoravant.org\/#website\"},\"primaryImageOfPage\":{\"@id\":\"https:\/\/fundaciocoravant.org\/es\/coravant-participa-en-la-primera-exposicion-de-buenas-practicas-del-consell-municipal-de-la-discapacitat-de-tarragona\/#primaryimage\"},\"image\":{\"@id\":\"https:\/\/fundaciocoravant.org\/es\/coravant-participa-en-la-primera-exposicion-de-buenas-practicas-del-consell-municipal-de-la-discapacitat-de-tarragona\/#primaryimage\"},\"thumbnailUrl\":\"https:\/\/fundaciocoravant.org\/wp-content\/uploads\/2026\/04\/Bones-practiques-CorAvant-Consell-Municipal-de-la-Discapacitat-de-Tarragona.jpg\",\"datePublished\":\"2026-04-29T08:22:02+00:00\",\"dateModified\":\"2026-04-29T08:25:45+00:00\",\"breadcrumb\":{\"@id\":\"https:\/\/fundaciocoravant.org\/es\/coravant-participa-en-la-primera-exposicion-de-buenas-practicas-del-consell-municipal-de-la-discapacitat-de-tarragona\/#breadcrumb\"},\"inLanguage\":\"es\",\"potentialAction\":[{\"@type\":\"ReadAction\",\"target\":[\"https:\/\/fundaciocoravant.org\/es\/coravant-participa-en-la-primera-exposicion-de-buenas-practicas-del-consell-municipal-de-la-discapacitat-de-tarragona\/\"]}]},{\"@type\":\"ImageObject\",\"inLanguage\":\"es\",\"@id\":\"https:\/\/fundaciocoravant.org\/es\/coravant-participa-en-la-primera-exposicion-de-buenas-practicas-del-consell-municipal-de-la-discapacitat-de-tarragona\/#primaryimage\",\"url\":\"https:\/\/fundaciocoravant.org\/wp-content\/uploads\/2026\/04\/Bones-practiques-CorAvant-Consell-Municipal-de-la-Discapacitat-de-Tarragona.jpg\",\"contentUrl\":\"https:\/\/fundaciocoravant.org\/wp-content\/uploads\/2026\/04\/Bones-practiques-CorAvant-Consell-Municipal-de-la-Discapacitat-de-Tarragona.jpg\",\"width\":1000,\"height\":280},{\"@type\":\"BreadcrumbList\",\"@id\":\"https:\/\/fundaciocoravant.org\/es\/coravant-participa-en-la-primera-exposicion-de-buenas-practicas-del-consell-municipal-de-la-discapacitat-de-tarragona\/#breadcrumb\",\"itemListElement\":[{\"@type\":\"ListItem\",\"position\":1,\"name\":\"Home\",\"item\":\"https:\/\/fundaciocoravant.org\/es\/\"},{\"@type\":\"ListItem\",\"position\":2,\"name\":\"CorAvant participa en la primera exposici\u00f3n de Buenas pr\u00e1cticas del Consell Municipal de la Discapacitat de Tarragona\"}]},{\"@type\":\"WebSite\",\"@id\":\"https:\/\/fundaciocoravant.org\/#website\",\"url\":\"https:\/\/fundaciocoravant.org\/\",\"name\":\"CorAvant\",\"description\":\"Fundaci\u00f3 de joves i adults amb cardiopatia\",\"publisher\":{\"@id\":\"https:\/\/fundaciocoravant.org\/#organization\"},\"potentialAction\":[{\"@type\":\"SearchAction\",\"target\":{\"@type\":\"EntryPoint\",\"urlTemplate\":\"https:\/\/fundaciocoravant.org\/?s={search_term_string}\"},\"query-input\":{\"@type\":\"PropertyValueSpecification\",\"valueRequired\":true,\"valueName\":\"search_term_string\"}}],\"inLanguage\":\"es\"},{\"@type\":\"Organization\",\"@id\":\"https:\/\/fundaciocoravant.org\/#organization\",\"name\":\"CorAvant\",\"url\":\"https:\/\/fundaciocoravant.org\/\",\"logo\":{\"@type\":\"ImageObject\",\"inLanguage\":\"es\",\"@id\":\"https:\/\/fundaciocoravant.org\/#\/schema\/logo\/image\/\",\"url\":\"https:\/\/fundaciocoravant.org\/wp-content\/uploads\/2025\/11\/cropped-cropped-LOGO_CORAVANT-15-anys_CASTELLANO.png\",\"contentUrl\":\"https:\/\/fundaciocoravant.org\/wp-content\/uploads\/2025\/11\/cropped-cropped-LOGO_CORAVANT-15-anys_CASTELLANO.png\",\"width\":1404,\"height\":979,\"caption\":\"CorAvant\"},\"image\":{\"@id\":\"https:\/\/fundaciocoravant.org\/#\/schema\/logo\/image\/\"},\"sameAs\":[\"https:\/\/www.facebook.com\/coravantaacic\",\"https:\/\/x.com\/coravant\",\"https:\/\/www.instagram.com\/coravantaacic\/\",\"https:\/\/www.youtube.com\/@CorAvantAACIC_cardiopaties\",\"https:\/\/www.linkedin.com\/company\/fundacio-coravant\/\"]},{\"@type\":\"Person\",\"@id\":\"https:\/\/fundaciocoravant.org\/#\/schema\/person\/ddddb79ef964743dfdd6d64da1116530\",\"name\":\"maria\",\"url\":\"https:\/\/fundaciocoravant.org\/es\/author\/maria\/\"}]}<\/script>\n<!-- \/ Yoast SEO plugin. -->","yoast_head_json":{"title":"CorAvant participa en la primera exposici\u00f3n de Buenas pr\u00e1cticas del Consell Municipal de la Discapacitat de Tarragona - CorAvant","robots":{"index":"index","follow":"follow","max-snippet":"max-snippet:-1","max-image-preview":"max-image-preview:large","max-video-preview":"max-video-preview:-1"},"canonical":"https:\/\/fundaciocoravant.org\/es\/coravant-participa-en-la-primera-exposicion-de-buenas-practicas-del-consell-municipal-de-la-discapacitat-de-tarragona\/","og_locale":"es_ES","og_type":"article","og_title":"CorAvant participa en la primera exposici\u00f3n de Buenas pr\u00e1cticas del Consell Municipal de la Discapacitat de Tarragona - CorAvant","og_description":"Desde el 20 de abril hasta el 5 de mayo se puede visitar al Port de Tarragona (Refugio 1, sala 2). Esta iniciativa recoge 14 buenas pr\u00e1cticas impulsadas por entidades del Consell Municipal de la Discapacitat de Tarragona, con el objetivo de visibilizar proyectos reales que promueven la inclusi\u00f3n, el apoyo, la autonom\u00eda y laContinue reading \"CorAvant participa en la primera exposici\u00f3n de Buenas pr\u00e1cticas del Consell Municipal de la Discapacitat de Tarragona\"","og_url":"https:\/\/fundaciocoravant.org\/es\/coravant-participa-en-la-primera-exposicion-de-buenas-practicas-del-consell-municipal-de-la-discapacitat-de-tarragona\/","og_site_name":"CorAvant","article_publisher":"https:\/\/www.facebook.com\/coravantaacic","article_published_time":"2026-04-29T08:22:02+00:00","article_modified_time":"2026-04-29T08:25:45+00:00","og_image":[{"width":1000,"height":280,"url":"https:\/\/fundaciocoravant.org\/wp-content\/uploads\/2026\/04\/Bones-practiques-CorAvant-Consell-Municipal-de-la-Discapacitat-de-Tarragona.jpg","type":"image\/jpeg"}],"author":"maria","twitter_card":"summary_large_image","twitter_creator":"@coravant","twitter_site":"@coravant","twitter_misc":{"Escrito por":"maria","Tiempo de lectura":"1 minuto"},"schema":{"@context":"https:\/\/schema.org","@graph":[{"@type":"Article","@id":"https:\/\/fundaciocoravant.org\/es\/coravant-participa-en-la-primera-exposicion-de-buenas-practicas-del-consell-municipal-de-la-discapacitat-de-tarragona\/#article","isPartOf":{"@id":"https:\/\/fundaciocoravant.org\/es\/coravant-participa-en-la-primera-exposicion-de-buenas-practicas-del-consell-municipal-de-la-discapacitat-de-tarragona\/"},"author":{"name":"maria","@id":"https:\/\/fundaciocoravant.org\/#\/schema\/person\/ddddb79ef964743dfdd6d64da1116530"},"headline":"CorAvant participa en la primera exposici\u00f3n de Buenas pr\u00e1cticas del Consell Municipal de la Discapacitat de Tarragona","datePublished":"2026-04-29T08:22:02+00:00","dateModified":"2026-04-29T08:25:45+00:00","mainEntityOfPage":{"@id":"https:\/\/fundaciocoravant.org\/es\/coravant-participa-en-la-primera-exposicion-de-buenas-practicas-del-consell-municipal-de-la-discapacitat-de-tarragona\/"},"wordCount":254,"publisher":{"@id":"https:\/\/fundaciocoravant.org\/#organization"},"image":{"@id":"https:\/\/fundaciocoravant.org\/es\/coravant-participa-en-la-primera-exposicion-de-buenas-practicas-del-consell-municipal-de-la-discapacitat-de-tarragona\/#primaryimage"},"thumbnailUrl":"https:\/\/fundaciocoravant.org\/wp-content\/uploads\/2026\/04\/Bones-practiques-CorAvant-Consell-Municipal-de-la-Discapacitat-de-Tarragona.jpg","articleSection":["Noticias"],"inLanguage":"es"},{"@type":"WebPage","@id":"https:\/\/fundaciocoravant.org\/es\/coravant-participa-en-la-primera-exposicion-de-buenas-practicas-del-consell-municipal-de-la-discapacitat-de-tarragona\/","url":"https:\/\/fundaciocoravant.org\/es\/coravant-participa-en-la-primera-exposicion-de-buenas-practicas-del-consell-municipal-de-la-discapacitat-de-tarragona\/","name":"CorAvant participa en la primera exposici\u00f3n de Buenas pr\u00e1cticas del Consell Municipal de la Discapacitat de Tarragona - CorAvant","isPartOf":{"@id":"https:\/\/fundaciocoravant.org\/#website"},"primaryImageOfPage":{"@id":"https:\/\/fundaciocoravant.org\/es\/coravant-participa-en-la-primera-exposicion-de-buenas-practicas-del-consell-municipal-de-la-discapacitat-de-tarragona\/#primaryimage"},"image":{"@id":"https:\/\/fundaciocoravant.org\/es\/coravant-participa-en-la-primera-exposicion-de-buenas-practicas-del-consell-municipal-de-la-discapacitat-de-tarragona\/#primaryimage"},"thumbnailUrl":"https:\/\/fundaciocoravant.org\/wp-content\/uploads\/2026\/04\/Bones-practiques-CorAvant-Consell-Municipal-de-la-Discapacitat-de-Tarragona.jpg","datePublished":"2026-04-29T08:22:02+00:00","dateModified":"2026-04-29T08:25:45+00:00","breadcrumb":{"@id":"https:\/\/fundaciocoravant.org\/es\/coravant-participa-en-la-primera-exposicion-de-buenas-practicas-del-consell-municipal-de-la-discapacitat-de-tarragona\/#breadcrumb"},"inLanguage":"es","potentialAction":[{"@type":"ReadAction","target":["https:\/\/fundaciocoravant.org\/es\/coravant-participa-en-la-primera-exposicion-de-buenas-practicas-del-consell-municipal-de-la-discapacitat-de-tarragona\/"]}]},{"@type":"ImageObject","inLanguage":"es","@id":"https:\/\/fundaciocoravant.org\/es\/coravant-participa-en-la-primera-exposicion-de-buenas-practicas-del-consell-municipal-de-la-discapacitat-de-tarragona\/#primaryimage","url":"https:\/\/fundaciocoravant.org\/wp-content\/uploads\/2026\/04\/Bones-practiques-CorAvant-Consell-Municipal-de-la-Discapacitat-de-Tarragona.jpg","contentUrl":"https:\/\/fundaciocoravant.org\/wp-content\/uploads\/2026\/04\/Bones-practiques-CorAvant-Consell-Municipal-de-la-Discapacitat-de-Tarragona.jpg","width":1000,"height":280},{"@type":"BreadcrumbList","@id":"https:\/\/fundaciocoravant.org\/es\/coravant-participa-en-la-primera-exposicion-de-buenas-practicas-del-consell-municipal-de-la-discapacitat-de-tarragona\/#breadcrumb","itemListElement":[{"@type":"ListItem","position":1,"name":"Home","item":"https:\/\/fundaciocoravant.org\/es\/"},{"@type":"ListItem","position":2,"name":"CorAvant participa en la primera exposici\u00f3n de Buenas pr\u00e1cticas del Consell Municipal de la Discapacitat de Tarragona"}]},{"@type":"WebSite","@id":"https:\/\/fundaciocoravant.org\/#website","url":"https:\/\/fundaciocoravant.org\/","name":"CorAvant","description":"Fundaci\u00f3 de joves i adults amb cardiopatia","publisher":{"@id":"https:\/\/fundaciocoravant.org\/#organization"},"potentialAction":[{"@type":"SearchAction","target":{"@type":"EntryPoint","urlTemplate":"https:\/\/fundaciocoravant.org\/?s={search_term_string}"},"query-input":{"@type":"PropertyValueSpecification","valueRequired":true,"valueName":"search_term_string"}}],"inLanguage":"es"},{"@type":"Organization","@id":"https:\/\/fundaciocoravant.org\/#organization","name":"CorAvant","url":"https:\/\/fundaciocoravant.org\/","logo":{"@type":"ImageObject","inLanguage":"es","@id":"https:\/\/fundaciocoravant.org\/#\/schema\/logo\/image\/","url":"https:\/\/fundaciocoravant.org\/wp-content\/uploads\/2025\/11\/cropped-cropped-LOGO_CORAVANT-15-anys_CASTELLANO.png","contentUrl":"https:\/\/fundaciocoravant.org\/wp-content\/uploads\/2025\/11\/cropped-cropped-LOGO_CORAVANT-15-anys_CASTELLANO.png","width":1404,"height":979,"caption":"CorAvant"},"image":{"@id":"https:\/\/fundaciocoravant.org\/#\/schema\/logo\/image\/"},"sameAs":["https:\/\/www.facebook.com\/coravantaacic","https:\/\/x.com\/coravant","https:\/\/www.instagram.com\/coravantaacic\/","https:\/\/www.youtube.com\/@CorAvantAACIC_cardiopaties","https:\/\/www.linkedin.com\/company\/fundacio-coravant\/"]},{"@type":"Person","@id":"https:\/\/fundaciocoravant.org\/#\/schema\/person\/ddddb79ef964743dfdd6d64da1116530","name":"maria","url":"https:\/\/fundaciocoravant.org\/es\/author\/maria\/"}]}},"_links":{"self":[{"href":"https:\/\/fundaciocoravant.org\/es\/wp-json\/wp\/v2\/posts\/2076","targetHints":{"allow":["GET"]}}],"collection":[{"href":"https:\/\/fundaciocoravant.org\/es\/wp-json\/wp\/v2\/posts"}],"about":[{"href":"https:\/\/fundaciocoravant.org\/es\/wp-json\/wp\/v2\/types\/post"}],"author":[{"embeddable":true,"href":"https:\/\/fundaciocoravant.org\/es\/wp-json\/wp\/v2\/users\/2"}],"replies":[{"embeddable":true,"href":"https:\/\/fundaciocoravant.org\/es\/wp-json\/wp\/v2\/comments?post=2076"}],"version-history":[{"count":3,"href":"https:\/\/fundaciocoravant.org\/es\/wp-json\/wp\/v2\/posts\/2076\/revisions"}],"predecessor-version":[{"id":2079,"href":"https:\/\/fundaciocoravant.org\/es\/wp-json\/wp\/v2\/posts\/2076\/revisions\/2079"}],"wp:featuredmedia":[{"embeddable":true,"href":"https:\/\/fundaciocoravant.org\/es\/wp-json\/wp\/v2\/media\/2075"}],"wp:attachment":[{"href":"https:\/\/fundaciocoravant.org\/es\/wp-json\/wp\/v2\/media?parent=2076"}],"wp:term":[{"taxonomy":"category","embeddable":true,"href":"https:\/\/fundaciocoravant.org\/es\/wp-json\/wp\/v2\/categories?post=2076"},{"taxonomy":"post_tag","embeddable":true,"href":"https:\/\/fundaciocoravant.org\/es\/wp-json\/wp\/v2\/tags?post=2076"}],"curies":[{"name":"wp","href":"https:\/\/api.w.org\/{rel}","templated":true}]}}